{"id":6872,"date":"2026-03-09T10:21:11","date_gmt":"2026-03-09T09:21:11","guid":{"rendered":"https:\/\/tus.eschringen.de\/wordpress\/?p=6872"},"modified":"2026-03-09T10:21:15","modified_gmt":"2026-03-09T09:21:15","slug":"den-tabellenfuehrer-nur-aergern-koennen","status":"publish","type":"post","link":"https:\/\/tus.eschringen.de\/wordpress\/den-tabellenfuehrer-nur-aergern-koennen\/","title":{"rendered":"Den Tabellenf\u00fchrer nur \u00e4rgern k\u00f6nnen"},"content":{"rendered":"\n<p>Bei gen\u00fcgend Punkten w\u00e4re eine knappe Niederlage beim Tabellenf\u00fchrer verschmerzbar, so ist es ein Achtungserfolg ohne Z\u00e4hlbares.<\/p>\n\n\n\n<p>Dennoch sollte das Ergebnis Mut machen, denn es zeigt, dass man soweit nicht weg ist.<\/p>\n\n\n\n<p>Bleibt dran Jungs, dann bringt der Rest der Saison auch noch Siege.<\/p>\n","protected":false},"excerpt":{"rendered":"<p>Bei gen\u00fcgend Punkten w\u00e4re eine knappe Niederlage beim Tabellenf\u00fchrer verschmerzbar, so ist es ein Achtungserfolg ohne Z\u00e4hlbares. Dennoch sollte das Ergebnis Mut machen, denn es zeigt, dass man soweit nicht weg ist. Bleibt dran Jungs, dann bringt der Rest der Saison auch noch Siege.<\/p>\n","protected":false},"author":1,"featured_media":6873,"comment_status":"closed","ping_status":"open","sticky":false,"template":"","format":"standard","meta":{"generate_page_header":"","_jetpack_memberships_contains_paid_content":false,"footnotes":""},"categories":[1],"tags":[],"class_list":["post-6872","post","type-post","status-publish","format-standard","has-post-thumbnail","hentry","category-allgemein"],"yoast_head":"<!-- This site is optimized with the Yoast SEO plugin v27.4 - https:\/\/yoast.com\/product\/yoast-seo-wordpress\/ -->\n<title>Den Tabellenf\u00fchrer nur \u00e4rgern k\u00f6nnen - TuS Eschringen<\/title>\n<meta name=\"robots\" content=\"index, follow, max-snippet:-1, max-image-preview:large, max-video-preview:-1\" \/>\n<link rel=\"canonical\" href=\"https:\/\/tus.eschringen.de\/wordpress\/den-tabellenfuehrer-nur-aergern-koennen\/\" \/>\n<meta property=\"og:locale\" content=\"de_DE\" \/>\n<meta property=\"og:type\" content=\"article\" \/>\n<meta property=\"og:title\" content=\"Den Tabellenf\u00fchrer nur \u00e4rgern k\u00f6nnen - TuS Eschringen\" \/>\n<meta property=\"og:description\" content=\"Bei gen\u00fcgend Punkten w\u00e4re eine knappe Niederlage beim Tabellenf\u00fchrer verschmerzbar, so ist es ein Achtungserfolg ohne Z\u00e4hlbares. Dennoch sollte das Ergebnis Mut machen, denn es zeigt, dass man soweit nicht weg ist. Bleibt dran Jungs, dann bringt der Rest der Saison auch noch Siege.\" \/>\n<meta property=\"og:url\" content=\"https:\/\/tus.eschringen.de\/wordpress\/den-tabellenfuehrer-nur-aergern-koennen\/\" \/>\n<meta property=\"og:site_name\" content=\"TuS Eschringen\" \/>\n<meta property=\"article:publisher\" content=\"https:\/\/www.facebook.com\/TuS.Eschringen\/\" \/>\n<meta property=\"article:published_time\" content=\"2026-03-09T09:21:11+00:00\" \/>\n<meta property=\"article:modified_time\" content=\"2026-03-09T09:21:15+00:00\" \/>\n<meta property=\"og:image\" content=\"https:\/\/tus.eschringen.de\/wordpress\/wp-content\/uploads\/2026\/03\/Story-TuS-I-1.png\" \/>\n\t<meta property=\"og:image:width\" content=\"1080\" \/>\n\t<meta property=\"og:image:height\" content=\"1080\" \/>\n\t<meta property=\"og:image:type\" content=\"image\/png\" \/>\n<meta name=\"author\" content=\"Stefan Vogelgesang\" \/>\n<meta name=\"twitter:card\" content=\"summary_large_image\" \/>\n<meta name=\"twitter:label1\" content=\"Verfasst von\" \/>\n\t<meta name=\"twitter:data1\" content=\"Stefan Vogelgesang\" \/>\n\t<meta name=\"twitter:label2\" content=\"Gesch\u00e4tzte Lesezeit\" \/>\n\t<meta name=\"twitter:data2\" content=\"1\u00a0Minute\" \/>\n<script type=\"application\/ld+json\" class=\"yoast-schema-graph\">{\"@context\":\"https:\\\/\\\/schema.org\",\"@graph\":[{\"@type\":\"Article\",\"@id\":\"https:\\\/\\\/tus.eschringen.de\\\/wordpress\\\/den-tabellenfuehrer-nur-aergern-koennen\\\/#article\",\"isPartOf\":{\"@id\":\"https:\\\/\\\/tus.eschringen.de\\\/wordpress\\\/den-tabellenfuehrer-nur-aergern-koennen\\\/\"},\"author\":{\"name\":\"Stefan Vogelgesang\",\"@id\":\"https:\\\/\\\/tus.eschringen.de\\\/wordpress\\\/#\\\/schema\\\/person\\\/40135b2a56d1e361a2ad54242e8338a1\"},\"headline\":\"Den Tabellenf\u00fchrer nur \u00e4rgern k\u00f6nnen\",\"datePublished\":\"2026-03-09T09:21:11+00:00\",\"dateModified\":\"2026-03-09T09:21:15+00:00\",\"mainEntityOfPage\":{\"@id\":\"https:\\\/\\\/tus.eschringen.de\\\/wordpress\\\/den-tabellenfuehrer-nur-aergern-koennen\\\/\"},\"wordCount\":55,\"publisher\":{\"@id\":\"https:\\\/\\\/tus.eschringen.de\\\/wordpress\\\/#organization\"},\"image\":{\"@id\":\"https:\\\/\\\/tus.eschringen.de\\\/wordpress\\\/den-tabellenfuehrer-nur-aergern-koennen\\\/#primaryimage\"},\"thumbnailUrl\":\"https:\\\/\\\/i0.wp.com\\\/tus.eschringen.de\\\/wordpress\\\/wp-content\\\/uploads\\\/2026\\\/03\\\/Story-TuS-I-1.png?fit=1080%2C1080&ssl=1\",\"inLanguage\":\"de\"},{\"@type\":\"WebPage\",\"@id\":\"https:\\\/\\\/tus.eschringen.de\\\/wordpress\\\/den-tabellenfuehrer-nur-aergern-koennen\\\/\",\"url\":\"https:\\\/\\\/tus.eschringen.de\\\/wordpress\\\/den-tabellenfuehrer-nur-aergern-koennen\\\/\",\"name\":\"Den Tabellenf\u00fchrer nur \u00e4rgern k\u00f6nnen - TuS Eschringen\",\"isPartOf\":{\"@id\":\"https:\\\/\\\/tus.eschringen.de\\\/wordpress\\\/#website\"},\"primaryImageOfPage\":{\"@id\":\"https:\\\/\\\/tus.eschringen.de\\\/wordpress\\\/den-tabellenfuehrer-nur-aergern-koennen\\\/#primaryimage\"},\"image\":{\"@id\":\"https:\\\/\\\/tus.eschringen.de\\\/wordpress\\\/den-tabellenfuehrer-nur-aergern-koennen\\\/#primaryimage\"},\"thumbnailUrl\":\"https:\\\/\\\/i0.wp.com\\\/tus.eschringen.de\\\/wordpress\\\/wp-content\\\/uploads\\\/2026\\\/03\\\/Story-TuS-I-1.png?fit=1080%2C1080&ssl=1\",\"datePublished\":\"2026-03-09T09:21:11+00:00\",\"dateModified\":\"2026-03-09T09:21:15+00:00\",\"breadcrumb\":{\"@id\":\"https:\\\/\\\/tus.eschringen.de\\\/wordpress\\\/den-tabellenfuehrer-nur-aergern-koennen\\\/#breadcrumb\"},\"inLanguage\":\"de\",\"potentialAction\":[{\"@type\":\"ReadAction\",\"target\":[\"https:\\\/\\\/tus.eschringen.de\\\/wordpress\\\/den-tabellenfuehrer-nur-aergern-koennen\\\/\"]}]},{\"@type\":\"ImageObject\",\"inLanguage\":\"de\",\"@id\":\"https:\\\/\\\/tus.eschringen.de\\\/wordpress\\\/den-tabellenfuehrer-nur-aergern-koennen\\\/#primaryimage\",\"url\":\"https:\\\/\\\/i0.wp.com\\\/tus.eschringen.de\\\/wordpress\\\/wp-content\\\/uploads\\\/2026\\\/03\\\/Story-TuS-I-1.png?fit=1080%2C1080&ssl=1\",\"contentUrl\":\"https:\\\/\\\/i0.wp.com\\\/tus.eschringen.de\\\/wordpress\\\/wp-content\\\/uploads\\\/2026\\\/03\\\/Story-TuS-I-1.png?fit=1080%2C1080&ssl=1\",\"width\":1080,\"height\":1080},{\"@type\":\"BreadcrumbList\",\"@id\":\"https:\\\/\\\/tus.eschringen.de\\\/wordpress\\\/den-tabellenfuehrer-nur-aergern-koennen\\\/#breadcrumb\",\"itemListElement\":[{\"@type\":\"ListItem\",\"position\":1,\"name\":\"Startseite\",\"item\":\"https:\\\/\\\/tus.eschringen.de\\\/wordpress\\\/\"},{\"@type\":\"ListItem\",\"position\":2,\"name\":\"Den Tabellenf\u00fchrer nur \u00e4rgern k\u00f6nnen\"}]},{\"@type\":\"WebSite\",\"@id\":\"https:\\\/\\\/tus.eschringen.de\\\/wordpress\\\/#website\",\"url\":\"https:\\\/\\\/tus.eschringen.de\\\/wordpress\\\/\",\"name\":\"TuS Eschringen\",\"description\":\"\",\"publisher\":{\"@id\":\"https:\\\/\\\/tus.eschringen.de\\\/wordpress\\\/#organization\"},\"potentialAction\":[{\"@type\":\"SearchAction\",\"target\":{\"@type\":\"EntryPoint\",\"urlTemplate\":\"https:\\\/\\\/tus.eschringen.de\\\/wordpress\\\/?s={search_term_string}\"},\"query-input\":{\"@type\":\"PropertyValueSpecification\",\"valueRequired\":true,\"valueName\":\"search_term_string\"}}],\"inLanguage\":\"de\"},{\"@type\":\"Organization\",\"@id\":\"https:\\\/\\\/tus.eschringen.de\\\/wordpress\\\/#organization\",\"name\":\"TuS Eschringen\",\"url\":\"https:\\\/\\\/tus.eschringen.de\\\/wordpress\\\/\",\"logo\":{\"@type\":\"ImageObject\",\"inLanguage\":\"de\",\"@id\":\"https:\\\/\\\/tus.eschringen.de\\\/wordpress\\\/#\\\/schema\\\/logo\\\/image\\\/\",\"url\":\"https:\\\/\\\/i0.wp.com\\\/tus.eschringen.de\\\/wordpress\\\/wp-content\\\/uploads\\\/2025\\\/07\\\/Web_kopf.jpg?fit=1260%2C240&ssl=1\",\"contentUrl\":\"https:\\\/\\\/i0.wp.com\\\/tus.eschringen.de\\\/wordpress\\\/wp-content\\\/uploads\\\/2025\\\/07\\\/Web_kopf.jpg?fit=1260%2C240&ssl=1\",\"width\":1260,\"height\":240,\"caption\":\"TuS Eschringen\"},\"image\":{\"@id\":\"https:\\\/\\\/tus.eschringen.de\\\/wordpress\\\/#\\\/schema\\\/logo\\\/image\\\/\"},\"sameAs\":[\"https:\\\/\\\/www.facebook.com\\\/TuS.Eschringen\\\/\",\"https:\\\/\\\/www.instagram.com\\\/tus.eschringen\\\/\"]},{\"@type\":\"Person\",\"@id\":\"https:\\\/\\\/tus.eschringen.de\\\/wordpress\\\/#\\\/schema\\\/person\\\/40135b2a56d1e361a2ad54242e8338a1\",\"name\":\"Stefan Vogelgesang\",\"image\":{\"@type\":\"ImageObject\",\"inLanguage\":\"de\",\"@id\":\"https:\\\/\\\/secure.gravatar.com\\\/avatar\\\/5633e4c0de8771818b0e2f3c72ef14f79d7bfd1aa794c0c5b5c7e17fe9ee3caa?s=96&d=mm&r=g\",\"url\":\"https:\\\/\\\/secure.gravatar.com\\\/avatar\\\/5633e4c0de8771818b0e2f3c72ef14f79d7bfd1aa794c0c5b5c7e17fe9ee3caa?s=96&d=mm&r=g\",\"contentUrl\":\"https:\\\/\\\/secure.gravatar.com\\\/avatar\\\/5633e4c0de8771818b0e2f3c72ef14f79d7bfd1aa794c0c5b5c7e17fe9ee3caa?s=96&d=mm&r=g\",\"caption\":\"Stefan Vogelgesang\"},\"url\":\"https:\\\/\\\/tus.eschringen.de\\\/wordpress\\\/author\\\/stefan-vogelgesang\\\/\"}]}<\/script>\n<!-- \/ Yoast SEO plugin. -->","yoast_head_json":{"title":"Den Tabellenf\u00fchrer nur \u00e4rgern k\u00f6nnen - TuS Eschringen","robots":{"index":"index","follow":"follow","max-snippet":"max-snippet:-1","max-image-preview":"max-image-preview:large","max-video-preview":"max-video-preview:-1"},"canonical":"https:\/\/tus.eschringen.de\/wordpress\/den-tabellenfuehrer-nur-aergern-koennen\/","og_locale":"de_DE","og_type":"article","og_title":"Den Tabellenf\u00fchrer nur \u00e4rgern k\u00f6nnen - TuS Eschringen","og_description":"Bei gen\u00fcgend Punkten w\u00e4re eine knappe Niederlage beim Tabellenf\u00fchrer verschmerzbar, so ist es ein Achtungserfolg ohne Z\u00e4hlbares. Dennoch sollte das Ergebnis Mut machen, denn es zeigt, dass man soweit nicht weg ist. Bleibt dran Jungs, dann bringt der Rest der Saison auch noch Siege.","og_url":"https:\/\/tus.eschringen.de\/wordpress\/den-tabellenfuehrer-nur-aergern-koennen\/","og_site_name":"TuS Eschringen","article_publisher":"https:\/\/www.facebook.com\/TuS.Eschringen\/","article_published_time":"2026-03-09T09:21:11+00:00","article_modified_time":"2026-03-09T09:21:15+00:00","og_image":[{"width":1080,"height":1080,"url":"https:\/\/tus.eschringen.de\/wordpress\/wp-content\/uploads\/2026\/03\/Story-TuS-I-1.png","type":"image\/png"}],"author":"Stefan Vogelgesang","twitter_card":"summary_large_image","twitter_misc":{"Verfasst von":"Stefan Vogelgesang","Gesch\u00e4tzte Lesezeit":"1\u00a0Minute"},"schema":{"@context":"https:\/\/schema.org","@graph":[{"@type":"Article","@id":"https:\/\/tus.eschringen.de\/wordpress\/den-tabellenfuehrer-nur-aergern-koennen\/#article","isPartOf":{"@id":"https:\/\/tus.eschringen.de\/wordpress\/den-tabellenfuehrer-nur-aergern-koennen\/"},"author":{"name":"Stefan Vogelgesang","@id":"https:\/\/tus.eschringen.de\/wordpress\/#\/schema\/person\/40135b2a56d1e361a2ad54242e8338a1"},"headline":"Den Tabellenf\u00fchrer nur \u00e4rgern k\u00f6nnen","datePublished":"2026-03-09T09:21:11+00:00","dateModified":"2026-03-09T09:21:15+00:00","mainEntityOfPage":{"@id":"https:\/\/tus.eschringen.de\/wordpress\/den-tabellenfuehrer-nur-aergern-koennen\/"},"wordCount":55,"publisher":{"@id":"https:\/\/tus.eschringen.de\/wordpress\/#organization"},"image":{"@id":"https:\/\/tus.eschringen.de\/wordpress\/den-tabellenfuehrer-nur-aergern-koennen\/#primaryimage"},"thumbnailUrl":"https:\/\/i0.wp.com\/tus.eschringen.de\/wordpress\/wp-content\/uploads\/2026\/03\/Story-TuS-I-1.png?fit=1080%2C1080&ssl=1","inLanguage":"de"},{"@type":"WebPage","@id":"https:\/\/tus.eschringen.de\/wordpress\/den-tabellenfuehrer-nur-aergern-koennen\/","url":"https:\/\/tus.eschringen.de\/wordpress\/den-tabellenfuehrer-nur-aergern-koennen\/","name":"Den Tabellenf\u00fchrer nur \u00e4rgern k\u00f6nnen - TuS Eschringen","isPartOf":{"@id":"https:\/\/tus.eschringen.de\/wordpress\/#website"},"primaryImageOfPage":{"@id":"https:\/\/tus.eschringen.de\/wordpress\/den-tabellenfuehrer-nur-aergern-koennen\/#primaryimage"},"image":{"@id":"https:\/\/tus.eschringen.de\/wordpress\/den-tabellenfuehrer-nur-aergern-koennen\/#primaryimage"},"thumbnailUrl":"https:\/\/i0.wp.com\/tus.eschringen.de\/wordpress\/wp-content\/uploads\/2026\/03\/Story-TuS-I-1.png?fit=1080%2C1080&ssl=1","datePublished":"2026-03-09T09:21:11+00:00","dateModified":"2026-03-09T09:21:15+00:00","breadcrumb":{"@id":"https:\/\/tus.eschringen.de\/wordpress\/den-tabellenfuehrer-nur-aergern-koennen\/#breadcrumb"},"inLanguage":"de","potentialAction":[{"@type":"ReadAction","target":["https:\/\/tus.eschringen.de\/wordpress\/den-tabellenfuehrer-nur-aergern-koennen\/"]}]},{"@type":"ImageObject","inLanguage":"de","@id":"https:\/\/tus.eschringen.de\/wordpress\/den-tabellenfuehrer-nur-aergern-koennen\/#primaryimage","url":"https:\/\/i0.wp.com\/tus.eschringen.de\/wordpress\/wp-content\/uploads\/2026\/03\/Story-TuS-I-1.png?fit=1080%2C1080&ssl=1","contentUrl":"https:\/\/i0.wp.com\/tus.eschringen.de\/wordpress\/wp-content\/uploads\/2026\/03\/Story-TuS-I-1.png?fit=1080%2C1080&ssl=1","width":1080,"height":1080},{"@type":"BreadcrumbList","@id":"https:\/\/tus.eschringen.de\/wordpress\/den-tabellenfuehrer-nur-aergern-koennen\/#breadcrumb","itemListElement":[{"@type":"ListItem","position":1,"name":"Startseite","item":"https:\/\/tus.eschringen.de\/wordpress\/"},{"@type":"ListItem","position":2,"name":"Den Tabellenf\u00fchrer nur \u00e4rgern k\u00f6nnen"}]},{"@type":"WebSite","@id":"https:\/\/tus.eschringen.de\/wordpress\/#website","url":"https:\/\/tus.eschringen.de\/wordpress\/","name":"TuS Eschringen","description":"","publisher":{"@id":"https:\/\/tus.eschringen.de\/wordpress\/#organization"},"potentialAction":[{"@type":"SearchAction","target":{"@type":"EntryPoint","urlTemplate":"https:\/\/tus.eschringen.de\/wordpress\/?s={search_term_string}"},"query-input":{"@type":"PropertyValueSpecification","valueRequired":true,"valueName":"search_term_string"}}],"inLanguage":"de"},{"@type":"Organization","@id":"https:\/\/tus.eschringen.de\/wordpress\/#organization","name":"TuS Eschringen","url":"https:\/\/tus.eschringen.de\/wordpress\/","logo":{"@type":"ImageObject","inLanguage":"de","@id":"https:\/\/tus.eschringen.de\/wordpress\/#\/schema\/logo\/image\/","url":"https:\/\/i0.wp.com\/tus.eschringen.de\/wordpress\/wp-content\/uploads\/2025\/07\/Web_kopf.jpg?fit=1260%2C240&ssl=1","contentUrl":"https:\/\/i0.wp.com\/tus.eschringen.de\/wordpress\/wp-content\/uploads\/2025\/07\/Web_kopf.jpg?fit=1260%2C240&ssl=1","width":1260,"height":240,"caption":"TuS Eschringen"},"image":{"@id":"https:\/\/tus.eschringen.de\/wordpress\/#\/schema\/logo\/image\/"},"sameAs":["https:\/\/www.facebook.com\/TuS.Eschringen\/","https:\/\/www.instagram.com\/tus.eschringen\/"]},{"@type":"Person","@id":"https:\/\/tus.eschringen.de\/wordpress\/#\/schema\/person\/40135b2a56d1e361a2ad54242e8338a1","name":"Stefan Vogelgesang","image":{"@type":"ImageObject","inLanguage":"de","@id":"https:\/\/secure.gravatar.com\/avatar\/5633e4c0de8771818b0e2f3c72ef14f79d7bfd1aa794c0c5b5c7e17fe9ee3caa?s=96&d=mm&r=g","url":"https:\/\/secure.gravatar.com\/avatar\/5633e4c0de8771818b0e2f3c72ef14f79d7bfd1aa794c0c5b5c7e17fe9ee3caa?s=96&d=mm&r=g","contentUrl":"https:\/\/secure.gravatar.com\/avatar\/5633e4c0de8771818b0e2f3c72ef14f79d7bfd1aa794c0c5b5c7e17fe9ee3caa?s=96&d=mm&r=g","caption":"Stefan Vogelgesang"},"url":"https:\/\/tus.eschringen.de\/wordpress\/author\/stefan-vogelgesang\/"}]}},"jetpack_featured_media_url":"https:\/\/i0.wp.com\/tus.eschringen.de\/wordpress\/wp-content\/uploads\/2026\/03\/Story-TuS-I-1.png?fit=1080%2C1080&ssl=1","jetpack_sharing_enabled":true,"_links":{"self":[{"href":"https:\/\/tus.eschringen.de\/wordpress\/wp-json\/wp\/v2\/posts\/6872","targetHints":{"allow":["GET"]}}],"collection":[{"href":"https:\/\/tus.eschringen.de\/wordpress\/wp-json\/wp\/v2\/posts"}],"about":[{"href":"https:\/\/tus.eschringen.de\/wordpress\/wp-json\/wp\/v2\/types\/post"}],"author":[{"embeddable":true,"href":"https:\/\/tus.eschringen.de\/wordpress\/wp-json\/wp\/v2\/users\/1"}],"replies":[{"embeddable":true,"href":"https:\/\/tus.eschringen.de\/wordpress\/wp-json\/wp\/v2\/comments?post=6872"}],"version-history":[{"count":1,"href":"https:\/\/tus.eschringen.de\/wordpress\/wp-json\/wp\/v2\/posts\/6872\/revisions"}],"predecessor-version":[{"id":6874,"href":"https:\/\/tus.eschringen.de\/wordpress\/wp-json\/wp\/v2\/posts\/6872\/revisions\/6874"}],"wp:featuredmedia":[{"embeddable":true,"href":"https:\/\/tus.eschringen.de\/wordpress\/wp-json\/wp\/v2\/media\/6873"}],"wp:attachment":[{"href":"https:\/\/tus.eschringen.de\/wordpress\/wp-json\/wp\/v2\/media?parent=6872"}],"wp:term":[{"taxonomy":"category","embeddable":true,"href":"https:\/\/tus.eschringen.de\/wordpress\/wp-json\/wp\/v2\/categories?post=6872"},{"taxonomy":"post_tag","embeddable":true,"href":"https:\/\/tus.eschringen.de\/wordpress\/wp-json\/wp\/v2\/tags?post=6872"}],"curies":[{"name":"wp","href":"https:\/\/api.w.org\/{rel}","templated":true}]}}