{"id":6760,"date":"2026-01-20T20:10:46","date_gmt":"2026-01-20T19:10:46","guid":{"rendered":"https:\/\/tus.eschringen.de\/wordpress\/?p=6760"},"modified":"2026-01-22T22:49:35","modified_gmt":"2026-01-22T21:49:35","slug":"vier-neue-fuer-die-rueckrunde","status":"publish","type":"post","link":"https:\/\/tus.eschringen.de\/wordpress\/vier-neue-fuer-die-rueckrunde\/","title":{"rendered":"Vier Neue f\u00fcr die R\u00fcckrunde"},"content":{"rendered":"\n<h1 class=\"wp-block-heading\">Vier Neue f\u00fcr die R\u00fcckrunde<\/h1>\n\n\n\n<p>Mit Tobias und Jonas Gerhard kehren zwei bekannte Gesichter zur\u00fcck zum TuS. Beide waren am Aufstieg 2023\/24 beteiligt.<\/p>\n\n\n\n<p>Marius Racolta kommt vom SV Scheidt und wird unseren Sturm verst\u00e4rken.<\/p>\n\n\n\n<p>Ebenfalls im Sturm werden wir Ermin Alibasic (kommt aus Nantes und ist beruflich hier her gezogen) finden.<\/p>\n\n\n\n<p>Wir w\u00fcnschen allen eine erfolgreiche Zeit bei unserem TuS.<\/p>\n","protected":false},"excerpt":{"rendered":"<p>Vier Neue f\u00fcr die R\u00fcckrunde Mit Tobias und Jonas Gerhard kehren zwei bekannte Gesichter zur\u00fcck zum TuS. Beide waren am Aufstieg 2023\/24 beteiligt. Marius Racolta kommt vom SV Scheidt und wird unseren Sturm verst\u00e4rken. Ebenfalls im Sturm werden wir Ermin Alibasic (kommt aus Nantes und ist beruflich hier her gezogen) finden. Wir w\u00fcnschen allen eine &#8230; <\/p>\n<p class=\"read-more-container\"><a title=\"Vier Neue f\u00fcr die R\u00fcckrunde\" class=\"read-more button\" href=\"https:\/\/tus.eschringen.de\/wordpress\/vier-neue-fuer-die-rueckrunde\/#more-6760\" aria-label=\"Mehr Informationen \u00fcber Vier Neue f\u00fcr die R\u00fcckrunde\">alles lesen<\/a><\/p>\n","protected":false},"author":1,"featured_media":6761,"comment_status":"closed","ping_status":"open","sticky":false,"template":"","format":"standard","meta":{"generate_page_header":"","_jetpack_memberships_contains_paid_content":false,"footnotes":""},"categories":[1],"tags":[],"class_list":["post-6760","post","type-post","status-publish","format-standard","has-post-thumbnail","hentry","category-allgemein"],"yoast_head":"<!-- This site is optimized with the Yoast SEO plugin v27.4 - https:\/\/yoast.com\/product\/yoast-seo-wordpress\/ -->\n<title>Vier Neue f\u00fcr die R\u00fcckrunde - TuS Eschringen<\/title>\n<meta name=\"robots\" content=\"index, follow, max-snippet:-1, max-image-preview:large, max-video-preview:-1\" \/>\n<link rel=\"canonical\" href=\"https:\/\/tus.eschringen.de\/wordpress\/vier-neue-fuer-die-rueckrunde\/\" \/>\n<meta property=\"og:locale\" content=\"de_DE\" \/>\n<meta property=\"og:type\" content=\"article\" \/>\n<meta property=\"og:title\" content=\"Vier Neue f\u00fcr die R\u00fcckrunde - TuS Eschringen\" \/>\n<meta property=\"og:description\" content=\"Vier Neue f\u00fcr die R\u00fcckrunde Mit Tobias und Jonas Gerhard kehren zwei bekannte Gesichter zur\u00fcck zum TuS. Beide waren am Aufstieg 2023\/24 beteiligt. Marius Racolta kommt vom SV Scheidt und wird unseren Sturm verst\u00e4rken. Ebenfalls im Sturm werden wir Ermin Alibasic (kommt aus Nantes und ist beruflich hier her gezogen) finden. Wir w\u00fcnschen allen eine ... alles lesen\" \/>\n<meta property=\"og:url\" content=\"https:\/\/tus.eschringen.de\/wordpress\/vier-neue-fuer-die-rueckrunde\/\" \/>\n<meta property=\"og:site_name\" content=\"TuS Eschringen\" \/>\n<meta property=\"article:publisher\" content=\"https:\/\/www.facebook.com\/TuS.Eschringen\/\" \/>\n<meta property=\"article:published_time\" content=\"2026-01-20T19:10:46+00:00\" \/>\n<meta property=\"article:modified_time\" content=\"2026-01-22T21:49:35+00:00\" \/>\n<meta property=\"og:image\" content=\"https:\/\/tus.eschringen.de\/wordpress\/wp-content\/uploads\/2026\/01\/2026_01_21.jpg\" \/>\n\t<meta property=\"og:image:width\" content=\"2200\" \/>\n\t<meta property=\"og:image:height\" content=\"2200\" \/>\n\t<meta property=\"og:image:type\" content=\"image\/jpeg\" \/>\n<meta name=\"author\" content=\"Stefan Vogelgesang\" \/>\n<meta name=\"twitter:card\" content=\"summary_large_image\" \/>\n<meta name=\"twitter:label1\" content=\"Verfasst von\" \/>\n\t<meta name=\"twitter:data1\" content=\"Stefan Vogelgesang\" \/>\n\t<meta name=\"twitter:label2\" content=\"Gesch\u00e4tzte Lesezeit\" \/>\n\t<meta name=\"twitter:data2\" content=\"1\u00a0Minute\" \/>\n<script type=\"application\/ld+json\" class=\"yoast-schema-graph\">{\"@context\":\"https:\\\/\\\/schema.org\",\"@graph\":[{\"@type\":\"Article\",\"@id\":\"https:\\\/\\\/tus.eschringen.de\\\/wordpress\\\/vier-neue-fuer-die-rueckrunde\\\/#article\",\"isPartOf\":{\"@id\":\"https:\\\/\\\/tus.eschringen.de\\\/wordpress\\\/vier-neue-fuer-die-rueckrunde\\\/\"},\"author\":{\"name\":\"Stefan Vogelgesang\",\"@id\":\"https:\\\/\\\/tus.eschringen.de\\\/wordpress\\\/#\\\/schema\\\/person\\\/40135b2a56d1e361a2ad54242e8338a1\"},\"headline\":\"Vier Neue f\u00fcr die R\u00fcckrunde\",\"datePublished\":\"2026-01-20T19:10:46+00:00\",\"dateModified\":\"2026-01-22T21:49:35+00:00\",\"mainEntityOfPage\":{\"@id\":\"https:\\\/\\\/tus.eschringen.de\\\/wordpress\\\/vier-neue-fuer-die-rueckrunde\\\/\"},\"wordCount\":71,\"publisher\":{\"@id\":\"https:\\\/\\\/tus.eschringen.de\\\/wordpress\\\/#organization\"},\"image\":{\"@id\":\"https:\\\/\\\/tus.eschringen.de\\\/wordpress\\\/vier-neue-fuer-die-rueckrunde\\\/#primaryimage\"},\"thumbnailUrl\":\"https:\\\/\\\/i0.wp.com\\\/tus.eschringen.de\\\/wordpress\\\/wp-content\\\/uploads\\\/2026\\\/01\\\/2026_01_21.jpg?fit=2200%2C2200&ssl=1\",\"inLanguage\":\"de\"},{\"@type\":\"WebPage\",\"@id\":\"https:\\\/\\\/tus.eschringen.de\\\/wordpress\\\/vier-neue-fuer-die-rueckrunde\\\/\",\"url\":\"https:\\\/\\\/tus.eschringen.de\\\/wordpress\\\/vier-neue-fuer-die-rueckrunde\\\/\",\"name\":\"Vier Neue f\u00fcr die R\u00fcckrunde - TuS Eschringen\",\"isPartOf\":{\"@id\":\"https:\\\/\\\/tus.eschringen.de\\\/wordpress\\\/#website\"},\"primaryImageOfPage\":{\"@id\":\"https:\\\/\\\/tus.eschringen.de\\\/wordpress\\\/vier-neue-fuer-die-rueckrunde\\\/#primaryimage\"},\"image\":{\"@id\":\"https:\\\/\\\/tus.eschringen.de\\\/wordpress\\\/vier-neue-fuer-die-rueckrunde\\\/#primaryimage\"},\"thumbnailUrl\":\"https:\\\/\\\/i0.wp.com\\\/tus.eschringen.de\\\/wordpress\\\/wp-content\\\/uploads\\\/2026\\\/01\\\/2026_01_21.jpg?fit=2200%2C2200&ssl=1\",\"datePublished\":\"2026-01-20T19:10:46+00:00\",\"dateModified\":\"2026-01-22T21:49:35+00:00\",\"breadcrumb\":{\"@id\":\"https:\\\/\\\/tus.eschringen.de\\\/wordpress\\\/vier-neue-fuer-die-rueckrunde\\\/#breadcrumb\"},\"inLanguage\":\"de\",\"potentialAction\":[{\"@type\":\"ReadAction\",\"target\":[\"https:\\\/\\\/tus.eschringen.de\\\/wordpress\\\/vier-neue-fuer-die-rueckrunde\\\/\"]}]},{\"@type\":\"ImageObject\",\"inLanguage\":\"de\",\"@id\":\"https:\\\/\\\/tus.eschringen.de\\\/wordpress\\\/vier-neue-fuer-die-rueckrunde\\\/#primaryimage\",\"url\":\"https:\\\/\\\/i0.wp.com\\\/tus.eschringen.de\\\/wordpress\\\/wp-content\\\/uploads\\\/2026\\\/01\\\/2026_01_21.jpg?fit=2200%2C2200&ssl=1\",\"contentUrl\":\"https:\\\/\\\/i0.wp.com\\\/tus.eschringen.de\\\/wordpress\\\/wp-content\\\/uploads\\\/2026\\\/01\\\/2026_01_21.jpg?fit=2200%2C2200&ssl=1\",\"width\":2200,\"height\":2200},{\"@type\":\"BreadcrumbList\",\"@id\":\"https:\\\/\\\/tus.eschringen.de\\\/wordpress\\\/vier-neue-fuer-die-rueckrunde\\\/#breadcrumb\",\"itemListElement\":[{\"@type\":\"ListItem\",\"position\":1,\"name\":\"Startseite\",\"item\":\"https:\\\/\\\/tus.eschringen.de\\\/wordpress\\\/\"},{\"@type\":\"ListItem\",\"position\":2,\"name\":\"Vier Neue f\u00fcr die R\u00fcckrunde\"}]},{\"@type\":\"WebSite\",\"@id\":\"https:\\\/\\\/tus.eschringen.de\\\/wordpress\\\/#website\",\"url\":\"https:\\\/\\\/tus.eschringen.de\\\/wordpress\\\/\",\"name\":\"TuS Eschringen\",\"description\":\"\",\"publisher\":{\"@id\":\"https:\\\/\\\/tus.eschringen.de\\\/wordpress\\\/#organization\"},\"potentialAction\":[{\"@type\":\"SearchAction\",\"target\":{\"@type\":\"EntryPoint\",\"urlTemplate\":\"https:\\\/\\\/tus.eschringen.de\\\/wordpress\\\/?s={search_term_string}\"},\"query-input\":{\"@type\":\"PropertyValueSpecification\",\"valueRequired\":true,\"valueName\":\"search_term_string\"}}],\"inLanguage\":\"de\"},{\"@type\":\"Organization\",\"@id\":\"https:\\\/\\\/tus.eschringen.de\\\/wordpress\\\/#organization\",\"name\":\"TuS Eschringen\",\"url\":\"https:\\\/\\\/tus.eschringen.de\\\/wordpress\\\/\",\"logo\":{\"@type\":\"ImageObject\",\"inLanguage\":\"de\",\"@id\":\"https:\\\/\\\/tus.eschringen.de\\\/wordpress\\\/#\\\/schema\\\/logo\\\/image\\\/\",\"url\":\"https:\\\/\\\/i0.wp.com\\\/tus.eschringen.de\\\/wordpress\\\/wp-content\\\/uploads\\\/2025\\\/07\\\/Web_kopf.jpg?fit=1260%2C240&ssl=1\",\"contentUrl\":\"https:\\\/\\\/i0.wp.com\\\/tus.eschringen.de\\\/wordpress\\\/wp-content\\\/uploads\\\/2025\\\/07\\\/Web_kopf.jpg?fit=1260%2C240&ssl=1\",\"width\":1260,\"height\":240,\"caption\":\"TuS Eschringen\"},\"image\":{\"@id\":\"https:\\\/\\\/tus.eschringen.de\\\/wordpress\\\/#\\\/schema\\\/logo\\\/image\\\/\"},\"sameAs\":[\"https:\\\/\\\/www.facebook.com\\\/TuS.Eschringen\\\/\",\"https:\\\/\\\/www.instagram.com\\\/tus.eschringen\\\/\"]},{\"@type\":\"Person\",\"@id\":\"https:\\\/\\\/tus.eschringen.de\\\/wordpress\\\/#\\\/schema\\\/person\\\/40135b2a56d1e361a2ad54242e8338a1\",\"name\":\"Stefan Vogelgesang\",\"image\":{\"@type\":\"ImageObject\",\"inLanguage\":\"de\",\"@id\":\"https:\\\/\\\/secure.gravatar.com\\\/avatar\\\/5633e4c0de8771818b0e2f3c72ef14f79d7bfd1aa794c0c5b5c7e17fe9ee3caa?s=96&d=mm&r=g\",\"url\":\"https:\\\/\\\/secure.gravatar.com\\\/avatar\\\/5633e4c0de8771818b0e2f3c72ef14f79d7bfd1aa794c0c5b5c7e17fe9ee3caa?s=96&d=mm&r=g\",\"contentUrl\":\"https:\\\/\\\/secure.gravatar.com\\\/avatar\\\/5633e4c0de8771818b0e2f3c72ef14f79d7bfd1aa794c0c5b5c7e17fe9ee3caa?s=96&d=mm&r=g\",\"caption\":\"Stefan Vogelgesang\"},\"url\":\"https:\\\/\\\/tus.eschringen.de\\\/wordpress\\\/author\\\/stefan-vogelgesang\\\/\"}]}<\/script>\n<!-- \/ Yoast SEO plugin. -->","yoast_head_json":{"title":"Vier Neue f\u00fcr die R\u00fcckrunde - TuS Eschringen","robots":{"index":"index","follow":"follow","max-snippet":"max-snippet:-1","max-image-preview":"max-image-preview:large","max-video-preview":"max-video-preview:-1"},"canonical":"https:\/\/tus.eschringen.de\/wordpress\/vier-neue-fuer-die-rueckrunde\/","og_locale":"de_DE","og_type":"article","og_title":"Vier Neue f\u00fcr die R\u00fcckrunde - TuS Eschringen","og_description":"Vier Neue f\u00fcr die R\u00fcckrunde Mit Tobias und Jonas Gerhard kehren zwei bekannte Gesichter zur\u00fcck zum TuS. Beide waren am Aufstieg 2023\/24 beteiligt. Marius Racolta kommt vom SV Scheidt und wird unseren Sturm verst\u00e4rken. Ebenfalls im Sturm werden wir Ermin Alibasic (kommt aus Nantes und ist beruflich hier her gezogen) finden. Wir w\u00fcnschen allen eine ... alles lesen","og_url":"https:\/\/tus.eschringen.de\/wordpress\/vier-neue-fuer-die-rueckrunde\/","og_site_name":"TuS Eschringen","article_publisher":"https:\/\/www.facebook.com\/TuS.Eschringen\/","article_published_time":"2026-01-20T19:10:46+00:00","article_modified_time":"2026-01-22T21:49:35+00:00","og_image":[{"width":2200,"height":2200,"url":"https:\/\/tus.eschringen.de\/wordpress\/wp-content\/uploads\/2026\/01\/2026_01_21.jpg","type":"image\/jpeg"}],"author":"Stefan Vogelgesang","twitter_card":"summary_large_image","twitter_misc":{"Verfasst von":"Stefan Vogelgesang","Gesch\u00e4tzte Lesezeit":"1\u00a0Minute"},"schema":{"@context":"https:\/\/schema.org","@graph":[{"@type":"Article","@id":"https:\/\/tus.eschringen.de\/wordpress\/vier-neue-fuer-die-rueckrunde\/#article","isPartOf":{"@id":"https:\/\/tus.eschringen.de\/wordpress\/vier-neue-fuer-die-rueckrunde\/"},"author":{"name":"Stefan Vogelgesang","@id":"https:\/\/tus.eschringen.de\/wordpress\/#\/schema\/person\/40135b2a56d1e361a2ad54242e8338a1"},"headline":"Vier Neue f\u00fcr die R\u00fcckrunde","datePublished":"2026-01-20T19:10:46+00:00","dateModified":"2026-01-22T21:49:35+00:00","mainEntityOfPage":{"@id":"https:\/\/tus.eschringen.de\/wordpress\/vier-neue-fuer-die-rueckrunde\/"},"wordCount":71,"publisher":{"@id":"https:\/\/tus.eschringen.de\/wordpress\/#organization"},"image":{"@id":"https:\/\/tus.eschringen.de\/wordpress\/vier-neue-fuer-die-rueckrunde\/#primaryimage"},"thumbnailUrl":"https:\/\/i0.wp.com\/tus.eschringen.de\/wordpress\/wp-content\/uploads\/2026\/01\/2026_01_21.jpg?fit=2200%2C2200&ssl=1","inLanguage":"de"},{"@type":"WebPage","@id":"https:\/\/tus.eschringen.de\/wordpress\/vier-neue-fuer-die-rueckrunde\/","url":"https:\/\/tus.eschringen.de\/wordpress\/vier-neue-fuer-die-rueckrunde\/","name":"Vier Neue f\u00fcr die R\u00fcckrunde - TuS Eschringen","isPartOf":{"@id":"https:\/\/tus.eschringen.de\/wordpress\/#website"},"primaryImageOfPage":{"@id":"https:\/\/tus.eschringen.de\/wordpress\/vier-neue-fuer-die-rueckrunde\/#primaryimage"},"image":{"@id":"https:\/\/tus.eschringen.de\/wordpress\/vier-neue-fuer-die-rueckrunde\/#primaryimage"},"thumbnailUrl":"https:\/\/i0.wp.com\/tus.eschringen.de\/wordpress\/wp-content\/uploads\/2026\/01\/2026_01_21.jpg?fit=2200%2C2200&ssl=1","datePublished":"2026-01-20T19:10:46+00:00","dateModified":"2026-01-22T21:49:35+00:00","breadcrumb":{"@id":"https:\/\/tus.eschringen.de\/wordpress\/vier-neue-fuer-die-rueckrunde\/#breadcrumb"},"inLanguage":"de","potentialAction":[{"@type":"ReadAction","target":["https:\/\/tus.eschringen.de\/wordpress\/vier-neue-fuer-die-rueckrunde\/"]}]},{"@type":"ImageObject","inLanguage":"de","@id":"https:\/\/tus.eschringen.de\/wordpress\/vier-neue-fuer-die-rueckrunde\/#primaryimage","url":"https:\/\/i0.wp.com\/tus.eschringen.de\/wordpress\/wp-content\/uploads\/2026\/01\/2026_01_21.jpg?fit=2200%2C2200&ssl=1","contentUrl":"https:\/\/i0.wp.com\/tus.eschringen.de\/wordpress\/wp-content\/uploads\/2026\/01\/2026_01_21.jpg?fit=2200%2C2200&ssl=1","width":2200,"height":2200},{"@type":"BreadcrumbList","@id":"https:\/\/tus.eschringen.de\/wordpress\/vier-neue-fuer-die-rueckrunde\/#breadcrumb","itemListElement":[{"@type":"ListItem","position":1,"name":"Startseite","item":"https:\/\/tus.eschringen.de\/wordpress\/"},{"@type":"ListItem","position":2,"name":"Vier Neue f\u00fcr die R\u00fcckrunde"}]},{"@type":"WebSite","@id":"https:\/\/tus.eschringen.de\/wordpress\/#website","url":"https:\/\/tus.eschringen.de\/wordpress\/","name":"TuS Eschringen","description":"","publisher":{"@id":"https:\/\/tus.eschringen.de\/wordpress\/#organization"},"potentialAction":[{"@type":"SearchAction","target":{"@type":"EntryPoint","urlTemplate":"https:\/\/tus.eschringen.de\/wordpress\/?s={search_term_string}"},"query-input":{"@type":"PropertyValueSpecification","valueRequired":true,"valueName":"search_term_string"}}],"inLanguage":"de"},{"@type":"Organization","@id":"https:\/\/tus.eschringen.de\/wordpress\/#organization","name":"TuS Eschringen","url":"https:\/\/tus.eschringen.de\/wordpress\/","logo":{"@type":"ImageObject","inLanguage":"de","@id":"https:\/\/tus.eschringen.de\/wordpress\/#\/schema\/logo\/image\/","url":"https:\/\/i0.wp.com\/tus.eschringen.de\/wordpress\/wp-content\/uploads\/2025\/07\/Web_kopf.jpg?fit=1260%2C240&ssl=1","contentUrl":"https:\/\/i0.wp.com\/tus.eschringen.de\/wordpress\/wp-content\/uploads\/2025\/07\/Web_kopf.jpg?fit=1260%2C240&ssl=1","width":1260,"height":240,"caption":"TuS Eschringen"},"image":{"@id":"https:\/\/tus.eschringen.de\/wordpress\/#\/schema\/logo\/image\/"},"sameAs":["https:\/\/www.facebook.com\/TuS.Eschringen\/","https:\/\/www.instagram.com\/tus.eschringen\/"]},{"@type":"Person","@id":"https:\/\/tus.eschringen.de\/wordpress\/#\/schema\/person\/40135b2a56d1e361a2ad54242e8338a1","name":"Stefan Vogelgesang","image":{"@type":"ImageObject","inLanguage":"de","@id":"https:\/\/secure.gravatar.com\/avatar\/5633e4c0de8771818b0e2f3c72ef14f79d7bfd1aa794c0c5b5c7e17fe9ee3caa?s=96&d=mm&r=g","url":"https:\/\/secure.gravatar.com\/avatar\/5633e4c0de8771818b0e2f3c72ef14f79d7bfd1aa794c0c5b5c7e17fe9ee3caa?s=96&d=mm&r=g","contentUrl":"https:\/\/secure.gravatar.com\/avatar\/5633e4c0de8771818b0e2f3c72ef14f79d7bfd1aa794c0c5b5c7e17fe9ee3caa?s=96&d=mm&r=g","caption":"Stefan Vogelgesang"},"url":"https:\/\/tus.eschringen.de\/wordpress\/author\/stefan-vogelgesang\/"}]}},"jetpack_featured_media_url":"https:\/\/i0.wp.com\/tus.eschringen.de\/wordpress\/wp-content\/uploads\/2026\/01\/2026_01_21.jpg?fit=2200%2C2200&ssl=1","jetpack_sharing_enabled":true,"_links":{"self":[{"href":"https:\/\/tus.eschringen.de\/wordpress\/wp-json\/wp\/v2\/posts\/6760","targetHints":{"allow":["GET"]}}],"collection":[{"href":"https:\/\/tus.eschringen.de\/wordpress\/wp-json\/wp\/v2\/posts"}],"about":[{"href":"https:\/\/tus.eschringen.de\/wordpress\/wp-json\/wp\/v2\/types\/post"}],"author":[{"embeddable":true,"href":"https:\/\/tus.eschringen.de\/wordpress\/wp-json\/wp\/v2\/users\/1"}],"replies":[{"embeddable":true,"href":"https:\/\/tus.eschringen.de\/wordpress\/wp-json\/wp\/v2\/comments?post=6760"}],"version-history":[{"count":2,"href":"https:\/\/tus.eschringen.de\/wordpress\/wp-json\/wp\/v2\/posts\/6760\/revisions"}],"predecessor-version":[{"id":6765,"href":"https:\/\/tus.eschringen.de\/wordpress\/wp-json\/wp\/v2\/posts\/6760\/revisions\/6765"}],"wp:featuredmedia":[{"embeddable":true,"href":"https:\/\/tus.eschringen.de\/wordpress\/wp-json\/wp\/v2\/media\/6761"}],"wp:attachment":[{"href":"https:\/\/tus.eschringen.de\/wordpress\/wp-json\/wp\/v2\/media?parent=6760"}],"wp:term":[{"taxonomy":"category","embeddable":true,"href":"https:\/\/tus.eschringen.de\/wordpress\/wp-json\/wp\/v2\/categories?post=6760"},{"taxonomy":"post_tag","embeddable":true,"href":"https:\/\/tus.eschringen.de\/wordpress\/wp-json\/wp\/v2\/tags?post=6760"}],"curies":[{"name":"wp","href":"https:\/\/api.w.org\/{rel}","templated":true}]}}