{"id":5817,"date":"2025-04-25T10:22:48","date_gmt":"2025-04-25T08:22:48","guid":{"rendered":"https:\/\/tus.eschringen.de\/wordpress\/?p=5817"},"modified":"2025-04-25T10:22:50","modified_gmt":"2025-04-25T08:22:50","slug":"auf-gehts-zum-schlussspurt","status":"publish","type":"post","link":"https:\/\/tus.eschringen.de\/wordpress\/auf-gehts-zum-schlussspurt\/","title":{"rendered":"Auf geht\u00b4s zum Schlussspurt"},"content":{"rendered":"\n<p>Die letzten f\u00fcnf Spieltage der Landesliga S\u00fcd stehen an und bis weit ins obere Mittelfeld hinein h\u00e4ngen alle Mannschaften noch im Abstiegskampf fest. Den Vorletzten SV Schafbr\u00fccke trennen gerade einmal neun Punkte vom Tabellensechsten, der SG Gro\u00dfrosseln\/St. Nikolaus, und sechs Punkte von unserem TuS, der sich aktuell auf Platz neun wiederfindet. Die Bedeutung eines jedes einzelnen der verbleibenden Spiele liegt damit auf der Hand.<\/p>\n\n\n\n<p>Am kommenden Sonntag, dem 27.04.2025, um 15:00 Uhr, haben wir zu Hause den Tabellensiebten, den SV Auersmacher II, zu Gast, der einen Punkt mehr aufweist als unser Team. Mit einem Sieg k\u00f6nnten wir also vorbeispringen, den Abstand auf die hinter uns liegenden Mannschaften zumindest stabil halten und somit einen weiteren Meilenstein in Richtung des gro\u00dfen Ziels \u201eKlassenerhalt\u201c erreichen. Dass dies kein leichtes Unterfangen wird, zeigte das Hinspiel, in dem wir mit 1:2 als Verlierer vom Platz gingen. Wir sollten allerdings unsere Heimst\u00e4rke als Aufh\u00e4nger nehmen, das Spiel entschlossen und mutig anzugehen. Wenn unsere Mannschaft alle fu\u00dfballerischen Komponenten in die Waagschale wirft, haben wir gute Aussichten, das Match erfolgreich bestreiten zu k\u00f6nnen.<\/p>\n\n\n\n<p>Bei vorhergesagtem besten Fu\u00dfballwetter freuen wir uns auf die zahlreiche Unterst\u00fctzung unserer treuen Fans. Lasst uns den Endspurt gemeinsam und geschlossen angehen!<\/p>\n\n\n\n<p><strong>Unsere Zweite ist am kommenden Wochenende spielfrei<\/strong><\/p>\n","protected":false},"excerpt":{"rendered":"<p>Die letzten f\u00fcnf Spieltage der Landesliga S\u00fcd stehen an und bis weit ins obere Mittelfeld hinein h\u00e4ngen alle Mannschaften noch im Abstiegskampf fest. Den Vorletzten SV Schafbr\u00fccke trennen gerade einmal neun Punkte vom Tabellensechsten, der SG Gro\u00dfrosseln\/St. Nikolaus, und sechs Punkte von unserem TuS, der sich aktuell auf Platz neun wiederfindet. Die Bedeutung eines jedes &#8230; <\/p>\n<p class=\"read-more-container\"><a title=\"Auf geht\u00b4s zum Schlussspurt\" class=\"read-more button\" href=\"https:\/\/tus.eschringen.de\/wordpress\/auf-gehts-zum-schlussspurt\/#more-5817\" aria-label=\"Mehr Informationen \u00fcber Auf geht\u00b4s zum Schlussspurt\">alles lesen<\/a><\/p>\n","protected":false},"author":1,"featured_media":5818,"comment_status":"closed","ping_status":"open","sticky":false,"template":"","format":"standard","meta":{"generate_page_header":"","_jetpack_memberships_contains_paid_content":false,"footnotes":""},"categories":[1],"tags":[],"class_list":["post-5817","post","type-post","status-publish","format-standard","has-post-thumbnail","hentry","category-allgemein"],"yoast_head":"<!-- This site is optimized with the Yoast SEO plugin v27.5 - https:\/\/yoast.com\/product\/yoast-seo-wordpress\/ -->\n<title>Auf geht\u00b4s zum Schlussspurt - TuS Eschringen<\/title>\n<meta name=\"robots\" content=\"index, follow, max-snippet:-1, max-image-preview:large, max-video-preview:-1\" \/>\n<link rel=\"canonical\" href=\"https:\/\/tus.eschringen.de\/wordpress\/auf-gehts-zum-schlussspurt\/\" \/>\n<meta property=\"og:locale\" content=\"de_DE\" \/>\n<meta property=\"og:type\" content=\"article\" \/>\n<meta property=\"og:title\" content=\"Auf geht\u00b4s zum Schlussspurt - TuS Eschringen\" \/>\n<meta property=\"og:description\" content=\"Die letzten f\u00fcnf Spieltage der Landesliga S\u00fcd stehen an und bis weit ins obere Mittelfeld hinein h\u00e4ngen alle Mannschaften noch im Abstiegskampf fest. Den Vorletzten SV Schafbr\u00fccke trennen gerade einmal neun Punkte vom Tabellensechsten, der SG Gro\u00dfrosseln\/St. Nikolaus, und sechs Punkte von unserem TuS, der sich aktuell auf Platz neun wiederfindet. Die Bedeutung eines jedes ... alles lesen\" \/>\n<meta property=\"og:url\" content=\"https:\/\/tus.eschringen.de\/wordpress\/auf-gehts-zum-schlussspurt\/\" \/>\n<meta property=\"og:site_name\" content=\"TuS Eschringen\" \/>\n<meta property=\"article:publisher\" content=\"https:\/\/www.facebook.com\/TuS.Eschringen\/\" \/>\n<meta property=\"article:published_time\" content=\"2025-04-25T08:22:48+00:00\" \/>\n<meta property=\"article:modified_time\" content=\"2025-04-25T08:22:50+00:00\" \/>\n<meta property=\"og:image\" content=\"https:\/\/tus.eschringen.de\/wordpress\/wp-content\/uploads\/2025\/04\/2025_04_27-768x768.png\" \/>\n\t<meta property=\"og:image:width\" content=\"768\" \/>\n\t<meta property=\"og:image:height\" content=\"768\" \/>\n\t<meta property=\"og:image:type\" content=\"image\/png\" \/>\n<meta name=\"author\" content=\"Stefan Vogelgesang\" \/>\n<meta name=\"twitter:card\" content=\"summary_large_image\" \/>\n<meta name=\"twitter:label1\" content=\"Verfasst von\" \/>\n\t<meta name=\"twitter:data1\" content=\"Stefan Vogelgesang\" \/>\n\t<meta name=\"twitter:label2\" content=\"Gesch\u00e4tzte Lesezeit\" \/>\n\t<meta name=\"twitter:data2\" content=\"2\u00a0Minuten\" \/>\n<script type=\"application\/ld+json\" class=\"yoast-schema-graph\">{\"@context\":\"https:\\\/\\\/schema.org\",\"@graph\":[{\"@type\":\"Article\",\"@id\":\"https:\\\/\\\/tus.eschringen.de\\\/wordpress\\\/auf-gehts-zum-schlussspurt\\\/#article\",\"isPartOf\":{\"@id\":\"https:\\\/\\\/tus.eschringen.de\\\/wordpress\\\/auf-gehts-zum-schlussspurt\\\/\"},\"author\":{\"name\":\"Stefan Vogelgesang\",\"@id\":\"https:\\\/\\\/tus.eschringen.de\\\/wordpress\\\/#\\\/schema\\\/person\\\/40135b2a56d1e361a2ad54242e8338a1\"},\"headline\":\"Auf geht\u00b4s zum Schlussspurt\",\"datePublished\":\"2025-04-25T08:22:48+00:00\",\"dateModified\":\"2025-04-25T08:22:50+00:00\",\"mainEntityOfPage\":{\"@id\":\"https:\\\/\\\/tus.eschringen.de\\\/wordpress\\\/auf-gehts-zum-schlussspurt\\\/\"},\"wordCount\":220,\"publisher\":{\"@id\":\"https:\\\/\\\/tus.eschringen.de\\\/wordpress\\\/#organization\"},\"image\":{\"@id\":\"https:\\\/\\\/tus.eschringen.de\\\/wordpress\\\/auf-gehts-zum-schlussspurt\\\/#primaryimage\"},\"thumbnailUrl\":\"https:\\\/\\\/i0.wp.com\\\/tus.eschringen.de\\\/wordpress\\\/wp-content\\\/uploads\\\/2025\\\/04\\\/2025_04_27.png?fit=1080%2C1080&ssl=1\",\"inLanguage\":\"de\"},{\"@type\":\"WebPage\",\"@id\":\"https:\\\/\\\/tus.eschringen.de\\\/wordpress\\\/auf-gehts-zum-schlussspurt\\\/\",\"url\":\"https:\\\/\\\/tus.eschringen.de\\\/wordpress\\\/auf-gehts-zum-schlussspurt\\\/\",\"name\":\"Auf geht\u00b4s zum Schlussspurt - TuS Eschringen\",\"isPartOf\":{\"@id\":\"https:\\\/\\\/tus.eschringen.de\\\/wordpress\\\/#website\"},\"primaryImageOfPage\":{\"@id\":\"https:\\\/\\\/tus.eschringen.de\\\/wordpress\\\/auf-gehts-zum-schlussspurt\\\/#primaryimage\"},\"image\":{\"@id\":\"https:\\\/\\\/tus.eschringen.de\\\/wordpress\\\/auf-gehts-zum-schlussspurt\\\/#primaryimage\"},\"thumbnailUrl\":\"https:\\\/\\\/i0.wp.com\\\/tus.eschringen.de\\\/wordpress\\\/wp-content\\\/uploads\\\/2025\\\/04\\\/2025_04_27.png?fit=1080%2C1080&ssl=1\",\"datePublished\":\"2025-04-25T08:22:48+00:00\",\"dateModified\":\"2025-04-25T08:22:50+00:00\",\"breadcrumb\":{\"@id\":\"https:\\\/\\\/tus.eschringen.de\\\/wordpress\\\/auf-gehts-zum-schlussspurt\\\/#breadcrumb\"},\"inLanguage\":\"de\",\"potentialAction\":[{\"@type\":\"ReadAction\",\"target\":[\"https:\\\/\\\/tus.eschringen.de\\\/wordpress\\\/auf-gehts-zum-schlussspurt\\\/\"]}]},{\"@type\":\"ImageObject\",\"inLanguage\":\"de\",\"@id\":\"https:\\\/\\\/tus.eschringen.de\\\/wordpress\\\/auf-gehts-zum-schlussspurt\\\/#primaryimage\",\"url\":\"https:\\\/\\\/i0.wp.com\\\/tus.eschringen.de\\\/wordpress\\\/wp-content\\\/uploads\\\/2025\\\/04\\\/2025_04_27.png?fit=1080%2C1080&ssl=1\",\"contentUrl\":\"https:\\\/\\\/i0.wp.com\\\/tus.eschringen.de\\\/wordpress\\\/wp-content\\\/uploads\\\/2025\\\/04\\\/2025_04_27.png?fit=1080%2C1080&ssl=1\",\"width\":1080,\"height\":1080},{\"@type\":\"BreadcrumbList\",\"@id\":\"https:\\\/\\\/tus.eschringen.de\\\/wordpress\\\/auf-gehts-zum-schlussspurt\\\/#breadcrumb\",\"itemListElement\":[{\"@type\":\"ListItem\",\"position\":1,\"name\":\"Startseite\",\"item\":\"https:\\\/\\\/tus.eschringen.de\\\/wordpress\\\/\"},{\"@type\":\"ListItem\",\"position\":2,\"name\":\"Auf geht\u00b4s zum Schlussspurt\"}]},{\"@type\":\"WebSite\",\"@id\":\"https:\\\/\\\/tus.eschringen.de\\\/wordpress\\\/#website\",\"url\":\"https:\\\/\\\/tus.eschringen.de\\\/wordpress\\\/\",\"name\":\"TuS Eschringen\",\"description\":\"\",\"publisher\":{\"@id\":\"https:\\\/\\\/tus.eschringen.de\\\/wordpress\\\/#organization\"},\"potentialAction\":[{\"@type\":\"SearchAction\",\"target\":{\"@type\":\"EntryPoint\",\"urlTemplate\":\"https:\\\/\\\/tus.eschringen.de\\\/wordpress\\\/?s={search_term_string}\"},\"query-input\":{\"@type\":\"PropertyValueSpecification\",\"valueRequired\":true,\"valueName\":\"search_term_string\"}}],\"inLanguage\":\"de\"},{\"@type\":\"Organization\",\"@id\":\"https:\\\/\\\/tus.eschringen.de\\\/wordpress\\\/#organization\",\"name\":\"TuS Eschringen\",\"url\":\"https:\\\/\\\/tus.eschringen.de\\\/wordpress\\\/\",\"logo\":{\"@type\":\"ImageObject\",\"inLanguage\":\"de\",\"@id\":\"https:\\\/\\\/tus.eschringen.de\\\/wordpress\\\/#\\\/schema\\\/logo\\\/image\\\/\",\"url\":\"https:\\\/\\\/i0.wp.com\\\/tus.eschringen.de\\\/wordpress\\\/wp-content\\\/uploads\\\/2025\\\/07\\\/Web_kopf.jpg?fit=1260%2C240&ssl=1\",\"contentUrl\":\"https:\\\/\\\/i0.wp.com\\\/tus.eschringen.de\\\/wordpress\\\/wp-content\\\/uploads\\\/2025\\\/07\\\/Web_kopf.jpg?fit=1260%2C240&ssl=1\",\"width\":1260,\"height\":240,\"caption\":\"TuS Eschringen\"},\"image\":{\"@id\":\"https:\\\/\\\/tus.eschringen.de\\\/wordpress\\\/#\\\/schema\\\/logo\\\/image\\\/\"},\"sameAs\":[\"https:\\\/\\\/www.facebook.com\\\/TuS.Eschringen\\\/\",\"https:\\\/\\\/www.instagram.com\\\/tus.eschringen\\\/\"]},{\"@type\":\"Person\",\"@id\":\"https:\\\/\\\/tus.eschringen.de\\\/wordpress\\\/#\\\/schema\\\/person\\\/40135b2a56d1e361a2ad54242e8338a1\",\"name\":\"Stefan Vogelgesang\",\"image\":{\"@type\":\"ImageObject\",\"inLanguage\":\"de\",\"@id\":\"https:\\\/\\\/secure.gravatar.com\\\/avatar\\\/5633e4c0de8771818b0e2f3c72ef14f79d7bfd1aa794c0c5b5c7e17fe9ee3caa?s=96&d=mm&r=g\",\"url\":\"https:\\\/\\\/secure.gravatar.com\\\/avatar\\\/5633e4c0de8771818b0e2f3c72ef14f79d7bfd1aa794c0c5b5c7e17fe9ee3caa?s=96&d=mm&r=g\",\"contentUrl\":\"https:\\\/\\\/secure.gravatar.com\\\/avatar\\\/5633e4c0de8771818b0e2f3c72ef14f79d7bfd1aa794c0c5b5c7e17fe9ee3caa?s=96&d=mm&r=g\",\"caption\":\"Stefan Vogelgesang\"},\"url\":\"https:\\\/\\\/tus.eschringen.de\\\/wordpress\\\/author\\\/stefan-vogelgesang\\\/\"}]}<\/script>\n<!-- \/ Yoast SEO plugin. -->","yoast_head_json":{"title":"Auf geht\u00b4s zum Schlussspurt - TuS Eschringen","robots":{"index":"index","follow":"follow","max-snippet":"max-snippet:-1","max-image-preview":"max-image-preview:large","max-video-preview":"max-video-preview:-1"},"canonical":"https:\/\/tus.eschringen.de\/wordpress\/auf-gehts-zum-schlussspurt\/","og_locale":"de_DE","og_type":"article","og_title":"Auf geht\u00b4s zum Schlussspurt - TuS Eschringen","og_description":"Die letzten f\u00fcnf Spieltage der Landesliga S\u00fcd stehen an und bis weit ins obere Mittelfeld hinein h\u00e4ngen alle Mannschaften noch im Abstiegskampf fest. Den Vorletzten SV Schafbr\u00fccke trennen gerade einmal neun Punkte vom Tabellensechsten, der SG Gro\u00dfrosseln\/St. Nikolaus, und sechs Punkte von unserem TuS, der sich aktuell auf Platz neun wiederfindet. Die Bedeutung eines jedes ... alles lesen","og_url":"https:\/\/tus.eschringen.de\/wordpress\/auf-gehts-zum-schlussspurt\/","og_site_name":"TuS Eschringen","article_publisher":"https:\/\/www.facebook.com\/TuS.Eschringen\/","article_published_time":"2025-04-25T08:22:48+00:00","article_modified_time":"2025-04-25T08:22:50+00:00","og_image":[{"width":768,"height":768,"url":"https:\/\/tus.eschringen.de\/wordpress\/wp-content\/uploads\/2025\/04\/2025_04_27-768x768.png","type":"image\/png"}],"author":"Stefan Vogelgesang","twitter_card":"summary_large_image","twitter_misc":{"Verfasst von":"Stefan Vogelgesang","Gesch\u00e4tzte Lesezeit":"2\u00a0Minuten"},"schema":{"@context":"https:\/\/schema.org","@graph":[{"@type":"Article","@id":"https:\/\/tus.eschringen.de\/wordpress\/auf-gehts-zum-schlussspurt\/#article","isPartOf":{"@id":"https:\/\/tus.eschringen.de\/wordpress\/auf-gehts-zum-schlussspurt\/"},"author":{"name":"Stefan Vogelgesang","@id":"https:\/\/tus.eschringen.de\/wordpress\/#\/schema\/person\/40135b2a56d1e361a2ad54242e8338a1"},"headline":"Auf geht\u00b4s zum Schlussspurt","datePublished":"2025-04-25T08:22:48+00:00","dateModified":"2025-04-25T08:22:50+00:00","mainEntityOfPage":{"@id":"https:\/\/tus.eschringen.de\/wordpress\/auf-gehts-zum-schlussspurt\/"},"wordCount":220,"publisher":{"@id":"https:\/\/tus.eschringen.de\/wordpress\/#organization"},"image":{"@id":"https:\/\/tus.eschringen.de\/wordpress\/auf-gehts-zum-schlussspurt\/#primaryimage"},"thumbnailUrl":"https:\/\/i0.wp.com\/tus.eschringen.de\/wordpress\/wp-content\/uploads\/2025\/04\/2025_04_27.png?fit=1080%2C1080&ssl=1","inLanguage":"de"},{"@type":"WebPage","@id":"https:\/\/tus.eschringen.de\/wordpress\/auf-gehts-zum-schlussspurt\/","url":"https:\/\/tus.eschringen.de\/wordpress\/auf-gehts-zum-schlussspurt\/","name":"Auf geht\u00b4s zum Schlussspurt - TuS Eschringen","isPartOf":{"@id":"https:\/\/tus.eschringen.de\/wordpress\/#website"},"primaryImageOfPage":{"@id":"https:\/\/tus.eschringen.de\/wordpress\/auf-gehts-zum-schlussspurt\/#primaryimage"},"image":{"@id":"https:\/\/tus.eschringen.de\/wordpress\/auf-gehts-zum-schlussspurt\/#primaryimage"},"thumbnailUrl":"https:\/\/i0.wp.com\/tus.eschringen.de\/wordpress\/wp-content\/uploads\/2025\/04\/2025_04_27.png?fit=1080%2C1080&ssl=1","datePublished":"2025-04-25T08:22:48+00:00","dateModified":"2025-04-25T08:22:50+00:00","breadcrumb":{"@id":"https:\/\/tus.eschringen.de\/wordpress\/auf-gehts-zum-schlussspurt\/#breadcrumb"},"inLanguage":"de","potentialAction":[{"@type":"ReadAction","target":["https:\/\/tus.eschringen.de\/wordpress\/auf-gehts-zum-schlussspurt\/"]}]},{"@type":"ImageObject","inLanguage":"de","@id":"https:\/\/tus.eschringen.de\/wordpress\/auf-gehts-zum-schlussspurt\/#primaryimage","url":"https:\/\/i0.wp.com\/tus.eschringen.de\/wordpress\/wp-content\/uploads\/2025\/04\/2025_04_27.png?fit=1080%2C1080&ssl=1","contentUrl":"https:\/\/i0.wp.com\/tus.eschringen.de\/wordpress\/wp-content\/uploads\/2025\/04\/2025_04_27.png?fit=1080%2C1080&ssl=1","width":1080,"height":1080},{"@type":"BreadcrumbList","@id":"https:\/\/tus.eschringen.de\/wordpress\/auf-gehts-zum-schlussspurt\/#breadcrumb","itemListElement":[{"@type":"ListItem","position":1,"name":"Startseite","item":"https:\/\/tus.eschringen.de\/wordpress\/"},{"@type":"ListItem","position":2,"name":"Auf geht\u00b4s zum Schlussspurt"}]},{"@type":"WebSite","@id":"https:\/\/tus.eschringen.de\/wordpress\/#website","url":"https:\/\/tus.eschringen.de\/wordpress\/","name":"TuS Eschringen","description":"","publisher":{"@id":"https:\/\/tus.eschringen.de\/wordpress\/#organization"},"potentialAction":[{"@type":"SearchAction","target":{"@type":"EntryPoint","urlTemplate":"https:\/\/tus.eschringen.de\/wordpress\/?s={search_term_string}"},"query-input":{"@type":"PropertyValueSpecification","valueRequired":true,"valueName":"search_term_string"}}],"inLanguage":"de"},{"@type":"Organization","@id":"https:\/\/tus.eschringen.de\/wordpress\/#organization","name":"TuS Eschringen","url":"https:\/\/tus.eschringen.de\/wordpress\/","logo":{"@type":"ImageObject","inLanguage":"de","@id":"https:\/\/tus.eschringen.de\/wordpress\/#\/schema\/logo\/image\/","url":"https:\/\/i0.wp.com\/tus.eschringen.de\/wordpress\/wp-content\/uploads\/2025\/07\/Web_kopf.jpg?fit=1260%2C240&ssl=1","contentUrl":"https:\/\/i0.wp.com\/tus.eschringen.de\/wordpress\/wp-content\/uploads\/2025\/07\/Web_kopf.jpg?fit=1260%2C240&ssl=1","width":1260,"height":240,"caption":"TuS Eschringen"},"image":{"@id":"https:\/\/tus.eschringen.de\/wordpress\/#\/schema\/logo\/image\/"},"sameAs":["https:\/\/www.facebook.com\/TuS.Eschringen\/","https:\/\/www.instagram.com\/tus.eschringen\/"]},{"@type":"Person","@id":"https:\/\/tus.eschringen.de\/wordpress\/#\/schema\/person\/40135b2a56d1e361a2ad54242e8338a1","name":"Stefan Vogelgesang","image":{"@type":"ImageObject","inLanguage":"de","@id":"https:\/\/secure.gravatar.com\/avatar\/5633e4c0de8771818b0e2f3c72ef14f79d7bfd1aa794c0c5b5c7e17fe9ee3caa?s=96&d=mm&r=g","url":"https:\/\/secure.gravatar.com\/avatar\/5633e4c0de8771818b0e2f3c72ef14f79d7bfd1aa794c0c5b5c7e17fe9ee3caa?s=96&d=mm&r=g","contentUrl":"https:\/\/secure.gravatar.com\/avatar\/5633e4c0de8771818b0e2f3c72ef14f79d7bfd1aa794c0c5b5c7e17fe9ee3caa?s=96&d=mm&r=g","caption":"Stefan Vogelgesang"},"url":"https:\/\/tus.eschringen.de\/wordpress\/author\/stefan-vogelgesang\/"}]}},"jetpack_featured_media_url":"https:\/\/i0.wp.com\/tus.eschringen.de\/wordpress\/wp-content\/uploads\/2025\/04\/2025_04_27.png?fit=1080%2C1080&ssl=1","jetpack_sharing_enabled":true,"_links":{"self":[{"href":"https:\/\/tus.eschringen.de\/wordpress\/wp-json\/wp\/v2\/posts\/5817","targetHints":{"allow":["GET"]}}],"collection":[{"href":"https:\/\/tus.eschringen.de\/wordpress\/wp-json\/wp\/v2\/posts"}],"about":[{"href":"https:\/\/tus.eschringen.de\/wordpress\/wp-json\/wp\/v2\/types\/post"}],"author":[{"embeddable":true,"href":"https:\/\/tus.eschringen.de\/wordpress\/wp-json\/wp\/v2\/users\/1"}],"replies":[{"embeddable":true,"href":"https:\/\/tus.eschringen.de\/wordpress\/wp-json\/wp\/v2\/comments?post=5817"}],"version-history":[{"count":1,"href":"https:\/\/tus.eschringen.de\/wordpress\/wp-json\/wp\/v2\/posts\/5817\/revisions"}],"predecessor-version":[{"id":5819,"href":"https:\/\/tus.eschringen.de\/wordpress\/wp-json\/wp\/v2\/posts\/5817\/revisions\/5819"}],"wp:featuredmedia":[{"embeddable":true,"href":"https:\/\/tus.eschringen.de\/wordpress\/wp-json\/wp\/v2\/media\/5818"}],"wp:attachment":[{"href":"https:\/\/tus.eschringen.de\/wordpress\/wp-json\/wp\/v2\/media?parent=5817"}],"wp:term":[{"taxonomy":"category","embeddable":true,"href":"https:\/\/tus.eschringen.de\/wordpress\/wp-json\/wp\/v2\/categories?post=5817"},{"taxonomy":"post_tag","embeddable":true,"href":"https:\/\/tus.eschringen.de\/wordpress\/wp-json\/wp\/v2\/tags?post=5817"}],"curies":[{"name":"wp","href":"https:\/\/api.w.org\/{rel}","templated":true}]}}