{"id":5492,"date":"2024-11-01T11:37:38","date_gmt":"2024-11-01T10:37:38","guid":{"rendered":"https:\/\/tus.eschringen.de\/wordpress\/?p=5492"},"modified":"2024-11-01T11:37:41","modified_gmt":"2024-11-01T10:37:41","slug":"tus-i-zum-start-der-rueckrunde-bei-ay-yildiz","status":"publish","type":"post","link":"https:\/\/tus.eschringen.de\/wordpress\/tus-i-zum-start-der-rueckrunde-bei-ay-yildiz\/","title":{"rendered":"TuS I zum Start der R\u00fcckrunde bei Ay Yildiz"},"content":{"rendered":"\n<p>Zum Ende der Vorrunde, nach 15 Spieltagen, steht unser Team mit 16 Punkten und einer Bilanz von 4-4-7 auf dem 13. Tabellenplatz, dem 1. Nichtabstiegsplatz. Der Abstand zum 14. Tabellenplatz, den die SVG Altenwald einnimmt, betr\u00e4gt drei Punkte. Allerdings haben wir auch nur vier Punkte R\u00fcckstand zum Tabellenachten, dem FV Fischbach. D. h. wir befinden uns zwar im Abstiegskampf, k\u00f6nnen mit einer kleinen Siegesserie aber auch leicht tabellarisch nach oben springen. Es deutet sich ein hei\u00dfes Rennen an, in der Landesliga S\u00fcd, in der offensichtlich jede Mannschaft jeden Gegner schlagen kann. Eine Klasse, die richtig Spa\u00df macht, eine Klasse, in der toller Fu\u00dfball gespielt wird, eine Klasse, in der jeder Gegner erst einmal bezwungen werden will, eine Klasse, in der Favoritenst\u00fcrze an der Tagesordnung sind, eine Klasse, in der wir zwar aktuell in der hinteren Region angesiedelt sind, aber bereits mehrfach gezeigt haben, dass wir mit jedem Team mithalten k\u00f6nnen. Nachdem das Formbarometer in den letzten Spielen ein wenig abgefallen war, gilt es jetzt, an diese Leistungen anzukn\u00fcpfen. Es wird in der R\u00fcckrunde wichtig sein, den Fokus voll auf jedes einzelne Spiel zu legen, um Punkt f\u00fcr Punkt einzufahren und den Klassenerhalt letztlich zu sichern. Eine schwierige, aber mit dieser Mannschaft und diesem Trainer l\u00f6sbare Aufgabe.<\/p>\n\n\n\n<p>Wir starten die R\u00fcckserie mit dem Spiel bei Ay Yildiz V\u00f6lklingen. Die Gastgeber zieren mit lediglich einem gewonnenen Heimspiel gegen Altenwald und den daraus erzielten drei Punkten das Tabellenende. Wer sie deshalb auf die leichte Schulter nimmt, ist selbst schuld. Dass unsere Mannschaft sich gegen Teams vom Tabellenende schwertut, hat sie leider bereits mehrfach unter Beweis gestellt. In den bisherigen Ausw\u00e4rtsspielen waren wir schon oft nah dran, bislang hat es bedauerlicherweise aber noch nie zu einem Dreier gereicht. Umso wichtiger ist es, gleich im ersten Spiel der R\u00fcckrunde den Bock umzusto\u00dfen und den ersten Ausw\u00e4rtssieg der Saison zu landen. Uns bietet sich von daher eine gro\u00dfe Chance. Am Sonntag, dem 03.11.2024, um 14:30 Uhr, nehmen wir auf dem Kunstrasenplatz, Stadionstra\u00dfe, 66333 V\u00f6lklingen, Anlauf. Im Hinspiel hat unser Team mit einem 2:0-Heimsieg bewiesen, dass sie es k\u00f6nnen.<\/p>\n\n\n\n<p>Die zweite Mannschaft ist am Sonntag spielfrei.<\/p>\n","protected":false},"excerpt":{"rendered":"<p>Zum Ende der Vorrunde, nach 15 Spieltagen, steht unser Team mit 16 Punkten und einer Bilanz von 4-4-7 auf dem 13. Tabellenplatz, dem 1. Nichtabstiegsplatz. Der Abstand zum 14. Tabellenplatz, den die SVG Altenwald einnimmt, betr\u00e4gt drei Punkte. Allerdings haben wir auch nur vier Punkte R\u00fcckstand zum Tabellenachten, dem FV Fischbach. D. h. wir befinden &#8230; <\/p>\n<p class=\"read-more-container\"><a title=\"TuS I zum Start der R\u00fcckrunde bei Ay Yildiz\" class=\"read-more button\" href=\"https:\/\/tus.eschringen.de\/wordpress\/tus-i-zum-start-der-rueckrunde-bei-ay-yildiz\/#more-5492\" aria-label=\"Mehr Informationen \u00fcber TuS I zum Start der R\u00fcckrunde bei Ay Yildiz\">alles lesen<\/a><\/p>\n","protected":false},"author":1,"featured_media":5493,"comment_status":"closed","ping_status":"open","sticky":false,"template":"","format":"standard","meta":{"generate_page_header":"","_jetpack_memberships_contains_paid_content":false,"footnotes":""},"categories":[1],"tags":[],"class_list":["post-5492","post","type-post","status-publish","format-standard","has-post-thumbnail","hentry","category-allgemein"],"yoast_head":"<!-- This site is optimized with the Yoast SEO plugin v27.5 - https:\/\/yoast.com\/product\/yoast-seo-wordpress\/ -->\n<title>TuS I zum Start der R\u00fcckrunde bei Ay Yildiz - TuS Eschringen<\/title>\n<meta name=\"robots\" content=\"index, follow, max-snippet:-1, max-image-preview:large, max-video-preview:-1\" \/>\n<link rel=\"canonical\" href=\"https:\/\/tus.eschringen.de\/wordpress\/tus-i-zum-start-der-rueckrunde-bei-ay-yildiz\/\" \/>\n<meta property=\"og:locale\" content=\"de_DE\" \/>\n<meta property=\"og:type\" content=\"article\" \/>\n<meta property=\"og:title\" content=\"TuS I zum Start der R\u00fcckrunde bei Ay Yildiz - TuS Eschringen\" \/>\n<meta property=\"og:description\" content=\"Zum Ende der Vorrunde, nach 15 Spieltagen, steht unser Team mit 16 Punkten und einer Bilanz von 4-4-7 auf dem 13. Tabellenplatz, dem 1. Nichtabstiegsplatz. Der Abstand zum 14. Tabellenplatz, den die SVG Altenwald einnimmt, betr\u00e4gt drei Punkte. Allerdings haben wir auch nur vier Punkte R\u00fcckstand zum Tabellenachten, dem FV Fischbach. D. h. wir befinden ... alles lesen\" \/>\n<meta property=\"og:url\" content=\"https:\/\/tus.eschringen.de\/wordpress\/tus-i-zum-start-der-rueckrunde-bei-ay-yildiz\/\" \/>\n<meta property=\"og:site_name\" content=\"TuS Eschringen\" \/>\n<meta property=\"article:publisher\" content=\"https:\/\/www.facebook.com\/TuS.Eschringen\/\" \/>\n<meta property=\"article:published_time\" content=\"2024-11-01T10:37:38+00:00\" \/>\n<meta property=\"article:modified_time\" content=\"2024-11-01T10:37:41+00:00\" \/>\n<meta property=\"og:image\" content=\"https:\/\/tus.eschringen.de\/wordpress\/wp-content\/uploads\/2024\/11\/2024_11_03.jpg\" \/>\n\t<meta property=\"og:image:width\" content=\"1080\" \/>\n\t<meta property=\"og:image:height\" content=\"1080\" \/>\n\t<meta property=\"og:image:type\" content=\"image\/jpeg\" \/>\n<meta name=\"author\" content=\"Stefan Vogelgesang\" \/>\n<meta name=\"twitter:card\" content=\"summary_large_image\" \/>\n<meta name=\"twitter:label1\" content=\"Verfasst von\" \/>\n\t<meta name=\"twitter:data1\" content=\"Stefan Vogelgesang\" \/>\n\t<meta name=\"twitter:label2\" content=\"Gesch\u00e4tzte Lesezeit\" \/>\n\t<meta name=\"twitter:data2\" content=\"3\u00a0Minuten\" \/>\n<script type=\"application\/ld+json\" class=\"yoast-schema-graph\">{\"@context\":\"https:\\\/\\\/schema.org\",\"@graph\":[{\"@type\":\"Article\",\"@id\":\"https:\\\/\\\/tus.eschringen.de\\\/wordpress\\\/tus-i-zum-start-der-rueckrunde-bei-ay-yildiz\\\/#article\",\"isPartOf\":{\"@id\":\"https:\\\/\\\/tus.eschringen.de\\\/wordpress\\\/tus-i-zum-start-der-rueckrunde-bei-ay-yildiz\\\/\"},\"author\":{\"name\":\"Stefan Vogelgesang\",\"@id\":\"https:\\\/\\\/tus.eschringen.de\\\/wordpress\\\/#\\\/schema\\\/person\\\/40135b2a56d1e361a2ad54242e8338a1\"},\"headline\":\"TuS I zum Start der R\u00fcckrunde bei Ay Yildiz\",\"datePublished\":\"2024-11-01T10:37:38+00:00\",\"dateModified\":\"2024-11-01T10:37:41+00:00\",\"mainEntityOfPage\":{\"@id\":\"https:\\\/\\\/tus.eschringen.de\\\/wordpress\\\/tus-i-zum-start-der-rueckrunde-bei-ay-yildiz\\\/\"},\"wordCount\":374,\"publisher\":{\"@id\":\"https:\\\/\\\/tus.eschringen.de\\\/wordpress\\\/#organization\"},\"image\":{\"@id\":\"https:\\\/\\\/tus.eschringen.de\\\/wordpress\\\/tus-i-zum-start-der-rueckrunde-bei-ay-yildiz\\\/#primaryimage\"},\"thumbnailUrl\":\"https:\\\/\\\/i0.wp.com\\\/tus.eschringen.de\\\/wordpress\\\/wp-content\\\/uploads\\\/2024\\\/11\\\/2024_11_03.jpg?fit=1080%2C1080&ssl=1\",\"inLanguage\":\"de\"},{\"@type\":\"WebPage\",\"@id\":\"https:\\\/\\\/tus.eschringen.de\\\/wordpress\\\/tus-i-zum-start-der-rueckrunde-bei-ay-yildiz\\\/\",\"url\":\"https:\\\/\\\/tus.eschringen.de\\\/wordpress\\\/tus-i-zum-start-der-rueckrunde-bei-ay-yildiz\\\/\",\"name\":\"TuS I zum Start der R\u00fcckrunde bei Ay Yildiz - TuS Eschringen\",\"isPartOf\":{\"@id\":\"https:\\\/\\\/tus.eschringen.de\\\/wordpress\\\/#website\"},\"primaryImageOfPage\":{\"@id\":\"https:\\\/\\\/tus.eschringen.de\\\/wordpress\\\/tus-i-zum-start-der-rueckrunde-bei-ay-yildiz\\\/#primaryimage\"},\"image\":{\"@id\":\"https:\\\/\\\/tus.eschringen.de\\\/wordpress\\\/tus-i-zum-start-der-rueckrunde-bei-ay-yildiz\\\/#primaryimage\"},\"thumbnailUrl\":\"https:\\\/\\\/i0.wp.com\\\/tus.eschringen.de\\\/wordpress\\\/wp-content\\\/uploads\\\/2024\\\/11\\\/2024_11_03.jpg?fit=1080%2C1080&ssl=1\",\"datePublished\":\"2024-11-01T10:37:38+00:00\",\"dateModified\":\"2024-11-01T10:37:41+00:00\",\"breadcrumb\":{\"@id\":\"https:\\\/\\\/tus.eschringen.de\\\/wordpress\\\/tus-i-zum-start-der-rueckrunde-bei-ay-yildiz\\\/#breadcrumb\"},\"inLanguage\":\"de\",\"potentialAction\":[{\"@type\":\"ReadAction\",\"target\":[\"https:\\\/\\\/tus.eschringen.de\\\/wordpress\\\/tus-i-zum-start-der-rueckrunde-bei-ay-yildiz\\\/\"]}]},{\"@type\":\"ImageObject\",\"inLanguage\":\"de\",\"@id\":\"https:\\\/\\\/tus.eschringen.de\\\/wordpress\\\/tus-i-zum-start-der-rueckrunde-bei-ay-yildiz\\\/#primaryimage\",\"url\":\"https:\\\/\\\/i0.wp.com\\\/tus.eschringen.de\\\/wordpress\\\/wp-content\\\/uploads\\\/2024\\\/11\\\/2024_11_03.jpg?fit=1080%2C1080&ssl=1\",\"contentUrl\":\"https:\\\/\\\/i0.wp.com\\\/tus.eschringen.de\\\/wordpress\\\/wp-content\\\/uploads\\\/2024\\\/11\\\/2024_11_03.jpg?fit=1080%2C1080&ssl=1\",\"width\":1080,\"height\":1080},{\"@type\":\"BreadcrumbList\",\"@id\":\"https:\\\/\\\/tus.eschringen.de\\\/wordpress\\\/tus-i-zum-start-der-rueckrunde-bei-ay-yildiz\\\/#breadcrumb\",\"itemListElement\":[{\"@type\":\"ListItem\",\"position\":1,\"name\":\"Startseite\",\"item\":\"https:\\\/\\\/tus.eschringen.de\\\/wordpress\\\/\"},{\"@type\":\"ListItem\",\"position\":2,\"name\":\"TuS I zum Start der R\u00fcckrunde bei Ay Yildiz\"}]},{\"@type\":\"WebSite\",\"@id\":\"https:\\\/\\\/tus.eschringen.de\\\/wordpress\\\/#website\",\"url\":\"https:\\\/\\\/tus.eschringen.de\\\/wordpress\\\/\",\"name\":\"TuS Eschringen\",\"description\":\"\",\"publisher\":{\"@id\":\"https:\\\/\\\/tus.eschringen.de\\\/wordpress\\\/#organization\"},\"potentialAction\":[{\"@type\":\"SearchAction\",\"target\":{\"@type\":\"EntryPoint\",\"urlTemplate\":\"https:\\\/\\\/tus.eschringen.de\\\/wordpress\\\/?s={search_term_string}\"},\"query-input\":{\"@type\":\"PropertyValueSpecification\",\"valueRequired\":true,\"valueName\":\"search_term_string\"}}],\"inLanguage\":\"de\"},{\"@type\":\"Organization\",\"@id\":\"https:\\\/\\\/tus.eschringen.de\\\/wordpress\\\/#organization\",\"name\":\"TuS Eschringen\",\"url\":\"https:\\\/\\\/tus.eschringen.de\\\/wordpress\\\/\",\"logo\":{\"@type\":\"ImageObject\",\"inLanguage\":\"de\",\"@id\":\"https:\\\/\\\/tus.eschringen.de\\\/wordpress\\\/#\\\/schema\\\/logo\\\/image\\\/\",\"url\":\"https:\\\/\\\/i0.wp.com\\\/tus.eschringen.de\\\/wordpress\\\/wp-content\\\/uploads\\\/2025\\\/07\\\/Web_kopf.jpg?fit=1260%2C240&ssl=1\",\"contentUrl\":\"https:\\\/\\\/i0.wp.com\\\/tus.eschringen.de\\\/wordpress\\\/wp-content\\\/uploads\\\/2025\\\/07\\\/Web_kopf.jpg?fit=1260%2C240&ssl=1\",\"width\":1260,\"height\":240,\"caption\":\"TuS Eschringen\"},\"image\":{\"@id\":\"https:\\\/\\\/tus.eschringen.de\\\/wordpress\\\/#\\\/schema\\\/logo\\\/image\\\/\"},\"sameAs\":[\"https:\\\/\\\/www.facebook.com\\\/TuS.Eschringen\\\/\",\"https:\\\/\\\/www.instagram.com\\\/tus.eschringen\\\/\"]},{\"@type\":\"Person\",\"@id\":\"https:\\\/\\\/tus.eschringen.de\\\/wordpress\\\/#\\\/schema\\\/person\\\/40135b2a56d1e361a2ad54242e8338a1\",\"name\":\"Stefan Vogelgesang\",\"image\":{\"@type\":\"ImageObject\",\"inLanguage\":\"de\",\"@id\":\"https:\\\/\\\/secure.gravatar.com\\\/avatar\\\/5633e4c0de8771818b0e2f3c72ef14f79d7bfd1aa794c0c5b5c7e17fe9ee3caa?s=96&d=mm&r=g\",\"url\":\"https:\\\/\\\/secure.gravatar.com\\\/avatar\\\/5633e4c0de8771818b0e2f3c72ef14f79d7bfd1aa794c0c5b5c7e17fe9ee3caa?s=96&d=mm&r=g\",\"contentUrl\":\"https:\\\/\\\/secure.gravatar.com\\\/avatar\\\/5633e4c0de8771818b0e2f3c72ef14f79d7bfd1aa794c0c5b5c7e17fe9ee3caa?s=96&d=mm&r=g\",\"caption\":\"Stefan Vogelgesang\"},\"url\":\"https:\\\/\\\/tus.eschringen.de\\\/wordpress\\\/author\\\/stefan-vogelgesang\\\/\"}]}<\/script>\n<!-- \/ Yoast SEO plugin. -->","yoast_head_json":{"title":"TuS I zum Start der R\u00fcckrunde bei Ay Yildiz - TuS Eschringen","robots":{"index":"index","follow":"follow","max-snippet":"max-snippet:-1","max-image-preview":"max-image-preview:large","max-video-preview":"max-video-preview:-1"},"canonical":"https:\/\/tus.eschringen.de\/wordpress\/tus-i-zum-start-der-rueckrunde-bei-ay-yildiz\/","og_locale":"de_DE","og_type":"article","og_title":"TuS I zum Start der R\u00fcckrunde bei Ay Yildiz - TuS Eschringen","og_description":"Zum Ende der Vorrunde, nach 15 Spieltagen, steht unser Team mit 16 Punkten und einer Bilanz von 4-4-7 auf dem 13. Tabellenplatz, dem 1. Nichtabstiegsplatz. Der Abstand zum 14. Tabellenplatz, den die SVG Altenwald einnimmt, betr\u00e4gt drei Punkte. Allerdings haben wir auch nur vier Punkte R\u00fcckstand zum Tabellenachten, dem FV Fischbach. D. h. wir befinden ... alles lesen","og_url":"https:\/\/tus.eschringen.de\/wordpress\/tus-i-zum-start-der-rueckrunde-bei-ay-yildiz\/","og_site_name":"TuS Eschringen","article_publisher":"https:\/\/www.facebook.com\/TuS.Eschringen\/","article_published_time":"2024-11-01T10:37:38+00:00","article_modified_time":"2024-11-01T10:37:41+00:00","og_image":[{"width":1080,"height":1080,"url":"https:\/\/tus.eschringen.de\/wordpress\/wp-content\/uploads\/2024\/11\/2024_11_03.jpg","type":"image\/jpeg"}],"author":"Stefan Vogelgesang","twitter_card":"summary_large_image","twitter_misc":{"Verfasst von":"Stefan Vogelgesang","Gesch\u00e4tzte Lesezeit":"3\u00a0Minuten"},"schema":{"@context":"https:\/\/schema.org","@graph":[{"@type":"Article","@id":"https:\/\/tus.eschringen.de\/wordpress\/tus-i-zum-start-der-rueckrunde-bei-ay-yildiz\/#article","isPartOf":{"@id":"https:\/\/tus.eschringen.de\/wordpress\/tus-i-zum-start-der-rueckrunde-bei-ay-yildiz\/"},"author":{"name":"Stefan Vogelgesang","@id":"https:\/\/tus.eschringen.de\/wordpress\/#\/schema\/person\/40135b2a56d1e361a2ad54242e8338a1"},"headline":"TuS I zum Start der R\u00fcckrunde bei Ay Yildiz","datePublished":"2024-11-01T10:37:38+00:00","dateModified":"2024-11-01T10:37:41+00:00","mainEntityOfPage":{"@id":"https:\/\/tus.eschringen.de\/wordpress\/tus-i-zum-start-der-rueckrunde-bei-ay-yildiz\/"},"wordCount":374,"publisher":{"@id":"https:\/\/tus.eschringen.de\/wordpress\/#organization"},"image":{"@id":"https:\/\/tus.eschringen.de\/wordpress\/tus-i-zum-start-der-rueckrunde-bei-ay-yildiz\/#primaryimage"},"thumbnailUrl":"https:\/\/i0.wp.com\/tus.eschringen.de\/wordpress\/wp-content\/uploads\/2024\/11\/2024_11_03.jpg?fit=1080%2C1080&ssl=1","inLanguage":"de"},{"@type":"WebPage","@id":"https:\/\/tus.eschringen.de\/wordpress\/tus-i-zum-start-der-rueckrunde-bei-ay-yildiz\/","url":"https:\/\/tus.eschringen.de\/wordpress\/tus-i-zum-start-der-rueckrunde-bei-ay-yildiz\/","name":"TuS I zum Start der R\u00fcckrunde bei Ay Yildiz - TuS Eschringen","isPartOf":{"@id":"https:\/\/tus.eschringen.de\/wordpress\/#website"},"primaryImageOfPage":{"@id":"https:\/\/tus.eschringen.de\/wordpress\/tus-i-zum-start-der-rueckrunde-bei-ay-yildiz\/#primaryimage"},"image":{"@id":"https:\/\/tus.eschringen.de\/wordpress\/tus-i-zum-start-der-rueckrunde-bei-ay-yildiz\/#primaryimage"},"thumbnailUrl":"https:\/\/i0.wp.com\/tus.eschringen.de\/wordpress\/wp-content\/uploads\/2024\/11\/2024_11_03.jpg?fit=1080%2C1080&ssl=1","datePublished":"2024-11-01T10:37:38+00:00","dateModified":"2024-11-01T10:37:41+00:00","breadcrumb":{"@id":"https:\/\/tus.eschringen.de\/wordpress\/tus-i-zum-start-der-rueckrunde-bei-ay-yildiz\/#breadcrumb"},"inLanguage":"de","potentialAction":[{"@type":"ReadAction","target":["https:\/\/tus.eschringen.de\/wordpress\/tus-i-zum-start-der-rueckrunde-bei-ay-yildiz\/"]}]},{"@type":"ImageObject","inLanguage":"de","@id":"https:\/\/tus.eschringen.de\/wordpress\/tus-i-zum-start-der-rueckrunde-bei-ay-yildiz\/#primaryimage","url":"https:\/\/i0.wp.com\/tus.eschringen.de\/wordpress\/wp-content\/uploads\/2024\/11\/2024_11_03.jpg?fit=1080%2C1080&ssl=1","contentUrl":"https:\/\/i0.wp.com\/tus.eschringen.de\/wordpress\/wp-content\/uploads\/2024\/11\/2024_11_03.jpg?fit=1080%2C1080&ssl=1","width":1080,"height":1080},{"@type":"BreadcrumbList","@id":"https:\/\/tus.eschringen.de\/wordpress\/tus-i-zum-start-der-rueckrunde-bei-ay-yildiz\/#breadcrumb","itemListElement":[{"@type":"ListItem","position":1,"name":"Startseite","item":"https:\/\/tus.eschringen.de\/wordpress\/"},{"@type":"ListItem","position":2,"name":"TuS I zum Start der R\u00fcckrunde bei Ay Yildiz"}]},{"@type":"WebSite","@id":"https:\/\/tus.eschringen.de\/wordpress\/#website","url":"https:\/\/tus.eschringen.de\/wordpress\/","name":"TuS Eschringen","description":"","publisher":{"@id":"https:\/\/tus.eschringen.de\/wordpress\/#organization"},"potentialAction":[{"@type":"SearchAction","target":{"@type":"EntryPoint","urlTemplate":"https:\/\/tus.eschringen.de\/wordpress\/?s={search_term_string}"},"query-input":{"@type":"PropertyValueSpecification","valueRequired":true,"valueName":"search_term_string"}}],"inLanguage":"de"},{"@type":"Organization","@id":"https:\/\/tus.eschringen.de\/wordpress\/#organization","name":"TuS Eschringen","url":"https:\/\/tus.eschringen.de\/wordpress\/","logo":{"@type":"ImageObject","inLanguage":"de","@id":"https:\/\/tus.eschringen.de\/wordpress\/#\/schema\/logo\/image\/","url":"https:\/\/i0.wp.com\/tus.eschringen.de\/wordpress\/wp-content\/uploads\/2025\/07\/Web_kopf.jpg?fit=1260%2C240&ssl=1","contentUrl":"https:\/\/i0.wp.com\/tus.eschringen.de\/wordpress\/wp-content\/uploads\/2025\/07\/Web_kopf.jpg?fit=1260%2C240&ssl=1","width":1260,"height":240,"caption":"TuS Eschringen"},"image":{"@id":"https:\/\/tus.eschringen.de\/wordpress\/#\/schema\/logo\/image\/"},"sameAs":["https:\/\/www.facebook.com\/TuS.Eschringen\/","https:\/\/www.instagram.com\/tus.eschringen\/"]},{"@type":"Person","@id":"https:\/\/tus.eschringen.de\/wordpress\/#\/schema\/person\/40135b2a56d1e361a2ad54242e8338a1","name":"Stefan Vogelgesang","image":{"@type":"ImageObject","inLanguage":"de","@id":"https:\/\/secure.gravatar.com\/avatar\/5633e4c0de8771818b0e2f3c72ef14f79d7bfd1aa794c0c5b5c7e17fe9ee3caa?s=96&d=mm&r=g","url":"https:\/\/secure.gravatar.com\/avatar\/5633e4c0de8771818b0e2f3c72ef14f79d7bfd1aa794c0c5b5c7e17fe9ee3caa?s=96&d=mm&r=g","contentUrl":"https:\/\/secure.gravatar.com\/avatar\/5633e4c0de8771818b0e2f3c72ef14f79d7bfd1aa794c0c5b5c7e17fe9ee3caa?s=96&d=mm&r=g","caption":"Stefan Vogelgesang"},"url":"https:\/\/tus.eschringen.de\/wordpress\/author\/stefan-vogelgesang\/"}]}},"jetpack_featured_media_url":"https:\/\/i0.wp.com\/tus.eschringen.de\/wordpress\/wp-content\/uploads\/2024\/11\/2024_11_03.jpg?fit=1080%2C1080&ssl=1","jetpack_sharing_enabled":true,"_links":{"self":[{"href":"https:\/\/tus.eschringen.de\/wordpress\/wp-json\/wp\/v2\/posts\/5492","targetHints":{"allow":["GET"]}}],"collection":[{"href":"https:\/\/tus.eschringen.de\/wordpress\/wp-json\/wp\/v2\/posts"}],"about":[{"href":"https:\/\/tus.eschringen.de\/wordpress\/wp-json\/wp\/v2\/types\/post"}],"author":[{"embeddable":true,"href":"https:\/\/tus.eschringen.de\/wordpress\/wp-json\/wp\/v2\/users\/1"}],"replies":[{"embeddable":true,"href":"https:\/\/tus.eschringen.de\/wordpress\/wp-json\/wp\/v2\/comments?post=5492"}],"version-history":[{"count":1,"href":"https:\/\/tus.eschringen.de\/wordpress\/wp-json\/wp\/v2\/posts\/5492\/revisions"}],"predecessor-version":[{"id":5494,"href":"https:\/\/tus.eschringen.de\/wordpress\/wp-json\/wp\/v2\/posts\/5492\/revisions\/5494"}],"wp:featuredmedia":[{"embeddable":true,"href":"https:\/\/tus.eschringen.de\/wordpress\/wp-json\/wp\/v2\/media\/5493"}],"wp:attachment":[{"href":"https:\/\/tus.eschringen.de\/wordpress\/wp-json\/wp\/v2\/media?parent=5492"}],"wp:term":[{"taxonomy":"category","embeddable":true,"href":"https:\/\/tus.eschringen.de\/wordpress\/wp-json\/wp\/v2\/categories?post=5492"},{"taxonomy":"post_tag","embeddable":true,"href":"https:\/\/tus.eschringen.de\/wordpress\/wp-json\/wp\/v2\/tags?post=5492"}],"curies":[{"name":"wp","href":"https:\/\/api.w.org\/{rel}","templated":true}]}}