{"id":5429,"date":"2024-10-14T14:03:09","date_gmt":"2024-10-14T12:03:09","guid":{"rendered":"https:\/\/tus.eschringen.de\/wordpress\/?p=5429"},"modified":"2024-10-14T14:03:12","modified_gmt":"2024-10-14T12:03:12","slug":"und-woechentlich-gruesst-das-murmeltier","status":"publish","type":"post","link":"https:\/\/tus.eschringen.de\/wordpress\/und-woechentlich-gruesst-das-murmeltier\/","title":{"rendered":"Und \u201ew\u00f6chentlich\u201c gr\u00fc\u00dft das Murmeltier"},"content":{"rendered":"\n<p>Man f\u00fchlt sich an den Spielfilmklassiker \u201eUnd t\u00e4glich gr\u00fc\u00dft das Murmeltier\u201c erinnert, wenn man auf die wiederkehrenden Ergebnisse unserer 1. Mannschaft schaut. In regelm\u00e4\u00dfigen Abst\u00e4nden folgen den erfolgreichen Heimauftritten Ausw\u00e4rtsniederlagen. Leider war dies auch beim Tabellenvorletzten aus Schafbr\u00fccke der Fall.<\/p>\n\n\n\n<p>Dabei begann das Spiel gut. Bereits nach acht Spielminuten verwandelte unser Au\u00dfenst\u00fcrmer Ahmad Abou-Sebh einen weiten Schlag von Torsten Ostermann, durch eine gute Ballmitnahme und einen unhaltbaren Schuss ins linke Eck des G\u00e4stegeh\u00e4uses, zur 1:0-F\u00fchrung. Danach entwickelte sich zun\u00e4chst ein verteiltes Spiel, in dem unserer Mannschaft ein weiterer Treffer aus unklaren Gr\u00fcnden aberkannt wurde. Mit zunehmender Spielzeit wurden die Gastgeber etwas dominanter. Sie entwickelten insbesondere \u00fcber ihre beiden quirligen Offensivspieler Torgefahr. Nachdem Schafbr\u00fccke einige gute Chancen hatte liegen lassen, kamen sie in der 28. Spielminute zum verdienten Ausgleich. Ein Schuss aus 20 Metern, zentrale Position, wurde so ungl\u00fccklich von einem eigenen Mann abgef\u00e4lscht, dass er unhaltbar f\u00fcr unseren Torwart Nedim Talundzic, der auf dem Weg in die andere Ecke war, zum 1:1 im Tor einschlug. Bereits drei Minuten sp\u00e4ter bekam die Heimmannschaft einen Foulelfmeter zugesprochen. Dieser wurde von Nedim im ersten Versuch gehalten. Der Ball landete aber genau auf dem Fu\u00df des ausf\u00fchrenden Simon Baudier, der anschlie\u00dfend keine Probleme damit hatte, im Nachschuss zum 2:1 zu verwandeln. Einige Minuten sp\u00e4ter wurde ein \u00e4hnliches Foul an unserem St\u00fcrmer Ahmad Abou-Sebh im Strafraum der Gastgeber vom Schiedsrichter nicht geahndet. Bis zum Pausenpfiff blieb es somit bei dem 1:2-R\u00fcckstand.<\/p>\n\n\n\n<p>Nach dem Wechsel entwickelte sich ein anderes Spiel. Unserem Team gelang es mehr und mehr, die Gastgeber in die eigene H\u00e4lfte zur\u00fcckzudr\u00e4ngen. Auch wenn Gro\u00dfchancen Mangelware blieben, erspielten wir uns klare Feldvorteile. Den Hausherren ging mehr die Luft aus und sie verschafften sich durch einige grenzwertige Einlagen Zeit. In der 76. Spielminute wurde eine solche, l\u00e4ngst \u00fcberf\u00e4llig, vom Schiedsrichter geahndet und ein Spieler von Schafbr\u00fccke f\u00fcr 10 Minuten vom Feld geschickt. In \u00dcberzahl erzielte unsere Mannschaft in der 85. Spielminute, im Anschluss an eine Ecke, aus dem Gew\u00fchl heraus, den zu diesem Zeitpunkt verdienten Ausgleich. Aber auch diese Szene war umstritten, denn der Ball hatte, nach Ansicht der Gastgeber, die Linie nicht \u00fcberschritten. Diesen Protest \u00e4u\u00dferte der Spieler Baudier derart heftig, dass er den Platz mit einer Roten Karte verlassen musste. Mit dem gerade erst erzielten Ausgleich im Kopf, der kurzzeitigen Konstellation 11 gegen 9 und der folgenden Konstellation 11 gegen 10 schien die T\u00fcr f\u00fcr einen eminent wichtigen Punktgewinn oder gar einen Sieg weit ge\u00f6ffnet. Doch es sollte die bittere Entt\u00e4uschung folgen. In der Schlussminute wurde unser Aufgebot f\u00fcr eine Unachtsamkeit in der Defensive, durch den Gegentreffer zum 3:2, vorentscheidend bestraft. Hierbei wurde ein Freisto\u00df, ungef\u00e4hr von der Mittellinie, an unsere Strafraumgrenze gehoben. Die Kl\u00e4rung per Kopf misslang, der Spieler Giring aus Schafbr\u00fccke kam an den Ball und versenkte diesen mit einem trockenen Schuss im Tor. In der verbleibenden Nachspielzeit, als wir alles nach vorne warfen, um noch zum Ausgleich zu kommen, fingen wir uns noch einen Konter zum 2:4-Endstand.<\/p>\n\n\n\n<p>Unser Team schafft es weiterhin, Verantwortliche und Zuschauer in Atem zu halten. Immer wenn die M\u00f6glichkeit besteht, sich ins Mittelfeld abzusetzen, erfolgt der R\u00fcckschlag beim Spiel in der Ferne. Freuen k\u00f6nnen wir uns deshalb auf den n\u00e4chsten Sonntag, denn dann steht das n\u00e4chste Heimspiel an und gem\u00e4\u00df der Regel \u201eUnd w\u00f6chentlich gr\u00fc\u00dft das Murmeltier\u201c sollten wir dann wieder als Sieger vom Platz gehen.<\/p>\n","protected":false},"excerpt":{"rendered":"<p>Man f\u00fchlt sich an den Spielfilmklassiker \u201eUnd t\u00e4glich gr\u00fc\u00dft das Murmeltier\u201c erinnert, wenn man auf die wiederkehrenden Ergebnisse unserer 1. Mannschaft schaut. In regelm\u00e4\u00dfigen Abst\u00e4nden folgen den erfolgreichen Heimauftritten Ausw\u00e4rtsniederlagen. Leider war dies auch beim Tabellenvorletzten aus Schafbr\u00fccke der Fall. Dabei begann das Spiel gut. Bereits nach acht Spielminuten verwandelte unser Au\u00dfenst\u00fcrmer Ahmad Abou-Sebh einen &#8230; <\/p>\n<p class=\"read-more-container\"><a title=\"Und \u201ew\u00f6chentlich\u201c gr\u00fc\u00dft das Murmeltier\" class=\"read-more button\" href=\"https:\/\/tus.eschringen.de\/wordpress\/und-woechentlich-gruesst-das-murmeltier\/#more-5429\" aria-label=\"Mehr Informationen \u00fcber Und \u201ew\u00f6chentlich\u201c gr\u00fc\u00dft das Murmeltier\">alles lesen<\/a><\/p>\n","protected":false},"author":1,"featured_media":5430,"comment_status":"closed","ping_status":"open","sticky":false,"template":"","format":"standard","meta":{"generate_page_header":"","_jetpack_memberships_contains_paid_content":false,"footnotes":""},"categories":[1],"tags":[],"class_list":["post-5429","post","type-post","status-publish","format-standard","has-post-thumbnail","hentry","category-allgemein"],"yoast_head":"<!-- This site is optimized with the Yoast SEO plugin v27.5 - https:\/\/yoast.com\/product\/yoast-seo-wordpress\/ -->\n<title>Und \u201ew\u00f6chentlich\u201c gr\u00fc\u00dft das Murmeltier - TuS Eschringen<\/title>\n<meta name=\"robots\" content=\"index, follow, max-snippet:-1, max-image-preview:large, max-video-preview:-1\" \/>\n<link rel=\"canonical\" href=\"https:\/\/tus.eschringen.de\/wordpress\/und-woechentlich-gruesst-das-murmeltier\/\" \/>\n<meta property=\"og:locale\" content=\"de_DE\" \/>\n<meta property=\"og:type\" content=\"article\" \/>\n<meta property=\"og:title\" content=\"Und \u201ew\u00f6chentlich\u201c gr\u00fc\u00dft das Murmeltier - TuS Eschringen\" \/>\n<meta property=\"og:description\" content=\"Man f\u00fchlt sich an den Spielfilmklassiker \u201eUnd t\u00e4glich gr\u00fc\u00dft das Murmeltier\u201c erinnert, wenn man auf die wiederkehrenden Ergebnisse unserer 1. Mannschaft schaut. In regelm\u00e4\u00dfigen Abst\u00e4nden folgen den erfolgreichen Heimauftritten Ausw\u00e4rtsniederlagen. Leider war dies auch beim Tabellenvorletzten aus Schafbr\u00fccke der Fall. Dabei begann das Spiel gut. Bereits nach acht Spielminuten verwandelte unser Au\u00dfenst\u00fcrmer Ahmad Abou-Sebh einen ... alles lesen\" \/>\n<meta property=\"og:url\" content=\"https:\/\/tus.eschringen.de\/wordpress\/und-woechentlich-gruesst-das-murmeltier\/\" \/>\n<meta property=\"og:site_name\" content=\"TuS Eschringen\" \/>\n<meta property=\"article:publisher\" content=\"https:\/\/www.facebook.com\/TuS.Eschringen\/\" \/>\n<meta property=\"article:published_time\" content=\"2024-10-14T12:03:09+00:00\" \/>\n<meta property=\"article:modified_time\" content=\"2024-10-14T12:03:12+00:00\" \/>\n<meta property=\"og:image\" content=\"https:\/\/tus.eschringen.de\/wordpress\/wp-content\/uploads\/2024\/10\/2024_10_13E.jpg\" \/>\n\t<meta property=\"og:image:width\" content=\"1000\" \/>\n\t<meta property=\"og:image:height\" content=\"1000\" \/>\n\t<meta property=\"og:image:type\" content=\"image\/jpeg\" \/>\n<meta name=\"author\" content=\"Stefan Vogelgesang\" \/>\n<meta name=\"twitter:card\" content=\"summary_large_image\" \/>\n<meta name=\"twitter:label1\" content=\"Verfasst von\" \/>\n\t<meta name=\"twitter:data1\" content=\"Stefan Vogelgesang\" \/>\n\t<meta name=\"twitter:label2\" content=\"Gesch\u00e4tzte Lesezeit\" \/>\n\t<meta name=\"twitter:data2\" content=\"4\u00a0Minuten\" \/>\n<script type=\"application\/ld+json\" class=\"yoast-schema-graph\">{\"@context\":\"https:\\\/\\\/schema.org\",\"@graph\":[{\"@type\":\"Article\",\"@id\":\"https:\\\/\\\/tus.eschringen.de\\\/wordpress\\\/und-woechentlich-gruesst-das-murmeltier\\\/#article\",\"isPartOf\":{\"@id\":\"https:\\\/\\\/tus.eschringen.de\\\/wordpress\\\/und-woechentlich-gruesst-das-murmeltier\\\/\"},\"author\":{\"name\":\"Stefan Vogelgesang\",\"@id\":\"https:\\\/\\\/tus.eschringen.de\\\/wordpress\\\/#\\\/schema\\\/person\\\/40135b2a56d1e361a2ad54242e8338a1\"},\"headline\":\"Und \u201ew\u00f6chentlich\u201c gr\u00fc\u00dft das Murmeltier\",\"datePublished\":\"2024-10-14T12:03:09+00:00\",\"dateModified\":\"2024-10-14T12:03:12+00:00\",\"mainEntityOfPage\":{\"@id\":\"https:\\\/\\\/tus.eschringen.de\\\/wordpress\\\/und-woechentlich-gruesst-das-murmeltier\\\/\"},\"wordCount\":593,\"publisher\":{\"@id\":\"https:\\\/\\\/tus.eschringen.de\\\/wordpress\\\/#organization\"},\"image\":{\"@id\":\"https:\\\/\\\/tus.eschringen.de\\\/wordpress\\\/und-woechentlich-gruesst-das-murmeltier\\\/#primaryimage\"},\"thumbnailUrl\":\"https:\\\/\\\/i0.wp.com\\\/tus.eschringen.de\\\/wordpress\\\/wp-content\\\/uploads\\\/2024\\\/10\\\/2024_10_13E.jpg?fit=1000%2C1000&ssl=1\",\"inLanguage\":\"de\"},{\"@type\":\"WebPage\",\"@id\":\"https:\\\/\\\/tus.eschringen.de\\\/wordpress\\\/und-woechentlich-gruesst-das-murmeltier\\\/\",\"url\":\"https:\\\/\\\/tus.eschringen.de\\\/wordpress\\\/und-woechentlich-gruesst-das-murmeltier\\\/\",\"name\":\"Und \u201ew\u00f6chentlich\u201c gr\u00fc\u00dft das Murmeltier - TuS Eschringen\",\"isPartOf\":{\"@id\":\"https:\\\/\\\/tus.eschringen.de\\\/wordpress\\\/#website\"},\"primaryImageOfPage\":{\"@id\":\"https:\\\/\\\/tus.eschringen.de\\\/wordpress\\\/und-woechentlich-gruesst-das-murmeltier\\\/#primaryimage\"},\"image\":{\"@id\":\"https:\\\/\\\/tus.eschringen.de\\\/wordpress\\\/und-woechentlich-gruesst-das-murmeltier\\\/#primaryimage\"},\"thumbnailUrl\":\"https:\\\/\\\/i0.wp.com\\\/tus.eschringen.de\\\/wordpress\\\/wp-content\\\/uploads\\\/2024\\\/10\\\/2024_10_13E.jpg?fit=1000%2C1000&ssl=1\",\"datePublished\":\"2024-10-14T12:03:09+00:00\",\"dateModified\":\"2024-10-14T12:03:12+00:00\",\"breadcrumb\":{\"@id\":\"https:\\\/\\\/tus.eschringen.de\\\/wordpress\\\/und-woechentlich-gruesst-das-murmeltier\\\/#breadcrumb\"},\"inLanguage\":\"de\",\"potentialAction\":[{\"@type\":\"ReadAction\",\"target\":[\"https:\\\/\\\/tus.eschringen.de\\\/wordpress\\\/und-woechentlich-gruesst-das-murmeltier\\\/\"]}]},{\"@type\":\"ImageObject\",\"inLanguage\":\"de\",\"@id\":\"https:\\\/\\\/tus.eschringen.de\\\/wordpress\\\/und-woechentlich-gruesst-das-murmeltier\\\/#primaryimage\",\"url\":\"https:\\\/\\\/i0.wp.com\\\/tus.eschringen.de\\\/wordpress\\\/wp-content\\\/uploads\\\/2024\\\/10\\\/2024_10_13E.jpg?fit=1000%2C1000&ssl=1\",\"contentUrl\":\"https:\\\/\\\/i0.wp.com\\\/tus.eschringen.de\\\/wordpress\\\/wp-content\\\/uploads\\\/2024\\\/10\\\/2024_10_13E.jpg?fit=1000%2C1000&ssl=1\",\"width\":1000,\"height\":1000},{\"@type\":\"BreadcrumbList\",\"@id\":\"https:\\\/\\\/tus.eschringen.de\\\/wordpress\\\/und-woechentlich-gruesst-das-murmeltier\\\/#breadcrumb\",\"itemListElement\":[{\"@type\":\"ListItem\",\"position\":1,\"name\":\"Startseite\",\"item\":\"https:\\\/\\\/tus.eschringen.de\\\/wordpress\\\/\"},{\"@type\":\"ListItem\",\"position\":2,\"name\":\"Und \u201ew\u00f6chentlich\u201c gr\u00fc\u00dft das Murmeltier\"}]},{\"@type\":\"WebSite\",\"@id\":\"https:\\\/\\\/tus.eschringen.de\\\/wordpress\\\/#website\",\"url\":\"https:\\\/\\\/tus.eschringen.de\\\/wordpress\\\/\",\"name\":\"TuS Eschringen\",\"description\":\"\",\"publisher\":{\"@id\":\"https:\\\/\\\/tus.eschringen.de\\\/wordpress\\\/#organization\"},\"potentialAction\":[{\"@type\":\"SearchAction\",\"target\":{\"@type\":\"EntryPoint\",\"urlTemplate\":\"https:\\\/\\\/tus.eschringen.de\\\/wordpress\\\/?s={search_term_string}\"},\"query-input\":{\"@type\":\"PropertyValueSpecification\",\"valueRequired\":true,\"valueName\":\"search_term_string\"}}],\"inLanguage\":\"de\"},{\"@type\":\"Organization\",\"@id\":\"https:\\\/\\\/tus.eschringen.de\\\/wordpress\\\/#organization\",\"name\":\"TuS Eschringen\",\"url\":\"https:\\\/\\\/tus.eschringen.de\\\/wordpress\\\/\",\"logo\":{\"@type\":\"ImageObject\",\"inLanguage\":\"de\",\"@id\":\"https:\\\/\\\/tus.eschringen.de\\\/wordpress\\\/#\\\/schema\\\/logo\\\/image\\\/\",\"url\":\"https:\\\/\\\/i0.wp.com\\\/tus.eschringen.de\\\/wordpress\\\/wp-content\\\/uploads\\\/2025\\\/07\\\/Web_kopf.jpg?fit=1260%2C240&ssl=1\",\"contentUrl\":\"https:\\\/\\\/i0.wp.com\\\/tus.eschringen.de\\\/wordpress\\\/wp-content\\\/uploads\\\/2025\\\/07\\\/Web_kopf.jpg?fit=1260%2C240&ssl=1\",\"width\":1260,\"height\":240,\"caption\":\"TuS Eschringen\"},\"image\":{\"@id\":\"https:\\\/\\\/tus.eschringen.de\\\/wordpress\\\/#\\\/schema\\\/logo\\\/image\\\/\"},\"sameAs\":[\"https:\\\/\\\/www.facebook.com\\\/TuS.Eschringen\\\/\",\"https:\\\/\\\/www.instagram.com\\\/tus.eschringen\\\/\"]},{\"@type\":\"Person\",\"@id\":\"https:\\\/\\\/tus.eschringen.de\\\/wordpress\\\/#\\\/schema\\\/person\\\/40135b2a56d1e361a2ad54242e8338a1\",\"name\":\"Stefan Vogelgesang\",\"image\":{\"@type\":\"ImageObject\",\"inLanguage\":\"de\",\"@id\":\"https:\\\/\\\/secure.gravatar.com\\\/avatar\\\/5633e4c0de8771818b0e2f3c72ef14f79d7bfd1aa794c0c5b5c7e17fe9ee3caa?s=96&d=mm&r=g\",\"url\":\"https:\\\/\\\/secure.gravatar.com\\\/avatar\\\/5633e4c0de8771818b0e2f3c72ef14f79d7bfd1aa794c0c5b5c7e17fe9ee3caa?s=96&d=mm&r=g\",\"contentUrl\":\"https:\\\/\\\/secure.gravatar.com\\\/avatar\\\/5633e4c0de8771818b0e2f3c72ef14f79d7bfd1aa794c0c5b5c7e17fe9ee3caa?s=96&d=mm&r=g\",\"caption\":\"Stefan Vogelgesang\"},\"url\":\"https:\\\/\\\/tus.eschringen.de\\\/wordpress\\\/author\\\/stefan-vogelgesang\\\/\"}]}<\/script>\n<!-- \/ Yoast SEO plugin. -->","yoast_head_json":{"title":"Und \u201ew\u00f6chentlich\u201c gr\u00fc\u00dft das Murmeltier - TuS Eschringen","robots":{"index":"index","follow":"follow","max-snippet":"max-snippet:-1","max-image-preview":"max-image-preview:large","max-video-preview":"max-video-preview:-1"},"canonical":"https:\/\/tus.eschringen.de\/wordpress\/und-woechentlich-gruesst-das-murmeltier\/","og_locale":"de_DE","og_type":"article","og_title":"Und \u201ew\u00f6chentlich\u201c gr\u00fc\u00dft das Murmeltier - TuS Eschringen","og_description":"Man f\u00fchlt sich an den Spielfilmklassiker \u201eUnd t\u00e4glich gr\u00fc\u00dft das Murmeltier\u201c erinnert, wenn man auf die wiederkehrenden Ergebnisse unserer 1. Mannschaft schaut. In regelm\u00e4\u00dfigen Abst\u00e4nden folgen den erfolgreichen Heimauftritten Ausw\u00e4rtsniederlagen. Leider war dies auch beim Tabellenvorletzten aus Schafbr\u00fccke der Fall. Dabei begann das Spiel gut. Bereits nach acht Spielminuten verwandelte unser Au\u00dfenst\u00fcrmer Ahmad Abou-Sebh einen ... alles lesen","og_url":"https:\/\/tus.eschringen.de\/wordpress\/und-woechentlich-gruesst-das-murmeltier\/","og_site_name":"TuS Eschringen","article_publisher":"https:\/\/www.facebook.com\/TuS.Eschringen\/","article_published_time":"2024-10-14T12:03:09+00:00","article_modified_time":"2024-10-14T12:03:12+00:00","og_image":[{"width":1000,"height":1000,"url":"https:\/\/tus.eschringen.de\/wordpress\/wp-content\/uploads\/2024\/10\/2024_10_13E.jpg","type":"image\/jpeg"}],"author":"Stefan Vogelgesang","twitter_card":"summary_large_image","twitter_misc":{"Verfasst von":"Stefan Vogelgesang","Gesch\u00e4tzte Lesezeit":"4\u00a0Minuten"},"schema":{"@context":"https:\/\/schema.org","@graph":[{"@type":"Article","@id":"https:\/\/tus.eschringen.de\/wordpress\/und-woechentlich-gruesst-das-murmeltier\/#article","isPartOf":{"@id":"https:\/\/tus.eschringen.de\/wordpress\/und-woechentlich-gruesst-das-murmeltier\/"},"author":{"name":"Stefan Vogelgesang","@id":"https:\/\/tus.eschringen.de\/wordpress\/#\/schema\/person\/40135b2a56d1e361a2ad54242e8338a1"},"headline":"Und \u201ew\u00f6chentlich\u201c gr\u00fc\u00dft das Murmeltier","datePublished":"2024-10-14T12:03:09+00:00","dateModified":"2024-10-14T12:03:12+00:00","mainEntityOfPage":{"@id":"https:\/\/tus.eschringen.de\/wordpress\/und-woechentlich-gruesst-das-murmeltier\/"},"wordCount":593,"publisher":{"@id":"https:\/\/tus.eschringen.de\/wordpress\/#organization"},"image":{"@id":"https:\/\/tus.eschringen.de\/wordpress\/und-woechentlich-gruesst-das-murmeltier\/#primaryimage"},"thumbnailUrl":"https:\/\/i0.wp.com\/tus.eschringen.de\/wordpress\/wp-content\/uploads\/2024\/10\/2024_10_13E.jpg?fit=1000%2C1000&ssl=1","inLanguage":"de"},{"@type":"WebPage","@id":"https:\/\/tus.eschringen.de\/wordpress\/und-woechentlich-gruesst-das-murmeltier\/","url":"https:\/\/tus.eschringen.de\/wordpress\/und-woechentlich-gruesst-das-murmeltier\/","name":"Und \u201ew\u00f6chentlich\u201c gr\u00fc\u00dft das Murmeltier - TuS Eschringen","isPartOf":{"@id":"https:\/\/tus.eschringen.de\/wordpress\/#website"},"primaryImageOfPage":{"@id":"https:\/\/tus.eschringen.de\/wordpress\/und-woechentlich-gruesst-das-murmeltier\/#primaryimage"},"image":{"@id":"https:\/\/tus.eschringen.de\/wordpress\/und-woechentlich-gruesst-das-murmeltier\/#primaryimage"},"thumbnailUrl":"https:\/\/i0.wp.com\/tus.eschringen.de\/wordpress\/wp-content\/uploads\/2024\/10\/2024_10_13E.jpg?fit=1000%2C1000&ssl=1","datePublished":"2024-10-14T12:03:09+00:00","dateModified":"2024-10-14T12:03:12+00:00","breadcrumb":{"@id":"https:\/\/tus.eschringen.de\/wordpress\/und-woechentlich-gruesst-das-murmeltier\/#breadcrumb"},"inLanguage":"de","potentialAction":[{"@type":"ReadAction","target":["https:\/\/tus.eschringen.de\/wordpress\/und-woechentlich-gruesst-das-murmeltier\/"]}]},{"@type":"ImageObject","inLanguage":"de","@id":"https:\/\/tus.eschringen.de\/wordpress\/und-woechentlich-gruesst-das-murmeltier\/#primaryimage","url":"https:\/\/i0.wp.com\/tus.eschringen.de\/wordpress\/wp-content\/uploads\/2024\/10\/2024_10_13E.jpg?fit=1000%2C1000&ssl=1","contentUrl":"https:\/\/i0.wp.com\/tus.eschringen.de\/wordpress\/wp-content\/uploads\/2024\/10\/2024_10_13E.jpg?fit=1000%2C1000&ssl=1","width":1000,"height":1000},{"@type":"BreadcrumbList","@id":"https:\/\/tus.eschringen.de\/wordpress\/und-woechentlich-gruesst-das-murmeltier\/#breadcrumb","itemListElement":[{"@type":"ListItem","position":1,"name":"Startseite","item":"https:\/\/tus.eschringen.de\/wordpress\/"},{"@type":"ListItem","position":2,"name":"Und \u201ew\u00f6chentlich\u201c gr\u00fc\u00dft das Murmeltier"}]},{"@type":"WebSite","@id":"https:\/\/tus.eschringen.de\/wordpress\/#website","url":"https:\/\/tus.eschringen.de\/wordpress\/","name":"TuS Eschringen","description":"","publisher":{"@id":"https:\/\/tus.eschringen.de\/wordpress\/#organization"},"potentialAction":[{"@type":"SearchAction","target":{"@type":"EntryPoint","urlTemplate":"https:\/\/tus.eschringen.de\/wordpress\/?s={search_term_string}"},"query-input":{"@type":"PropertyValueSpecification","valueRequired":true,"valueName":"search_term_string"}}],"inLanguage":"de"},{"@type":"Organization","@id":"https:\/\/tus.eschringen.de\/wordpress\/#organization","name":"TuS Eschringen","url":"https:\/\/tus.eschringen.de\/wordpress\/","logo":{"@type":"ImageObject","inLanguage":"de","@id":"https:\/\/tus.eschringen.de\/wordpress\/#\/schema\/logo\/image\/","url":"https:\/\/i0.wp.com\/tus.eschringen.de\/wordpress\/wp-content\/uploads\/2025\/07\/Web_kopf.jpg?fit=1260%2C240&ssl=1","contentUrl":"https:\/\/i0.wp.com\/tus.eschringen.de\/wordpress\/wp-content\/uploads\/2025\/07\/Web_kopf.jpg?fit=1260%2C240&ssl=1","width":1260,"height":240,"caption":"TuS Eschringen"},"image":{"@id":"https:\/\/tus.eschringen.de\/wordpress\/#\/schema\/logo\/image\/"},"sameAs":["https:\/\/www.facebook.com\/TuS.Eschringen\/","https:\/\/www.instagram.com\/tus.eschringen\/"]},{"@type":"Person","@id":"https:\/\/tus.eschringen.de\/wordpress\/#\/schema\/person\/40135b2a56d1e361a2ad54242e8338a1","name":"Stefan Vogelgesang","image":{"@type":"ImageObject","inLanguage":"de","@id":"https:\/\/secure.gravatar.com\/avatar\/5633e4c0de8771818b0e2f3c72ef14f79d7bfd1aa794c0c5b5c7e17fe9ee3caa?s=96&d=mm&r=g","url":"https:\/\/secure.gravatar.com\/avatar\/5633e4c0de8771818b0e2f3c72ef14f79d7bfd1aa794c0c5b5c7e17fe9ee3caa?s=96&d=mm&r=g","contentUrl":"https:\/\/secure.gravatar.com\/avatar\/5633e4c0de8771818b0e2f3c72ef14f79d7bfd1aa794c0c5b5c7e17fe9ee3caa?s=96&d=mm&r=g","caption":"Stefan Vogelgesang"},"url":"https:\/\/tus.eschringen.de\/wordpress\/author\/stefan-vogelgesang\/"}]}},"jetpack_featured_media_url":"https:\/\/i0.wp.com\/tus.eschringen.de\/wordpress\/wp-content\/uploads\/2024\/10\/2024_10_13E.jpg?fit=1000%2C1000&ssl=1","jetpack_sharing_enabled":true,"_links":{"self":[{"href":"https:\/\/tus.eschringen.de\/wordpress\/wp-json\/wp\/v2\/posts\/5429","targetHints":{"allow":["GET"]}}],"collection":[{"href":"https:\/\/tus.eschringen.de\/wordpress\/wp-json\/wp\/v2\/posts"}],"about":[{"href":"https:\/\/tus.eschringen.de\/wordpress\/wp-json\/wp\/v2\/types\/post"}],"author":[{"embeddable":true,"href":"https:\/\/tus.eschringen.de\/wordpress\/wp-json\/wp\/v2\/users\/1"}],"replies":[{"embeddable":true,"href":"https:\/\/tus.eschringen.de\/wordpress\/wp-json\/wp\/v2\/comments?post=5429"}],"version-history":[{"count":1,"href":"https:\/\/tus.eschringen.de\/wordpress\/wp-json\/wp\/v2\/posts\/5429\/revisions"}],"predecessor-version":[{"id":5431,"href":"https:\/\/tus.eschringen.de\/wordpress\/wp-json\/wp\/v2\/posts\/5429\/revisions\/5431"}],"wp:featuredmedia":[{"embeddable":true,"href":"https:\/\/tus.eschringen.de\/wordpress\/wp-json\/wp\/v2\/media\/5430"}],"wp:attachment":[{"href":"https:\/\/tus.eschringen.de\/wordpress\/wp-json\/wp\/v2\/media?parent=5429"}],"wp:term":[{"taxonomy":"category","embeddable":true,"href":"https:\/\/tus.eschringen.de\/wordpress\/wp-json\/wp\/v2\/categories?post=5429"},{"taxonomy":"post_tag","embeddable":true,"href":"https:\/\/tus.eschringen.de\/wordpress\/wp-json\/wp\/v2\/tags?post=5429"}],"curies":[{"name":"wp","href":"https:\/\/api.w.org\/{rel}","templated":true}]}}