{"id":5413,"date":"2024-10-11T12:58:10","date_gmt":"2024-10-11T10:58:10","guid":{"rendered":"https:\/\/tus.eschringen.de\/wordpress\/?p=5413"},"modified":"2024-10-11T12:58:13","modified_gmt":"2024-10-11T10:58:13","slug":"fuer-unsere-zweite-heisst-es-dranbleiben","status":"publish","type":"post","link":"https:\/\/tus.eschringen.de\/wordpress\/fuer-unsere-zweite-heisst-es-dranbleiben\/","title":{"rendered":"F\u00fcr unsere Zweite hei\u00dft es \u201eDranbleiben\u201c"},"content":{"rendered":"\n<p>Die Formkurve bei unserer zweiten Mannschaft zeigt eindeutig nach oben. Dies ist nicht nur der Formtabelle bei FuPa (f\u00fcr die geneigte Leserin oder den geneigten Leser: ehemals als Akronym f\u00fcr Fu\u00dfball Passau) zu entnehmen, sondern dokumentiert sich auch darin, dass von den letzten drei Spielen zwei gewonnen wurden.<\/p>\n\n\n\n<p>Mit Schafbr\u00fccke trifft man auf einen Gegner, der sich mit 20 Punkten auf Platz 6 der Tabelle wiederfindet. Ohne Frage handelt es sich als um eine harte Nuss. Ob es unserer Zweiten gelingt, diese zu knacken und die guten Leistungen der vergangenen Wochen zu best\u00e4tigen, k\u00f6nnt Ihr am Sonntag, dem 13.10.2024, um 13:15 Uhr, auf dem Sportplatz in Schafbr\u00fccke, Am Halberg 8, 66121 Saarbr\u00fccken, live verfolgen.<\/p>\n\n\n\n<p><\/p>\n","protected":false},"excerpt":{"rendered":"<p>Die Formkurve bei unserer zweiten Mannschaft zeigt eindeutig nach oben. Dies ist nicht nur der Formtabelle bei FuPa (f\u00fcr die geneigte Leserin oder den geneigten Leser: ehemals als Akronym f\u00fcr Fu\u00dfball Passau) zu entnehmen, sondern dokumentiert sich auch darin, dass von den letzten drei Spielen zwei gewonnen wurden. Mit Schafbr\u00fccke trifft man auf einen Gegner, &#8230; <\/p>\n<p class=\"read-more-container\"><a title=\"F\u00fcr unsere Zweite hei\u00dft es \u201eDranbleiben\u201c\" class=\"read-more button\" href=\"https:\/\/tus.eschringen.de\/wordpress\/fuer-unsere-zweite-heisst-es-dranbleiben\/#more-5413\" aria-label=\"Mehr Informationen \u00fcber F\u00fcr unsere Zweite hei\u00dft es \u201eDranbleiben\u201c\">alles lesen<\/a><\/p>\n","protected":false},"author":1,"featured_media":5414,"comment_status":"closed","ping_status":"open","sticky":false,"template":"","format":"standard","meta":{"generate_page_header":"","_jetpack_memberships_contains_paid_content":false,"footnotes":""},"categories":[1],"tags":[],"class_list":["post-5413","post","type-post","status-publish","format-standard","has-post-thumbnail","hentry","category-allgemein"],"yoast_head":"<!-- This site is optimized with the Yoast SEO plugin v27.5 - https:\/\/yoast.com\/product\/yoast-seo-wordpress\/ -->\n<title>F\u00fcr unsere Zweite hei\u00dft es \u201eDranbleiben\u201c - TuS Eschringen<\/title>\n<meta name=\"robots\" content=\"index, follow, max-snippet:-1, max-image-preview:large, max-video-preview:-1\" \/>\n<link rel=\"canonical\" href=\"https:\/\/tus.eschringen.de\/wordpress\/fuer-unsere-zweite-heisst-es-dranbleiben\/\" \/>\n<meta property=\"og:locale\" content=\"de_DE\" \/>\n<meta property=\"og:type\" content=\"article\" \/>\n<meta property=\"og:title\" content=\"F\u00fcr unsere Zweite hei\u00dft es \u201eDranbleiben\u201c - TuS Eschringen\" \/>\n<meta property=\"og:description\" content=\"Die Formkurve bei unserer zweiten Mannschaft zeigt eindeutig nach oben. Dies ist nicht nur der Formtabelle bei FuPa (f\u00fcr die geneigte Leserin oder den geneigten Leser: ehemals als Akronym f\u00fcr Fu\u00dfball Passau) zu entnehmen, sondern dokumentiert sich auch darin, dass von den letzten drei Spielen zwei gewonnen wurden. Mit Schafbr\u00fccke trifft man auf einen Gegner, ... alles lesen\" \/>\n<meta property=\"og:url\" content=\"https:\/\/tus.eschringen.de\/wordpress\/fuer-unsere-zweite-heisst-es-dranbleiben\/\" \/>\n<meta property=\"og:site_name\" content=\"TuS Eschringen\" \/>\n<meta property=\"article:publisher\" content=\"https:\/\/www.facebook.com\/TuS.Eschringen\/\" \/>\n<meta property=\"article:published_time\" content=\"2024-10-11T10:58:10+00:00\" \/>\n<meta property=\"article:modified_time\" content=\"2024-10-11T10:58:13+00:00\" \/>\n<meta property=\"og:image\" content=\"https:\/\/tus.eschringen.de\/wordpress\/wp-content\/uploads\/2024\/10\/2024_10_13_2.jpg\" \/>\n\t<meta property=\"og:image:width\" content=\"1000\" \/>\n\t<meta property=\"og:image:height\" content=\"1000\" \/>\n\t<meta property=\"og:image:type\" content=\"image\/jpeg\" \/>\n<meta name=\"author\" content=\"Stefan Vogelgesang\" \/>\n<meta name=\"twitter:card\" content=\"summary_large_image\" \/>\n<meta name=\"twitter:label1\" content=\"Verfasst von\" \/>\n\t<meta name=\"twitter:data1\" content=\"Stefan Vogelgesang\" \/>\n\t<meta name=\"twitter:label2\" content=\"Gesch\u00e4tzte Lesezeit\" \/>\n\t<meta name=\"twitter:data2\" content=\"1\u00a0Minute\" \/>\n<script type=\"application\/ld+json\" class=\"yoast-schema-graph\">{\"@context\":\"https:\\\/\\\/schema.org\",\"@graph\":[{\"@type\":\"Article\",\"@id\":\"https:\\\/\\\/tus.eschringen.de\\\/wordpress\\\/fuer-unsere-zweite-heisst-es-dranbleiben\\\/#article\",\"isPartOf\":{\"@id\":\"https:\\\/\\\/tus.eschringen.de\\\/wordpress\\\/fuer-unsere-zweite-heisst-es-dranbleiben\\\/\"},\"author\":{\"name\":\"Stefan Vogelgesang\",\"@id\":\"https:\\\/\\\/tus.eschringen.de\\\/wordpress\\\/#\\\/schema\\\/person\\\/40135b2a56d1e361a2ad54242e8338a1\"},\"headline\":\"F\u00fcr unsere Zweite hei\u00dft es \u201eDranbleiben\u201c\",\"datePublished\":\"2024-10-11T10:58:10+00:00\",\"dateModified\":\"2024-10-11T10:58:13+00:00\",\"mainEntityOfPage\":{\"@id\":\"https:\\\/\\\/tus.eschringen.de\\\/wordpress\\\/fuer-unsere-zweite-heisst-es-dranbleiben\\\/\"},\"wordCount\":124,\"publisher\":{\"@id\":\"https:\\\/\\\/tus.eschringen.de\\\/wordpress\\\/#organization\"},\"image\":{\"@id\":\"https:\\\/\\\/tus.eschringen.de\\\/wordpress\\\/fuer-unsere-zweite-heisst-es-dranbleiben\\\/#primaryimage\"},\"thumbnailUrl\":\"https:\\\/\\\/i0.wp.com\\\/tus.eschringen.de\\\/wordpress\\\/wp-content\\\/uploads\\\/2024\\\/10\\\/2024_10_13_2.jpg?fit=1000%2C1000&ssl=1\",\"inLanguage\":\"de\"},{\"@type\":\"WebPage\",\"@id\":\"https:\\\/\\\/tus.eschringen.de\\\/wordpress\\\/fuer-unsere-zweite-heisst-es-dranbleiben\\\/\",\"url\":\"https:\\\/\\\/tus.eschringen.de\\\/wordpress\\\/fuer-unsere-zweite-heisst-es-dranbleiben\\\/\",\"name\":\"F\u00fcr unsere Zweite hei\u00dft es \u201eDranbleiben\u201c - TuS Eschringen\",\"isPartOf\":{\"@id\":\"https:\\\/\\\/tus.eschringen.de\\\/wordpress\\\/#website\"},\"primaryImageOfPage\":{\"@id\":\"https:\\\/\\\/tus.eschringen.de\\\/wordpress\\\/fuer-unsere-zweite-heisst-es-dranbleiben\\\/#primaryimage\"},\"image\":{\"@id\":\"https:\\\/\\\/tus.eschringen.de\\\/wordpress\\\/fuer-unsere-zweite-heisst-es-dranbleiben\\\/#primaryimage\"},\"thumbnailUrl\":\"https:\\\/\\\/i0.wp.com\\\/tus.eschringen.de\\\/wordpress\\\/wp-content\\\/uploads\\\/2024\\\/10\\\/2024_10_13_2.jpg?fit=1000%2C1000&ssl=1\",\"datePublished\":\"2024-10-11T10:58:10+00:00\",\"dateModified\":\"2024-10-11T10:58:13+00:00\",\"breadcrumb\":{\"@id\":\"https:\\\/\\\/tus.eschringen.de\\\/wordpress\\\/fuer-unsere-zweite-heisst-es-dranbleiben\\\/#breadcrumb\"},\"inLanguage\":\"de\",\"potentialAction\":[{\"@type\":\"ReadAction\",\"target\":[\"https:\\\/\\\/tus.eschringen.de\\\/wordpress\\\/fuer-unsere-zweite-heisst-es-dranbleiben\\\/\"]}]},{\"@type\":\"ImageObject\",\"inLanguage\":\"de\",\"@id\":\"https:\\\/\\\/tus.eschringen.de\\\/wordpress\\\/fuer-unsere-zweite-heisst-es-dranbleiben\\\/#primaryimage\",\"url\":\"https:\\\/\\\/i0.wp.com\\\/tus.eschringen.de\\\/wordpress\\\/wp-content\\\/uploads\\\/2024\\\/10\\\/2024_10_13_2.jpg?fit=1000%2C1000&ssl=1\",\"contentUrl\":\"https:\\\/\\\/i0.wp.com\\\/tus.eschringen.de\\\/wordpress\\\/wp-content\\\/uploads\\\/2024\\\/10\\\/2024_10_13_2.jpg?fit=1000%2C1000&ssl=1\",\"width\":1000,\"height\":1000},{\"@type\":\"BreadcrumbList\",\"@id\":\"https:\\\/\\\/tus.eschringen.de\\\/wordpress\\\/fuer-unsere-zweite-heisst-es-dranbleiben\\\/#breadcrumb\",\"itemListElement\":[{\"@type\":\"ListItem\",\"position\":1,\"name\":\"Startseite\",\"item\":\"https:\\\/\\\/tus.eschringen.de\\\/wordpress\\\/\"},{\"@type\":\"ListItem\",\"position\":2,\"name\":\"F\u00fcr unsere Zweite hei\u00dft es \u201eDranbleiben\u201c\"}]},{\"@type\":\"WebSite\",\"@id\":\"https:\\\/\\\/tus.eschringen.de\\\/wordpress\\\/#website\",\"url\":\"https:\\\/\\\/tus.eschringen.de\\\/wordpress\\\/\",\"name\":\"TuS Eschringen\",\"description\":\"\",\"publisher\":{\"@id\":\"https:\\\/\\\/tus.eschringen.de\\\/wordpress\\\/#organization\"},\"potentialAction\":[{\"@type\":\"SearchAction\",\"target\":{\"@type\":\"EntryPoint\",\"urlTemplate\":\"https:\\\/\\\/tus.eschringen.de\\\/wordpress\\\/?s={search_term_string}\"},\"query-input\":{\"@type\":\"PropertyValueSpecification\",\"valueRequired\":true,\"valueName\":\"search_term_string\"}}],\"inLanguage\":\"de\"},{\"@type\":\"Organization\",\"@id\":\"https:\\\/\\\/tus.eschringen.de\\\/wordpress\\\/#organization\",\"name\":\"TuS Eschringen\",\"url\":\"https:\\\/\\\/tus.eschringen.de\\\/wordpress\\\/\",\"logo\":{\"@type\":\"ImageObject\",\"inLanguage\":\"de\",\"@id\":\"https:\\\/\\\/tus.eschringen.de\\\/wordpress\\\/#\\\/schema\\\/logo\\\/image\\\/\",\"url\":\"https:\\\/\\\/i0.wp.com\\\/tus.eschringen.de\\\/wordpress\\\/wp-content\\\/uploads\\\/2025\\\/07\\\/Web_kopf.jpg?fit=1260%2C240&ssl=1\",\"contentUrl\":\"https:\\\/\\\/i0.wp.com\\\/tus.eschringen.de\\\/wordpress\\\/wp-content\\\/uploads\\\/2025\\\/07\\\/Web_kopf.jpg?fit=1260%2C240&ssl=1\",\"width\":1260,\"height\":240,\"caption\":\"TuS Eschringen\"},\"image\":{\"@id\":\"https:\\\/\\\/tus.eschringen.de\\\/wordpress\\\/#\\\/schema\\\/logo\\\/image\\\/\"},\"sameAs\":[\"https:\\\/\\\/www.facebook.com\\\/TuS.Eschringen\\\/\",\"https:\\\/\\\/www.instagram.com\\\/tus.eschringen\\\/\"]},{\"@type\":\"Person\",\"@id\":\"https:\\\/\\\/tus.eschringen.de\\\/wordpress\\\/#\\\/schema\\\/person\\\/40135b2a56d1e361a2ad54242e8338a1\",\"name\":\"Stefan Vogelgesang\",\"image\":{\"@type\":\"ImageObject\",\"inLanguage\":\"de\",\"@id\":\"https:\\\/\\\/secure.gravatar.com\\\/avatar\\\/5633e4c0de8771818b0e2f3c72ef14f79d7bfd1aa794c0c5b5c7e17fe9ee3caa?s=96&d=mm&r=g\",\"url\":\"https:\\\/\\\/secure.gravatar.com\\\/avatar\\\/5633e4c0de8771818b0e2f3c72ef14f79d7bfd1aa794c0c5b5c7e17fe9ee3caa?s=96&d=mm&r=g\",\"contentUrl\":\"https:\\\/\\\/secure.gravatar.com\\\/avatar\\\/5633e4c0de8771818b0e2f3c72ef14f79d7bfd1aa794c0c5b5c7e17fe9ee3caa?s=96&d=mm&r=g\",\"caption\":\"Stefan Vogelgesang\"},\"url\":\"https:\\\/\\\/tus.eschringen.de\\\/wordpress\\\/author\\\/stefan-vogelgesang\\\/\"}]}<\/script>\n<!-- \/ Yoast SEO plugin. -->","yoast_head_json":{"title":"F\u00fcr unsere Zweite hei\u00dft es \u201eDranbleiben\u201c - TuS Eschringen","robots":{"index":"index","follow":"follow","max-snippet":"max-snippet:-1","max-image-preview":"max-image-preview:large","max-video-preview":"max-video-preview:-1"},"canonical":"https:\/\/tus.eschringen.de\/wordpress\/fuer-unsere-zweite-heisst-es-dranbleiben\/","og_locale":"de_DE","og_type":"article","og_title":"F\u00fcr unsere Zweite hei\u00dft es \u201eDranbleiben\u201c - TuS Eschringen","og_description":"Die Formkurve bei unserer zweiten Mannschaft zeigt eindeutig nach oben. Dies ist nicht nur der Formtabelle bei FuPa (f\u00fcr die geneigte Leserin oder den geneigten Leser: ehemals als Akronym f\u00fcr Fu\u00dfball Passau) zu entnehmen, sondern dokumentiert sich auch darin, dass von den letzten drei Spielen zwei gewonnen wurden. Mit Schafbr\u00fccke trifft man auf einen Gegner, ... alles lesen","og_url":"https:\/\/tus.eschringen.de\/wordpress\/fuer-unsere-zweite-heisst-es-dranbleiben\/","og_site_name":"TuS Eschringen","article_publisher":"https:\/\/www.facebook.com\/TuS.Eschringen\/","article_published_time":"2024-10-11T10:58:10+00:00","article_modified_time":"2024-10-11T10:58:13+00:00","og_image":[{"width":1000,"height":1000,"url":"https:\/\/tus.eschringen.de\/wordpress\/wp-content\/uploads\/2024\/10\/2024_10_13_2.jpg","type":"image\/jpeg"}],"author":"Stefan Vogelgesang","twitter_card":"summary_large_image","twitter_misc":{"Verfasst von":"Stefan Vogelgesang","Gesch\u00e4tzte Lesezeit":"1\u00a0Minute"},"schema":{"@context":"https:\/\/schema.org","@graph":[{"@type":"Article","@id":"https:\/\/tus.eschringen.de\/wordpress\/fuer-unsere-zweite-heisst-es-dranbleiben\/#article","isPartOf":{"@id":"https:\/\/tus.eschringen.de\/wordpress\/fuer-unsere-zweite-heisst-es-dranbleiben\/"},"author":{"name":"Stefan Vogelgesang","@id":"https:\/\/tus.eschringen.de\/wordpress\/#\/schema\/person\/40135b2a56d1e361a2ad54242e8338a1"},"headline":"F\u00fcr unsere Zweite hei\u00dft es \u201eDranbleiben\u201c","datePublished":"2024-10-11T10:58:10+00:00","dateModified":"2024-10-11T10:58:13+00:00","mainEntityOfPage":{"@id":"https:\/\/tus.eschringen.de\/wordpress\/fuer-unsere-zweite-heisst-es-dranbleiben\/"},"wordCount":124,"publisher":{"@id":"https:\/\/tus.eschringen.de\/wordpress\/#organization"},"image":{"@id":"https:\/\/tus.eschringen.de\/wordpress\/fuer-unsere-zweite-heisst-es-dranbleiben\/#primaryimage"},"thumbnailUrl":"https:\/\/i0.wp.com\/tus.eschringen.de\/wordpress\/wp-content\/uploads\/2024\/10\/2024_10_13_2.jpg?fit=1000%2C1000&ssl=1","inLanguage":"de"},{"@type":"WebPage","@id":"https:\/\/tus.eschringen.de\/wordpress\/fuer-unsere-zweite-heisst-es-dranbleiben\/","url":"https:\/\/tus.eschringen.de\/wordpress\/fuer-unsere-zweite-heisst-es-dranbleiben\/","name":"F\u00fcr unsere Zweite hei\u00dft es \u201eDranbleiben\u201c - TuS Eschringen","isPartOf":{"@id":"https:\/\/tus.eschringen.de\/wordpress\/#website"},"primaryImageOfPage":{"@id":"https:\/\/tus.eschringen.de\/wordpress\/fuer-unsere-zweite-heisst-es-dranbleiben\/#primaryimage"},"image":{"@id":"https:\/\/tus.eschringen.de\/wordpress\/fuer-unsere-zweite-heisst-es-dranbleiben\/#primaryimage"},"thumbnailUrl":"https:\/\/i0.wp.com\/tus.eschringen.de\/wordpress\/wp-content\/uploads\/2024\/10\/2024_10_13_2.jpg?fit=1000%2C1000&ssl=1","datePublished":"2024-10-11T10:58:10+00:00","dateModified":"2024-10-11T10:58:13+00:00","breadcrumb":{"@id":"https:\/\/tus.eschringen.de\/wordpress\/fuer-unsere-zweite-heisst-es-dranbleiben\/#breadcrumb"},"inLanguage":"de","potentialAction":[{"@type":"ReadAction","target":["https:\/\/tus.eschringen.de\/wordpress\/fuer-unsere-zweite-heisst-es-dranbleiben\/"]}]},{"@type":"ImageObject","inLanguage":"de","@id":"https:\/\/tus.eschringen.de\/wordpress\/fuer-unsere-zweite-heisst-es-dranbleiben\/#primaryimage","url":"https:\/\/i0.wp.com\/tus.eschringen.de\/wordpress\/wp-content\/uploads\/2024\/10\/2024_10_13_2.jpg?fit=1000%2C1000&ssl=1","contentUrl":"https:\/\/i0.wp.com\/tus.eschringen.de\/wordpress\/wp-content\/uploads\/2024\/10\/2024_10_13_2.jpg?fit=1000%2C1000&ssl=1","width":1000,"height":1000},{"@type":"BreadcrumbList","@id":"https:\/\/tus.eschringen.de\/wordpress\/fuer-unsere-zweite-heisst-es-dranbleiben\/#breadcrumb","itemListElement":[{"@type":"ListItem","position":1,"name":"Startseite","item":"https:\/\/tus.eschringen.de\/wordpress\/"},{"@type":"ListItem","position":2,"name":"F\u00fcr unsere Zweite hei\u00dft es \u201eDranbleiben\u201c"}]},{"@type":"WebSite","@id":"https:\/\/tus.eschringen.de\/wordpress\/#website","url":"https:\/\/tus.eschringen.de\/wordpress\/","name":"TuS Eschringen","description":"","publisher":{"@id":"https:\/\/tus.eschringen.de\/wordpress\/#organization"},"potentialAction":[{"@type":"SearchAction","target":{"@type":"EntryPoint","urlTemplate":"https:\/\/tus.eschringen.de\/wordpress\/?s={search_term_string}"},"query-input":{"@type":"PropertyValueSpecification","valueRequired":true,"valueName":"search_term_string"}}],"inLanguage":"de"},{"@type":"Organization","@id":"https:\/\/tus.eschringen.de\/wordpress\/#organization","name":"TuS Eschringen","url":"https:\/\/tus.eschringen.de\/wordpress\/","logo":{"@type":"ImageObject","inLanguage":"de","@id":"https:\/\/tus.eschringen.de\/wordpress\/#\/schema\/logo\/image\/","url":"https:\/\/i0.wp.com\/tus.eschringen.de\/wordpress\/wp-content\/uploads\/2025\/07\/Web_kopf.jpg?fit=1260%2C240&ssl=1","contentUrl":"https:\/\/i0.wp.com\/tus.eschringen.de\/wordpress\/wp-content\/uploads\/2025\/07\/Web_kopf.jpg?fit=1260%2C240&ssl=1","width":1260,"height":240,"caption":"TuS Eschringen"},"image":{"@id":"https:\/\/tus.eschringen.de\/wordpress\/#\/schema\/logo\/image\/"},"sameAs":["https:\/\/www.facebook.com\/TuS.Eschringen\/","https:\/\/www.instagram.com\/tus.eschringen\/"]},{"@type":"Person","@id":"https:\/\/tus.eschringen.de\/wordpress\/#\/schema\/person\/40135b2a56d1e361a2ad54242e8338a1","name":"Stefan Vogelgesang","image":{"@type":"ImageObject","inLanguage":"de","@id":"https:\/\/secure.gravatar.com\/avatar\/5633e4c0de8771818b0e2f3c72ef14f79d7bfd1aa794c0c5b5c7e17fe9ee3caa?s=96&d=mm&r=g","url":"https:\/\/secure.gravatar.com\/avatar\/5633e4c0de8771818b0e2f3c72ef14f79d7bfd1aa794c0c5b5c7e17fe9ee3caa?s=96&d=mm&r=g","contentUrl":"https:\/\/secure.gravatar.com\/avatar\/5633e4c0de8771818b0e2f3c72ef14f79d7bfd1aa794c0c5b5c7e17fe9ee3caa?s=96&d=mm&r=g","caption":"Stefan Vogelgesang"},"url":"https:\/\/tus.eschringen.de\/wordpress\/author\/stefan-vogelgesang\/"}]}},"jetpack_featured_media_url":"https:\/\/i0.wp.com\/tus.eschringen.de\/wordpress\/wp-content\/uploads\/2024\/10\/2024_10_13_2.jpg?fit=1000%2C1000&ssl=1","jetpack_sharing_enabled":true,"_links":{"self":[{"href":"https:\/\/tus.eschringen.de\/wordpress\/wp-json\/wp\/v2\/posts\/5413","targetHints":{"allow":["GET"]}}],"collection":[{"href":"https:\/\/tus.eschringen.de\/wordpress\/wp-json\/wp\/v2\/posts"}],"about":[{"href":"https:\/\/tus.eschringen.de\/wordpress\/wp-json\/wp\/v2\/types\/post"}],"author":[{"embeddable":true,"href":"https:\/\/tus.eschringen.de\/wordpress\/wp-json\/wp\/v2\/users\/1"}],"replies":[{"embeddable":true,"href":"https:\/\/tus.eschringen.de\/wordpress\/wp-json\/wp\/v2\/comments?post=5413"}],"version-history":[{"count":1,"href":"https:\/\/tus.eschringen.de\/wordpress\/wp-json\/wp\/v2\/posts\/5413\/revisions"}],"predecessor-version":[{"id":5415,"href":"https:\/\/tus.eschringen.de\/wordpress\/wp-json\/wp\/v2\/posts\/5413\/revisions\/5415"}],"wp:featuredmedia":[{"embeddable":true,"href":"https:\/\/tus.eschringen.de\/wordpress\/wp-json\/wp\/v2\/media\/5414"}],"wp:attachment":[{"href":"https:\/\/tus.eschringen.de\/wordpress\/wp-json\/wp\/v2\/media?parent=5413"}],"wp:term":[{"taxonomy":"category","embeddable":true,"href":"https:\/\/tus.eschringen.de\/wordpress\/wp-json\/wp\/v2\/categories?post=5413"},{"taxonomy":"post_tag","embeddable":true,"href":"https:\/\/tus.eschringen.de\/wordpress\/wp-json\/wp\/v2\/tags?post=5413"}],"curies":[{"name":"wp","href":"https:\/\/api.w.org\/{rel}","templated":true}]}}