{"id":329,"date":"2016-08-29T09:32:24","date_gmt":"2016-08-29T07:32:24","guid":{"rendered":"http:\/\/tus.eschringen.de\/wordpress\/?p=329"},"modified":"2024-11-15T08:35:09","modified_gmt":"2024-11-15T07:35:09","slug":"tus-mit-zweitem-auswaertsspiel-in-folge","status":"publish","type":"post","link":"https:\/\/tus.eschringen.de\/wordpress\/tus-mit-zweitem-auswaertsspiel-in-folge\/","title":{"rendered":"TuS mit zweitem Ausw\u00e4rtsspiel in Folge"},"content":{"rendered":"<p>Nach dem tollen Sieg bei Rastpfuhl-Ru\u00dfh\u00fctte muss unsere Mannschaft am 4.9. beim FV Matzenberg nachlegen. Gegen die bislang punktlosen Gastgeber ist ein weiterer Sieg Pflicht. Mit dann 12 Punkten aus f\u00fcnf Spielen k\u00f6nnte man den Saisonstart als durchaus gelungen bezeichnen. F\u00fcr unsere zweite Mannschaft geht es darum, sich mit einem Sieg wieder in die obere Tabellenregion zu schie\u00dfen.<\/p>\n<p>Die Spiele beginnen um 13:15 Uhr bzw. 15:00 Uhr.<\/p>\n","protected":false},"excerpt":{"rendered":"<p>Nach dem tollen Sieg bei Rastpfuhl-Ru\u00dfh\u00fctte muss unsere Mannschaft am 4.9. beim FV Matzenberg nachlegen. Gegen die bislang punktlosen Gastgeber ist ein weiterer Sieg Pflicht. Mit dann 12 Punkten aus f\u00fcnf Spielen k\u00f6nnte man den Saisonstart als durchaus gelungen bezeichnen. F\u00fcr unsere zweite Mannschaft geht es darum, sich mit einem Sieg wieder in die obere &#8230; <\/p>\n<p class=\"read-more-container\"><a title=\"TuS mit zweitem Ausw\u00e4rtsspiel in Folge\" class=\"read-more button\" href=\"https:\/\/tus.eschringen.de\/wordpress\/tus-mit-zweitem-auswaertsspiel-in-folge\/#more-329\" aria-label=\"Mehr Informationen \u00fcber TuS mit zweitem Ausw\u00e4rtsspiel in Folge\">alles lesen<\/a><\/p>\n","protected":false},"author":1,"featured_media":0,"comment_status":"closed","ping_status":"open","sticky":false,"template":"","format":"standard","meta":{"generate_page_header":"","_jetpack_memberships_contains_paid_content":false,"footnotes":""},"categories":[1],"tags":[],"class_list":["post-329","post","type-post","status-publish","format-standard","hentry","category-allgemein"],"yoast_head":"<!-- This site is optimized with the Yoast SEO plugin v27.4 - https:\/\/yoast.com\/product\/yoast-seo-wordpress\/ -->\n<title>TuS mit zweitem Ausw\u00e4rtsspiel in Folge - TuS Eschringen<\/title>\n<meta name=\"robots\" content=\"index, follow, max-snippet:-1, max-image-preview:large, max-video-preview:-1\" \/>\n<link rel=\"canonical\" href=\"https:\/\/tus.eschringen.de\/wordpress\/tus-mit-zweitem-auswaertsspiel-in-folge\/\" \/>\n<meta property=\"og:locale\" content=\"de_DE\" \/>\n<meta property=\"og:type\" content=\"article\" \/>\n<meta property=\"og:title\" content=\"TuS mit zweitem Ausw\u00e4rtsspiel in Folge - TuS Eschringen\" \/>\n<meta property=\"og:description\" content=\"Nach dem tollen Sieg bei Rastpfuhl-Ru\u00dfh\u00fctte muss unsere Mannschaft am 4.9. beim FV Matzenberg nachlegen. Gegen die bislang punktlosen Gastgeber ist ein weiterer Sieg Pflicht. Mit dann 12 Punkten aus f\u00fcnf Spielen k\u00f6nnte man den Saisonstart als durchaus gelungen bezeichnen. F\u00fcr unsere zweite Mannschaft geht es darum, sich mit einem Sieg wieder in die obere ... alles lesen\" \/>\n<meta property=\"og:url\" content=\"https:\/\/tus.eschringen.de\/wordpress\/tus-mit-zweitem-auswaertsspiel-in-folge\/\" \/>\n<meta property=\"og:site_name\" content=\"TuS Eschringen\" \/>\n<meta property=\"article:publisher\" content=\"https:\/\/www.facebook.com\/TuS.Eschringen\/\" \/>\n<meta property=\"article:published_time\" content=\"2016-08-29T07:32:24+00:00\" \/>\n<meta property=\"article:modified_time\" content=\"2024-11-15T07:35:09+00:00\" \/>\n<meta name=\"author\" content=\"Stefan Vogelgesang\" \/>\n<meta name=\"twitter:card\" content=\"summary_large_image\" \/>\n<meta name=\"twitter:label1\" content=\"Verfasst von\" \/>\n\t<meta name=\"twitter:data1\" content=\"Stefan Vogelgesang\" \/>\n<script type=\"application\/ld+json\" class=\"yoast-schema-graph\">{\"@context\":\"https:\\\/\\\/schema.org\",\"@graph\":[{\"@type\":\"Article\",\"@id\":\"https:\\\/\\\/tus.eschringen.de\\\/wordpress\\\/tus-mit-zweitem-auswaertsspiel-in-folge\\\/#article\",\"isPartOf\":{\"@id\":\"https:\\\/\\\/tus.eschringen.de\\\/wordpress\\\/tus-mit-zweitem-auswaertsspiel-in-folge\\\/\"},\"author\":{\"name\":\"Stefan Vogelgesang\",\"@id\":\"https:\\\/\\\/tus.eschringen.de\\\/wordpress\\\/#\\\/schema\\\/person\\\/40135b2a56d1e361a2ad54242e8338a1\"},\"headline\":\"TuS mit zweitem Ausw\u00e4rtsspiel in Folge\",\"datePublished\":\"2016-08-29T07:32:24+00:00\",\"dateModified\":\"2024-11-15T07:35:09+00:00\",\"mainEntityOfPage\":{\"@id\":\"https:\\\/\\\/tus.eschringen.de\\\/wordpress\\\/tus-mit-zweitem-auswaertsspiel-in-folge\\\/\"},\"wordCount\":76,\"publisher\":{\"@id\":\"https:\\\/\\\/tus.eschringen.de\\\/wordpress\\\/#organization\"},\"inLanguage\":\"de\"},{\"@type\":\"WebPage\",\"@id\":\"https:\\\/\\\/tus.eschringen.de\\\/wordpress\\\/tus-mit-zweitem-auswaertsspiel-in-folge\\\/\",\"url\":\"https:\\\/\\\/tus.eschringen.de\\\/wordpress\\\/tus-mit-zweitem-auswaertsspiel-in-folge\\\/\",\"name\":\"TuS mit zweitem Ausw\u00e4rtsspiel in Folge - TuS Eschringen\",\"isPartOf\":{\"@id\":\"https:\\\/\\\/tus.eschringen.de\\\/wordpress\\\/#website\"},\"datePublished\":\"2016-08-29T07:32:24+00:00\",\"dateModified\":\"2024-11-15T07:35:09+00:00\",\"breadcrumb\":{\"@id\":\"https:\\\/\\\/tus.eschringen.de\\\/wordpress\\\/tus-mit-zweitem-auswaertsspiel-in-folge\\\/#breadcrumb\"},\"inLanguage\":\"de\",\"potentialAction\":[{\"@type\":\"ReadAction\",\"target\":[\"https:\\\/\\\/tus.eschringen.de\\\/wordpress\\\/tus-mit-zweitem-auswaertsspiel-in-folge\\\/\"]}]},{\"@type\":\"BreadcrumbList\",\"@id\":\"https:\\\/\\\/tus.eschringen.de\\\/wordpress\\\/tus-mit-zweitem-auswaertsspiel-in-folge\\\/#breadcrumb\",\"itemListElement\":[{\"@type\":\"ListItem\",\"position\":1,\"name\":\"Startseite\",\"item\":\"https:\\\/\\\/tus.eschringen.de\\\/wordpress\\\/\"},{\"@type\":\"ListItem\",\"position\":2,\"name\":\"TuS mit zweitem Ausw\u00e4rtsspiel in Folge\"}]},{\"@type\":\"WebSite\",\"@id\":\"https:\\\/\\\/tus.eschringen.de\\\/wordpress\\\/#website\",\"url\":\"https:\\\/\\\/tus.eschringen.de\\\/wordpress\\\/\",\"name\":\"TuS Eschringen\",\"description\":\"\",\"publisher\":{\"@id\":\"https:\\\/\\\/tus.eschringen.de\\\/wordpress\\\/#organization\"},\"potentialAction\":[{\"@type\":\"SearchAction\",\"target\":{\"@type\":\"EntryPoint\",\"urlTemplate\":\"https:\\\/\\\/tus.eschringen.de\\\/wordpress\\\/?s={search_term_string}\"},\"query-input\":{\"@type\":\"PropertyValueSpecification\",\"valueRequired\":true,\"valueName\":\"search_term_string\"}}],\"inLanguage\":\"de\"},{\"@type\":\"Organization\",\"@id\":\"https:\\\/\\\/tus.eschringen.de\\\/wordpress\\\/#organization\",\"name\":\"TuS Eschringen\",\"url\":\"https:\\\/\\\/tus.eschringen.de\\\/wordpress\\\/\",\"logo\":{\"@type\":\"ImageObject\",\"inLanguage\":\"de\",\"@id\":\"https:\\\/\\\/tus.eschringen.de\\\/wordpress\\\/#\\\/schema\\\/logo\\\/image\\\/\",\"url\":\"https:\\\/\\\/i0.wp.com\\\/tus.eschringen.de\\\/wordpress\\\/wp-content\\\/uploads\\\/2025\\\/07\\\/Web_kopf.jpg?fit=1260%2C240&ssl=1\",\"contentUrl\":\"https:\\\/\\\/i0.wp.com\\\/tus.eschringen.de\\\/wordpress\\\/wp-content\\\/uploads\\\/2025\\\/07\\\/Web_kopf.jpg?fit=1260%2C240&ssl=1\",\"width\":1260,\"height\":240,\"caption\":\"TuS Eschringen\"},\"image\":{\"@id\":\"https:\\\/\\\/tus.eschringen.de\\\/wordpress\\\/#\\\/schema\\\/logo\\\/image\\\/\"},\"sameAs\":[\"https:\\\/\\\/www.facebook.com\\\/TuS.Eschringen\\\/\",\"https:\\\/\\\/www.instagram.com\\\/tus.eschringen\\\/\"]},{\"@type\":\"Person\",\"@id\":\"https:\\\/\\\/tus.eschringen.de\\\/wordpress\\\/#\\\/schema\\\/person\\\/40135b2a56d1e361a2ad54242e8338a1\",\"name\":\"Stefan Vogelgesang\",\"image\":{\"@type\":\"ImageObject\",\"inLanguage\":\"de\",\"@id\":\"https:\\\/\\\/secure.gravatar.com\\\/avatar\\\/5633e4c0de8771818b0e2f3c72ef14f79d7bfd1aa794c0c5b5c7e17fe9ee3caa?s=96&d=mm&r=g\",\"url\":\"https:\\\/\\\/secure.gravatar.com\\\/avatar\\\/5633e4c0de8771818b0e2f3c72ef14f79d7bfd1aa794c0c5b5c7e17fe9ee3caa?s=96&d=mm&r=g\",\"contentUrl\":\"https:\\\/\\\/secure.gravatar.com\\\/avatar\\\/5633e4c0de8771818b0e2f3c72ef14f79d7bfd1aa794c0c5b5c7e17fe9ee3caa?s=96&d=mm&r=g\",\"caption\":\"Stefan Vogelgesang\"},\"url\":\"https:\\\/\\\/tus.eschringen.de\\\/wordpress\\\/author\\\/stefan-vogelgesang\\\/\"}]}<\/script>\n<!-- \/ Yoast SEO plugin. -->","yoast_head_json":{"title":"TuS mit zweitem Ausw\u00e4rtsspiel in Folge - TuS Eschringen","robots":{"index":"index","follow":"follow","max-snippet":"max-snippet:-1","max-image-preview":"max-image-preview:large","max-video-preview":"max-video-preview:-1"},"canonical":"https:\/\/tus.eschringen.de\/wordpress\/tus-mit-zweitem-auswaertsspiel-in-folge\/","og_locale":"de_DE","og_type":"article","og_title":"TuS mit zweitem Ausw\u00e4rtsspiel in Folge - TuS Eschringen","og_description":"Nach dem tollen Sieg bei Rastpfuhl-Ru\u00dfh\u00fctte muss unsere Mannschaft am 4.9. beim FV Matzenberg nachlegen. Gegen die bislang punktlosen Gastgeber ist ein weiterer Sieg Pflicht. Mit dann 12 Punkten aus f\u00fcnf Spielen k\u00f6nnte man den Saisonstart als durchaus gelungen bezeichnen. F\u00fcr unsere zweite Mannschaft geht es darum, sich mit einem Sieg wieder in die obere ... alles lesen","og_url":"https:\/\/tus.eschringen.de\/wordpress\/tus-mit-zweitem-auswaertsspiel-in-folge\/","og_site_name":"TuS Eschringen","article_publisher":"https:\/\/www.facebook.com\/TuS.Eschringen\/","article_published_time":"2016-08-29T07:32:24+00:00","article_modified_time":"2024-11-15T07:35:09+00:00","author":"Stefan Vogelgesang","twitter_card":"summary_large_image","twitter_misc":{"Verfasst von":"Stefan Vogelgesang"},"schema":{"@context":"https:\/\/schema.org","@graph":[{"@type":"Article","@id":"https:\/\/tus.eschringen.de\/wordpress\/tus-mit-zweitem-auswaertsspiel-in-folge\/#article","isPartOf":{"@id":"https:\/\/tus.eschringen.de\/wordpress\/tus-mit-zweitem-auswaertsspiel-in-folge\/"},"author":{"name":"Stefan Vogelgesang","@id":"https:\/\/tus.eschringen.de\/wordpress\/#\/schema\/person\/40135b2a56d1e361a2ad54242e8338a1"},"headline":"TuS mit zweitem Ausw\u00e4rtsspiel in Folge","datePublished":"2016-08-29T07:32:24+00:00","dateModified":"2024-11-15T07:35:09+00:00","mainEntityOfPage":{"@id":"https:\/\/tus.eschringen.de\/wordpress\/tus-mit-zweitem-auswaertsspiel-in-folge\/"},"wordCount":76,"publisher":{"@id":"https:\/\/tus.eschringen.de\/wordpress\/#organization"},"inLanguage":"de"},{"@type":"WebPage","@id":"https:\/\/tus.eschringen.de\/wordpress\/tus-mit-zweitem-auswaertsspiel-in-folge\/","url":"https:\/\/tus.eschringen.de\/wordpress\/tus-mit-zweitem-auswaertsspiel-in-folge\/","name":"TuS mit zweitem Ausw\u00e4rtsspiel in Folge - TuS Eschringen","isPartOf":{"@id":"https:\/\/tus.eschringen.de\/wordpress\/#website"},"datePublished":"2016-08-29T07:32:24+00:00","dateModified":"2024-11-15T07:35:09+00:00","breadcrumb":{"@id":"https:\/\/tus.eschringen.de\/wordpress\/tus-mit-zweitem-auswaertsspiel-in-folge\/#breadcrumb"},"inLanguage":"de","potentialAction":[{"@type":"ReadAction","target":["https:\/\/tus.eschringen.de\/wordpress\/tus-mit-zweitem-auswaertsspiel-in-folge\/"]}]},{"@type":"BreadcrumbList","@id":"https:\/\/tus.eschringen.de\/wordpress\/tus-mit-zweitem-auswaertsspiel-in-folge\/#breadcrumb","itemListElement":[{"@type":"ListItem","position":1,"name":"Startseite","item":"https:\/\/tus.eschringen.de\/wordpress\/"},{"@type":"ListItem","position":2,"name":"TuS mit zweitem Ausw\u00e4rtsspiel in Folge"}]},{"@type":"WebSite","@id":"https:\/\/tus.eschringen.de\/wordpress\/#website","url":"https:\/\/tus.eschringen.de\/wordpress\/","name":"TuS Eschringen","description":"","publisher":{"@id":"https:\/\/tus.eschringen.de\/wordpress\/#organization"},"potentialAction":[{"@type":"SearchAction","target":{"@type":"EntryPoint","urlTemplate":"https:\/\/tus.eschringen.de\/wordpress\/?s={search_term_string}"},"query-input":{"@type":"PropertyValueSpecification","valueRequired":true,"valueName":"search_term_string"}}],"inLanguage":"de"},{"@type":"Organization","@id":"https:\/\/tus.eschringen.de\/wordpress\/#organization","name":"TuS Eschringen","url":"https:\/\/tus.eschringen.de\/wordpress\/","logo":{"@type":"ImageObject","inLanguage":"de","@id":"https:\/\/tus.eschringen.de\/wordpress\/#\/schema\/logo\/image\/","url":"https:\/\/i0.wp.com\/tus.eschringen.de\/wordpress\/wp-content\/uploads\/2025\/07\/Web_kopf.jpg?fit=1260%2C240&ssl=1","contentUrl":"https:\/\/i0.wp.com\/tus.eschringen.de\/wordpress\/wp-content\/uploads\/2025\/07\/Web_kopf.jpg?fit=1260%2C240&ssl=1","width":1260,"height":240,"caption":"TuS Eschringen"},"image":{"@id":"https:\/\/tus.eschringen.de\/wordpress\/#\/schema\/logo\/image\/"},"sameAs":["https:\/\/www.facebook.com\/TuS.Eschringen\/","https:\/\/www.instagram.com\/tus.eschringen\/"]},{"@type":"Person","@id":"https:\/\/tus.eschringen.de\/wordpress\/#\/schema\/person\/40135b2a56d1e361a2ad54242e8338a1","name":"Stefan Vogelgesang","image":{"@type":"ImageObject","inLanguage":"de","@id":"https:\/\/secure.gravatar.com\/avatar\/5633e4c0de8771818b0e2f3c72ef14f79d7bfd1aa794c0c5b5c7e17fe9ee3caa?s=96&d=mm&r=g","url":"https:\/\/secure.gravatar.com\/avatar\/5633e4c0de8771818b0e2f3c72ef14f79d7bfd1aa794c0c5b5c7e17fe9ee3caa?s=96&d=mm&r=g","contentUrl":"https:\/\/secure.gravatar.com\/avatar\/5633e4c0de8771818b0e2f3c72ef14f79d7bfd1aa794c0c5b5c7e17fe9ee3caa?s=96&d=mm&r=g","caption":"Stefan Vogelgesang"},"url":"https:\/\/tus.eschringen.de\/wordpress\/author\/stefan-vogelgesang\/"}]}},"jetpack_featured_media_url":"","jetpack_sharing_enabled":true,"_links":{"self":[{"href":"https:\/\/tus.eschringen.de\/wordpress\/wp-json\/wp\/v2\/posts\/329","targetHints":{"allow":["GET"]}}],"collection":[{"href":"https:\/\/tus.eschringen.de\/wordpress\/wp-json\/wp\/v2\/posts"}],"about":[{"href":"https:\/\/tus.eschringen.de\/wordpress\/wp-json\/wp\/v2\/types\/post"}],"author":[{"embeddable":true,"href":"https:\/\/tus.eschringen.de\/wordpress\/wp-json\/wp\/v2\/users\/1"}],"replies":[{"embeddable":true,"href":"https:\/\/tus.eschringen.de\/wordpress\/wp-json\/wp\/v2\/comments?post=329"}],"version-history":[{"count":2,"href":"https:\/\/tus.eschringen.de\/wordpress\/wp-json\/wp\/v2\/posts\/329\/revisions"}],"predecessor-version":[{"id":331,"href":"https:\/\/tus.eschringen.de\/wordpress\/wp-json\/wp\/v2\/posts\/329\/revisions\/331"}],"wp:attachment":[{"href":"https:\/\/tus.eschringen.de\/wordpress\/wp-json\/wp\/v2\/media?parent=329"}],"wp:term":[{"taxonomy":"category","embeddable":true,"href":"https:\/\/tus.eschringen.de\/wordpress\/wp-json\/wp\/v2\/categories?post=329"},{"taxonomy":"post_tag","embeddable":true,"href":"https:\/\/tus.eschringen.de\/wordpress\/wp-json\/wp\/v2\/tags?post=329"}],"curies":[{"name":"wp","href":"https:\/\/api.w.org\/{rel}","templated":true}]}}