{"id":3103,"date":"2021-09-12T20:25:08","date_gmt":"2021-09-12T18:25:08","guid":{"rendered":"http:\/\/tus.eschringen.de\/wordpress\/?p=3103"},"modified":"2021-09-12T20:25:11","modified_gmt":"2021-09-12T18:25:11","slug":"torflut-in-beiden-spielen","status":"publish","type":"post","link":"https:\/\/tus.eschringen.de\/wordpress\/torflut-in-beiden-spielen\/","title":{"rendered":"Torflut in beiden Spielen"},"content":{"rendered":"\n<p>Vor zwei Jahren hie\u00df es einmal: wenn du Tore sehen willst, dann fahre nach Eschringen, 9 im Spiel der zweiten Mannschaft und 10 im Spiel der ersten Mannschaft.<\/p>\n\n\n\n<p>Diese Jungs im Bild waren heute von der 2ten am Start.<\/p>\n\n\n\n<p>Leider fanden unsere Jungs zu keinem Zeitpunkt ins Spiel, nicht desto trotz geht es mit neuem Engagement und Leidenschaft und Freude n\u00e4chste Woche wieder an den Start. Gl\u00fcckwunsch an den Gegner.<br>Michael Gerhard.<\/p>\n\n\n\n<p>Bei der Ersten konnte sich fast jeder unserer Leistungstr\u00e4ger vom Pokalspiel am Mittwoch mit einem Tor belohnen. Ein besonderer Gl\u00fcckwunsch unserem Torh\u00fcter Kevin Schmitt, der wegen einer Schulterverletzung zur Zeit nicht im Tor spielen kann. Statt dessen verst\u00e4rkt er unsere Mannschaft auf dem Platz und kam heute zu seinem ersten Saisontor.<\/p>\n","protected":false},"excerpt":{"rendered":"<p>Vor zwei Jahren hie\u00df es einmal: wenn du Tore sehen willst, dann fahre nach Eschringen, 9 im Spiel der zweiten Mannschaft und 10 im Spiel der ersten Mannschaft. Diese Jungs im Bild waren heute von der 2ten am Start. Leider fanden unsere Jungs zu keinem Zeitpunkt ins Spiel, nicht desto trotz geht es mit neuem &#8230; <\/p>\n<p class=\"read-more-container\"><a title=\"Torflut in beiden Spielen\" class=\"read-more button\" href=\"https:\/\/tus.eschringen.de\/wordpress\/torflut-in-beiden-spielen\/#more-3103\" aria-label=\"Mehr Informationen \u00fcber Torflut in beiden Spielen\">alles lesen<\/a><\/p>\n","protected":false},"author":1,"featured_media":3104,"comment_status":"open","ping_status":"open","sticky":false,"template":"","format":"standard","meta":{"generate_page_header":"","_jetpack_memberships_contains_paid_content":false,"footnotes":""},"categories":[1],"tags":[],"class_list":["post-3103","post","type-post","status-publish","format-standard","has-post-thumbnail","hentry","category-allgemein"],"yoast_head":"<!-- This site is optimized with the Yoast SEO plugin v27.4 - https:\/\/yoast.com\/product\/yoast-seo-wordpress\/ -->\n<title>Torflut in beiden Spielen - TuS Eschringen<\/title>\n<meta name=\"robots\" content=\"index, follow, max-snippet:-1, max-image-preview:large, max-video-preview:-1\" \/>\n<link rel=\"canonical\" href=\"https:\/\/tus.eschringen.de\/wordpress\/torflut-in-beiden-spielen\/\" \/>\n<meta property=\"og:locale\" content=\"de_DE\" \/>\n<meta property=\"og:type\" content=\"article\" \/>\n<meta property=\"og:title\" content=\"Torflut in beiden Spielen - TuS Eschringen\" \/>\n<meta property=\"og:description\" content=\"Vor zwei Jahren hie\u00df es einmal: wenn du Tore sehen willst, dann fahre nach Eschringen, 9 im Spiel der zweiten Mannschaft und 10 im Spiel der ersten Mannschaft. Diese Jungs im Bild waren heute von der 2ten am Start. Leider fanden unsere Jungs zu keinem Zeitpunkt ins Spiel, nicht desto trotz geht es mit neuem ... alles lesen\" \/>\n<meta property=\"og:url\" content=\"https:\/\/tus.eschringen.de\/wordpress\/torflut-in-beiden-spielen\/\" \/>\n<meta property=\"og:site_name\" content=\"TuS Eschringen\" \/>\n<meta property=\"article:publisher\" content=\"https:\/\/www.facebook.com\/TuS.Eschringen\/\" \/>\n<meta property=\"article:published_time\" content=\"2021-09-12T18:25:08+00:00\" \/>\n<meta property=\"article:modified_time\" content=\"2021-09-12T18:25:11+00:00\" \/>\n<meta property=\"og:image\" content=\"https:\/\/tus.eschringen.de\/wordpress\/wp-content\/uploads\/2021\/09\/INS2021_07_12.jpg\" \/>\n\t<meta property=\"og:image:width\" content=\"895\" \/>\n\t<meta property=\"og:image:height\" content=\"895\" \/>\n\t<meta property=\"og:image:type\" content=\"image\/jpeg\" \/>\n<meta name=\"author\" content=\"Stefan Vogelgesang\" \/>\n<meta name=\"twitter:card\" content=\"summary_large_image\" \/>\n<meta name=\"twitter:label1\" content=\"Verfasst von\" \/>\n\t<meta name=\"twitter:data1\" content=\"Stefan Vogelgesang\" \/>\n\t<meta name=\"twitter:label2\" content=\"Gesch\u00e4tzte Lesezeit\" \/>\n\t<meta name=\"twitter:data2\" content=\"1\u00a0Minute\" \/>\n<script type=\"application\/ld+json\" class=\"yoast-schema-graph\">{\"@context\":\"https:\\\/\\\/schema.org\",\"@graph\":[{\"@type\":\"Article\",\"@id\":\"https:\\\/\\\/tus.eschringen.de\\\/wordpress\\\/torflut-in-beiden-spielen\\\/#article\",\"isPartOf\":{\"@id\":\"https:\\\/\\\/tus.eschringen.de\\\/wordpress\\\/torflut-in-beiden-spielen\\\/\"},\"author\":{\"name\":\"Stefan Vogelgesang\",\"@id\":\"https:\\\/\\\/tus.eschringen.de\\\/wordpress\\\/#\\\/schema\\\/person\\\/40135b2a56d1e361a2ad54242e8338a1\"},\"headline\":\"Torflut in beiden Spielen\",\"datePublished\":\"2021-09-12T18:25:08+00:00\",\"dateModified\":\"2021-09-12T18:25:11+00:00\",\"mainEntityOfPage\":{\"@id\":\"https:\\\/\\\/tus.eschringen.de\\\/wordpress\\\/torflut-in-beiden-spielen\\\/\"},\"wordCount\":131,\"commentCount\":0,\"publisher\":{\"@id\":\"https:\\\/\\\/tus.eschringen.de\\\/wordpress\\\/#organization\"},\"image\":{\"@id\":\"https:\\\/\\\/tus.eschringen.de\\\/wordpress\\\/torflut-in-beiden-spielen\\\/#primaryimage\"},\"thumbnailUrl\":\"https:\\\/\\\/i0.wp.com\\\/tus.eschringen.de\\\/wordpress\\\/wp-content\\\/uploads\\\/2021\\\/09\\\/INS2021_07_12.jpg?fit=895%2C895&ssl=1\",\"inLanguage\":\"de\",\"potentialAction\":[{\"@type\":\"CommentAction\",\"name\":\"Comment\",\"target\":[\"https:\\\/\\\/tus.eschringen.de\\\/wordpress\\\/torflut-in-beiden-spielen\\\/#respond\"]}]},{\"@type\":\"WebPage\",\"@id\":\"https:\\\/\\\/tus.eschringen.de\\\/wordpress\\\/torflut-in-beiden-spielen\\\/\",\"url\":\"https:\\\/\\\/tus.eschringen.de\\\/wordpress\\\/torflut-in-beiden-spielen\\\/\",\"name\":\"Torflut in beiden Spielen - TuS Eschringen\",\"isPartOf\":{\"@id\":\"https:\\\/\\\/tus.eschringen.de\\\/wordpress\\\/#website\"},\"primaryImageOfPage\":{\"@id\":\"https:\\\/\\\/tus.eschringen.de\\\/wordpress\\\/torflut-in-beiden-spielen\\\/#primaryimage\"},\"image\":{\"@id\":\"https:\\\/\\\/tus.eschringen.de\\\/wordpress\\\/torflut-in-beiden-spielen\\\/#primaryimage\"},\"thumbnailUrl\":\"https:\\\/\\\/i0.wp.com\\\/tus.eschringen.de\\\/wordpress\\\/wp-content\\\/uploads\\\/2021\\\/09\\\/INS2021_07_12.jpg?fit=895%2C895&ssl=1\",\"datePublished\":\"2021-09-12T18:25:08+00:00\",\"dateModified\":\"2021-09-12T18:25:11+00:00\",\"breadcrumb\":{\"@id\":\"https:\\\/\\\/tus.eschringen.de\\\/wordpress\\\/torflut-in-beiden-spielen\\\/#breadcrumb\"},\"inLanguage\":\"de\",\"potentialAction\":[{\"@type\":\"ReadAction\",\"target\":[\"https:\\\/\\\/tus.eschringen.de\\\/wordpress\\\/torflut-in-beiden-spielen\\\/\"]}]},{\"@type\":\"ImageObject\",\"inLanguage\":\"de\",\"@id\":\"https:\\\/\\\/tus.eschringen.de\\\/wordpress\\\/torflut-in-beiden-spielen\\\/#primaryimage\",\"url\":\"https:\\\/\\\/i0.wp.com\\\/tus.eschringen.de\\\/wordpress\\\/wp-content\\\/uploads\\\/2021\\\/09\\\/INS2021_07_12.jpg?fit=895%2C895&ssl=1\",\"contentUrl\":\"https:\\\/\\\/i0.wp.com\\\/tus.eschringen.de\\\/wordpress\\\/wp-content\\\/uploads\\\/2021\\\/09\\\/INS2021_07_12.jpg?fit=895%2C895&ssl=1\",\"width\":895,\"height\":895},{\"@type\":\"BreadcrumbList\",\"@id\":\"https:\\\/\\\/tus.eschringen.de\\\/wordpress\\\/torflut-in-beiden-spielen\\\/#breadcrumb\",\"itemListElement\":[{\"@type\":\"ListItem\",\"position\":1,\"name\":\"Startseite\",\"item\":\"https:\\\/\\\/tus.eschringen.de\\\/wordpress\\\/\"},{\"@type\":\"ListItem\",\"position\":2,\"name\":\"Torflut in beiden Spielen\"}]},{\"@type\":\"WebSite\",\"@id\":\"https:\\\/\\\/tus.eschringen.de\\\/wordpress\\\/#website\",\"url\":\"https:\\\/\\\/tus.eschringen.de\\\/wordpress\\\/\",\"name\":\"TuS Eschringen\",\"description\":\"\",\"publisher\":{\"@id\":\"https:\\\/\\\/tus.eschringen.de\\\/wordpress\\\/#organization\"},\"potentialAction\":[{\"@type\":\"SearchAction\",\"target\":{\"@type\":\"EntryPoint\",\"urlTemplate\":\"https:\\\/\\\/tus.eschringen.de\\\/wordpress\\\/?s={search_term_string}\"},\"query-input\":{\"@type\":\"PropertyValueSpecification\",\"valueRequired\":true,\"valueName\":\"search_term_string\"}}],\"inLanguage\":\"de\"},{\"@type\":\"Organization\",\"@id\":\"https:\\\/\\\/tus.eschringen.de\\\/wordpress\\\/#organization\",\"name\":\"TuS Eschringen\",\"url\":\"https:\\\/\\\/tus.eschringen.de\\\/wordpress\\\/\",\"logo\":{\"@type\":\"ImageObject\",\"inLanguage\":\"de\",\"@id\":\"https:\\\/\\\/tus.eschringen.de\\\/wordpress\\\/#\\\/schema\\\/logo\\\/image\\\/\",\"url\":\"https:\\\/\\\/i0.wp.com\\\/tus.eschringen.de\\\/wordpress\\\/wp-content\\\/uploads\\\/2025\\\/07\\\/Web_kopf.jpg?fit=1260%2C240&ssl=1\",\"contentUrl\":\"https:\\\/\\\/i0.wp.com\\\/tus.eschringen.de\\\/wordpress\\\/wp-content\\\/uploads\\\/2025\\\/07\\\/Web_kopf.jpg?fit=1260%2C240&ssl=1\",\"width\":1260,\"height\":240,\"caption\":\"TuS Eschringen\"},\"image\":{\"@id\":\"https:\\\/\\\/tus.eschringen.de\\\/wordpress\\\/#\\\/schema\\\/logo\\\/image\\\/\"},\"sameAs\":[\"https:\\\/\\\/www.facebook.com\\\/TuS.Eschringen\\\/\",\"https:\\\/\\\/www.instagram.com\\\/tus.eschringen\\\/\"]},{\"@type\":\"Person\",\"@id\":\"https:\\\/\\\/tus.eschringen.de\\\/wordpress\\\/#\\\/schema\\\/person\\\/40135b2a56d1e361a2ad54242e8338a1\",\"name\":\"Stefan Vogelgesang\",\"image\":{\"@type\":\"ImageObject\",\"inLanguage\":\"de\",\"@id\":\"https:\\\/\\\/secure.gravatar.com\\\/avatar\\\/5633e4c0de8771818b0e2f3c72ef14f79d7bfd1aa794c0c5b5c7e17fe9ee3caa?s=96&d=mm&r=g\",\"url\":\"https:\\\/\\\/secure.gravatar.com\\\/avatar\\\/5633e4c0de8771818b0e2f3c72ef14f79d7bfd1aa794c0c5b5c7e17fe9ee3caa?s=96&d=mm&r=g\",\"contentUrl\":\"https:\\\/\\\/secure.gravatar.com\\\/avatar\\\/5633e4c0de8771818b0e2f3c72ef14f79d7bfd1aa794c0c5b5c7e17fe9ee3caa?s=96&d=mm&r=g\",\"caption\":\"Stefan Vogelgesang\"},\"url\":\"https:\\\/\\\/tus.eschringen.de\\\/wordpress\\\/author\\\/stefan-vogelgesang\\\/\"}]}<\/script>\n<!-- \/ Yoast SEO plugin. -->","yoast_head_json":{"title":"Torflut in beiden Spielen - TuS Eschringen","robots":{"index":"index","follow":"follow","max-snippet":"max-snippet:-1","max-image-preview":"max-image-preview:large","max-video-preview":"max-video-preview:-1"},"canonical":"https:\/\/tus.eschringen.de\/wordpress\/torflut-in-beiden-spielen\/","og_locale":"de_DE","og_type":"article","og_title":"Torflut in beiden Spielen - TuS Eschringen","og_description":"Vor zwei Jahren hie\u00df es einmal: wenn du Tore sehen willst, dann fahre nach Eschringen, 9 im Spiel der zweiten Mannschaft und 10 im Spiel der ersten Mannschaft. Diese Jungs im Bild waren heute von der 2ten am Start. Leider fanden unsere Jungs zu keinem Zeitpunkt ins Spiel, nicht desto trotz geht es mit neuem ... alles lesen","og_url":"https:\/\/tus.eschringen.de\/wordpress\/torflut-in-beiden-spielen\/","og_site_name":"TuS Eschringen","article_publisher":"https:\/\/www.facebook.com\/TuS.Eschringen\/","article_published_time":"2021-09-12T18:25:08+00:00","article_modified_time":"2021-09-12T18:25:11+00:00","og_image":[{"width":895,"height":895,"url":"https:\/\/tus.eschringen.de\/wordpress\/wp-content\/uploads\/2021\/09\/INS2021_07_12.jpg","type":"image\/jpeg"}],"author":"Stefan Vogelgesang","twitter_card":"summary_large_image","twitter_misc":{"Verfasst von":"Stefan Vogelgesang","Gesch\u00e4tzte Lesezeit":"1\u00a0Minute"},"schema":{"@context":"https:\/\/schema.org","@graph":[{"@type":"Article","@id":"https:\/\/tus.eschringen.de\/wordpress\/torflut-in-beiden-spielen\/#article","isPartOf":{"@id":"https:\/\/tus.eschringen.de\/wordpress\/torflut-in-beiden-spielen\/"},"author":{"name":"Stefan Vogelgesang","@id":"https:\/\/tus.eschringen.de\/wordpress\/#\/schema\/person\/40135b2a56d1e361a2ad54242e8338a1"},"headline":"Torflut in beiden Spielen","datePublished":"2021-09-12T18:25:08+00:00","dateModified":"2021-09-12T18:25:11+00:00","mainEntityOfPage":{"@id":"https:\/\/tus.eschringen.de\/wordpress\/torflut-in-beiden-spielen\/"},"wordCount":131,"commentCount":0,"publisher":{"@id":"https:\/\/tus.eschringen.de\/wordpress\/#organization"},"image":{"@id":"https:\/\/tus.eschringen.de\/wordpress\/torflut-in-beiden-spielen\/#primaryimage"},"thumbnailUrl":"https:\/\/i0.wp.com\/tus.eschringen.de\/wordpress\/wp-content\/uploads\/2021\/09\/INS2021_07_12.jpg?fit=895%2C895&ssl=1","inLanguage":"de","potentialAction":[{"@type":"CommentAction","name":"Comment","target":["https:\/\/tus.eschringen.de\/wordpress\/torflut-in-beiden-spielen\/#respond"]}]},{"@type":"WebPage","@id":"https:\/\/tus.eschringen.de\/wordpress\/torflut-in-beiden-spielen\/","url":"https:\/\/tus.eschringen.de\/wordpress\/torflut-in-beiden-spielen\/","name":"Torflut in beiden Spielen - TuS Eschringen","isPartOf":{"@id":"https:\/\/tus.eschringen.de\/wordpress\/#website"},"primaryImageOfPage":{"@id":"https:\/\/tus.eschringen.de\/wordpress\/torflut-in-beiden-spielen\/#primaryimage"},"image":{"@id":"https:\/\/tus.eschringen.de\/wordpress\/torflut-in-beiden-spielen\/#primaryimage"},"thumbnailUrl":"https:\/\/i0.wp.com\/tus.eschringen.de\/wordpress\/wp-content\/uploads\/2021\/09\/INS2021_07_12.jpg?fit=895%2C895&ssl=1","datePublished":"2021-09-12T18:25:08+00:00","dateModified":"2021-09-12T18:25:11+00:00","breadcrumb":{"@id":"https:\/\/tus.eschringen.de\/wordpress\/torflut-in-beiden-spielen\/#breadcrumb"},"inLanguage":"de","potentialAction":[{"@type":"ReadAction","target":["https:\/\/tus.eschringen.de\/wordpress\/torflut-in-beiden-spielen\/"]}]},{"@type":"ImageObject","inLanguage":"de","@id":"https:\/\/tus.eschringen.de\/wordpress\/torflut-in-beiden-spielen\/#primaryimage","url":"https:\/\/i0.wp.com\/tus.eschringen.de\/wordpress\/wp-content\/uploads\/2021\/09\/INS2021_07_12.jpg?fit=895%2C895&ssl=1","contentUrl":"https:\/\/i0.wp.com\/tus.eschringen.de\/wordpress\/wp-content\/uploads\/2021\/09\/INS2021_07_12.jpg?fit=895%2C895&ssl=1","width":895,"height":895},{"@type":"BreadcrumbList","@id":"https:\/\/tus.eschringen.de\/wordpress\/torflut-in-beiden-spielen\/#breadcrumb","itemListElement":[{"@type":"ListItem","position":1,"name":"Startseite","item":"https:\/\/tus.eschringen.de\/wordpress\/"},{"@type":"ListItem","position":2,"name":"Torflut in beiden Spielen"}]},{"@type":"WebSite","@id":"https:\/\/tus.eschringen.de\/wordpress\/#website","url":"https:\/\/tus.eschringen.de\/wordpress\/","name":"TuS Eschringen","description":"","publisher":{"@id":"https:\/\/tus.eschringen.de\/wordpress\/#organization"},"potentialAction":[{"@type":"SearchAction","target":{"@type":"EntryPoint","urlTemplate":"https:\/\/tus.eschringen.de\/wordpress\/?s={search_term_string}"},"query-input":{"@type":"PropertyValueSpecification","valueRequired":true,"valueName":"search_term_string"}}],"inLanguage":"de"},{"@type":"Organization","@id":"https:\/\/tus.eschringen.de\/wordpress\/#organization","name":"TuS Eschringen","url":"https:\/\/tus.eschringen.de\/wordpress\/","logo":{"@type":"ImageObject","inLanguage":"de","@id":"https:\/\/tus.eschringen.de\/wordpress\/#\/schema\/logo\/image\/","url":"https:\/\/i0.wp.com\/tus.eschringen.de\/wordpress\/wp-content\/uploads\/2025\/07\/Web_kopf.jpg?fit=1260%2C240&ssl=1","contentUrl":"https:\/\/i0.wp.com\/tus.eschringen.de\/wordpress\/wp-content\/uploads\/2025\/07\/Web_kopf.jpg?fit=1260%2C240&ssl=1","width":1260,"height":240,"caption":"TuS Eschringen"},"image":{"@id":"https:\/\/tus.eschringen.de\/wordpress\/#\/schema\/logo\/image\/"},"sameAs":["https:\/\/www.facebook.com\/TuS.Eschringen\/","https:\/\/www.instagram.com\/tus.eschringen\/"]},{"@type":"Person","@id":"https:\/\/tus.eschringen.de\/wordpress\/#\/schema\/person\/40135b2a56d1e361a2ad54242e8338a1","name":"Stefan Vogelgesang","image":{"@type":"ImageObject","inLanguage":"de","@id":"https:\/\/secure.gravatar.com\/avatar\/5633e4c0de8771818b0e2f3c72ef14f79d7bfd1aa794c0c5b5c7e17fe9ee3caa?s=96&d=mm&r=g","url":"https:\/\/secure.gravatar.com\/avatar\/5633e4c0de8771818b0e2f3c72ef14f79d7bfd1aa794c0c5b5c7e17fe9ee3caa?s=96&d=mm&r=g","contentUrl":"https:\/\/secure.gravatar.com\/avatar\/5633e4c0de8771818b0e2f3c72ef14f79d7bfd1aa794c0c5b5c7e17fe9ee3caa?s=96&d=mm&r=g","caption":"Stefan Vogelgesang"},"url":"https:\/\/tus.eschringen.de\/wordpress\/author\/stefan-vogelgesang\/"}]}},"jetpack_featured_media_url":"https:\/\/i0.wp.com\/tus.eschringen.de\/wordpress\/wp-content\/uploads\/2021\/09\/INS2021_07_12.jpg?fit=895%2C895&ssl=1","jetpack_sharing_enabled":true,"_links":{"self":[{"href":"https:\/\/tus.eschringen.de\/wordpress\/wp-json\/wp\/v2\/posts\/3103","targetHints":{"allow":["GET"]}}],"collection":[{"href":"https:\/\/tus.eschringen.de\/wordpress\/wp-json\/wp\/v2\/posts"}],"about":[{"href":"https:\/\/tus.eschringen.de\/wordpress\/wp-json\/wp\/v2\/types\/post"}],"author":[{"embeddable":true,"href":"https:\/\/tus.eschringen.de\/wordpress\/wp-json\/wp\/v2\/users\/1"}],"replies":[{"embeddable":true,"href":"https:\/\/tus.eschringen.de\/wordpress\/wp-json\/wp\/v2\/comments?post=3103"}],"version-history":[{"count":1,"href":"https:\/\/tus.eschringen.de\/wordpress\/wp-json\/wp\/v2\/posts\/3103\/revisions"}],"predecessor-version":[{"id":3105,"href":"https:\/\/tus.eschringen.de\/wordpress\/wp-json\/wp\/v2\/posts\/3103\/revisions\/3105"}],"wp:featuredmedia":[{"embeddable":true,"href":"https:\/\/tus.eschringen.de\/wordpress\/wp-json\/wp\/v2\/media\/3104"}],"wp:attachment":[{"href":"https:\/\/tus.eschringen.de\/wordpress\/wp-json\/wp\/v2\/media?parent=3103"}],"wp:term":[{"taxonomy":"category","embeddable":true,"href":"https:\/\/tus.eschringen.de\/wordpress\/wp-json\/wp\/v2\/categories?post=3103"},{"taxonomy":"post_tag","embeddable":true,"href":"https:\/\/tus.eschringen.de\/wordpress\/wp-json\/wp\/v2\/tags?post=3103"}],"curies":[{"name":"wp","href":"https:\/\/api.w.org\/{rel}","templated":true}]}}