{"id":2854,"date":"2021-06-18T09:46:43","date_gmt":"2021-06-18T07:46:43","guid":{"rendered":"http:\/\/tus.eschringen.de\/wordpress\/?p=2854"},"modified":"2021-07-11T15:31:18","modified_gmt":"2021-07-11T13:31:18","slug":"sfv-legt-vorlaeufigen-rahmenterminkalender-fest","status":"publish","type":"post","link":"https:\/\/tus.eschringen.de\/wordpress\/sfv-legt-vorlaeufigen-rahmenterminkalender-fest\/","title":{"rendered":"SFV legt vorl\u00e4ufigen Rahmenterminkalender fest"},"content":{"rendered":"\n<p>Der Vorstand des Saarl\u00e4ndischen Fu\u00dfballverbandes (SFV) hat den vorl\u00e4ufigen Rahmenterminkalender f\u00fcr die Saison 2021\/2022 festgelegt. Der erste Spieltag der Schr\u00f6der-Liga Saar, inklusive der 17er- und 18er-Ligen, ist f\u00fcr den 31. Juli bzw. den 01. August geplant. Die Ligen mit einer St\u00e4rke von 16 Mannschaften beginnen am 08. August.<\/p>\n\n\n\n<p><strong>Um die Mannschaften in 14er Ligen nicht noch l\u00e4nger auf den Saisonstart warten zu lassen,<\/strong> <strong>Start w\u00e4re hier regul\u00e4r erst der 22.August, hat der Verbandsspielausschuss sich im Sinne der<\/strong> <strong>Vereine dazu entschlossen, auch die 14er Ligen am 8. August beginnen zu lassen.<\/strong> <strong>Diese spielen dann im sogenannten 16er Schl\u00fcssel parallel zu den 16er Ligen.<\/strong><\/p>\n\n\n\n<p>\u201eWir sind guter Hoffnung, dass im August wieder ein Spielbetrieb m\u00f6glich ist. Voraussetzung daf\u00fcr ist neben einem geordneten Trainings- und Vorbereitungsbetrieb auch die Zulassung von Zuschauern zu den Spielen unserer Vereine. Einen Spielbetrieb ohne Publikum ist f\u00fcr uns nicht denkbar\u201c, so Heribert Ohlmann, Pr\u00e4sident des SFV.&nbsp;Josef Kreis, Vorsitzender des Verbandsspielausschusses, weiter: \u201eNach dem Abbruch der vergangenen Saison wollen wir im August wieder in den Spielbetrieb einsteigen. Ob das m\u00f6glich sein wird, h\u00e4ngt nat\u00fcrlich von der Entwicklung der Corona-Pandemie ab. Mit dem vorl\u00e4ufigen Rahmenterminkalender m\u00f6chten wir unseren Vereinen Planungssicherheit geben.\u201c<\/p>\n\n\n\n<p>Die Jugendmannschaften sollen nach den Sommerferien wieder in den Spielbetrieb einsteigen. Derzeit wird der Rahmenterminkalender vom Verbandsjugendausschuss erarbeitet.<\/p>\n\n\n\n<p>Der Terminkalender der Frauen- und M\u00e4dchenmannschaften ist ebenfalls noch in Abstimmung. Der Spielbetrieb soll nach heutigen Planungen Anfang September beginnen.<\/p>\n\n\n\n<p>Der Entwurf des RTK sieht vor am Wochenende 31.7.\/1.8. mit den 17er bzw. 18er Ligen zu starten. Die 16er und 14er Ligen werden dann am 8.8. in den Spielbetrieb einsteigen. Dies nat\u00fcrlich nur unter der Voraussetzung, dass die staatlichen Beh\u00f6rden gr\u00fcnes Licht geben. Start nach der Winterpause ist nach diesem Plan am 6. M\u00e4rz.<\/p>\n\n\n\n<p>Alternativ, im RTK in gr\u00fcner Schrift gehalten,&nbsp;beginnen wir am 1.9. (17er u. 18er) bzw. 12.9. (16er) mit der Saison 2021\/2022. Der alternative Plan sieht, nicht zuletzt um weitere Wochentagsspiele zu vermeiden, den 20. Februar als ersten Spieltag nach der Winterpause vor.<\/p>\n\n\n\n<p>F\u00fcr die Wochenenden im Dezember sind im RTK des Saarl\u00e4ndischen Fussballverbandes keine Spiele eingeplant, sodass die Vereine wie gewohnt und soweit erlaubt an drei Wochenenden ihre Hallenturniere durchf\u00fchren k\u00f6nnen.<\/p>\n\n\n\n<p>Ebenfalls festgelegt sind Termine zur Durchf\u00fchrung der Pokalrunden, wobei bei einem Saisonstart im August im Spieljahr 2021 bis einschl. des 1\/8 Finales gespielt werden soll. Die restlichen Runden finden dann im Spieljahr 2022 statt. Bei einem Start der Spielzeit im September kommen im Jahr 2021 noch 5 Runden zur Austragung. Die restlichen Runden werden dann im Jahr 2022 folgen.<\/p>\n","protected":false},"excerpt":{"rendered":"<p>Der Vorstand des Saarl\u00e4ndischen Fu\u00dfballverbandes (SFV) hat den vorl\u00e4ufigen Rahmenterminkalender f\u00fcr die Saison 2021\/2022 festgelegt. Der erste Spieltag der Schr\u00f6der-Liga Saar, inklusive der 17er- und 18er-Ligen, ist f\u00fcr den 31. Juli bzw. den 01. August geplant. Die Ligen mit einer St\u00e4rke von 16 Mannschaften beginnen am 08. August. Um die Mannschaften in 14er Ligen nicht &#8230; <\/p>\n<p class=\"read-more-container\"><a title=\"SFV legt vorl\u00e4ufigen Rahmenterminkalender fest\" class=\"read-more button\" href=\"https:\/\/tus.eschringen.de\/wordpress\/sfv-legt-vorlaeufigen-rahmenterminkalender-fest\/#more-2854\" aria-label=\"Mehr Informationen \u00fcber SFV legt vorl\u00e4ufigen Rahmenterminkalender fest\">alles lesen<\/a><\/p>\n","protected":false},"author":3,"featured_media":2935,"comment_status":"open","ping_status":"open","sticky":false,"template":"","format":"standard","meta":{"generate_page_header":"","_jetpack_memberships_contains_paid_content":false,"footnotes":""},"categories":[1],"tags":[],"class_list":["post-2854","post","type-post","status-publish","format-standard","has-post-thumbnail","hentry","category-allgemein"],"yoast_head":"<!-- This site is optimized with the Yoast SEO plugin v27.4 - https:\/\/yoast.com\/product\/yoast-seo-wordpress\/ -->\n<title>SFV legt vorl\u00e4ufigen Rahmenterminkalender fest - TuS Eschringen<\/title>\n<meta name=\"robots\" content=\"index, follow, max-snippet:-1, max-image-preview:large, max-video-preview:-1\" \/>\n<link rel=\"canonical\" href=\"https:\/\/tus.eschringen.de\/wordpress\/sfv-legt-vorlaeufigen-rahmenterminkalender-fest\/\" \/>\n<meta property=\"og:locale\" content=\"de_DE\" \/>\n<meta property=\"og:type\" content=\"article\" \/>\n<meta property=\"og:title\" content=\"SFV legt vorl\u00e4ufigen Rahmenterminkalender fest - TuS Eschringen\" \/>\n<meta property=\"og:description\" content=\"Der Vorstand des Saarl\u00e4ndischen Fu\u00dfballverbandes (SFV) hat den vorl\u00e4ufigen Rahmenterminkalender f\u00fcr die Saison 2021\/2022 festgelegt. Der erste Spieltag der Schr\u00f6der-Liga Saar, inklusive der 17er- und 18er-Ligen, ist f\u00fcr den 31. Juli bzw. den 01. August geplant. Die Ligen mit einer St\u00e4rke von 16 Mannschaften beginnen am 08. August. Um die Mannschaften in 14er Ligen nicht ... alles lesen\" \/>\n<meta property=\"og:url\" content=\"https:\/\/tus.eschringen.de\/wordpress\/sfv-legt-vorlaeufigen-rahmenterminkalender-fest\/\" \/>\n<meta property=\"og:site_name\" content=\"TuS Eschringen\" \/>\n<meta property=\"article:publisher\" content=\"https:\/\/www.facebook.com\/TuS.Eschringen\/\" \/>\n<meta property=\"article:published_time\" content=\"2021-06-18T07:46:43+00:00\" \/>\n<meta property=\"article:modified_time\" content=\"2021-07-11T13:31:18+00:00\" \/>\n<meta property=\"og:image\" content=\"https:\/\/tus.eschringen.de\/wordpress\/wp-content\/uploads\/2021\/06\/rahmenterminkalender.png\" \/>\n\t<meta property=\"og:image:width\" content=\"600\" \/>\n\t<meta property=\"og:image:height\" content=\"600\" \/>\n\t<meta property=\"og:image:type\" content=\"image\/png\" \/>\n<meta name=\"author\" content=\"Saarl\u00e4ndischer Fussballverband\" \/>\n<meta name=\"twitter:card\" content=\"summary_large_image\" \/>\n<meta name=\"twitter:label1\" content=\"Verfasst von\" \/>\n\t<meta name=\"twitter:data1\" content=\"Saarl\u00e4ndischer Fussballverband\" \/>\n\t<meta name=\"twitter:label2\" content=\"Gesch\u00e4tzte Lesezeit\" \/>\n\t<meta name=\"twitter:data2\" content=\"2\u00a0Minuten\" \/>\n<script type=\"application\/ld+json\" class=\"yoast-schema-graph\">{\"@context\":\"https:\\\/\\\/schema.org\",\"@graph\":[{\"@type\":\"Article\",\"@id\":\"https:\\\/\\\/tus.eschringen.de\\\/wordpress\\\/sfv-legt-vorlaeufigen-rahmenterminkalender-fest\\\/#article\",\"isPartOf\":{\"@id\":\"https:\\\/\\\/tus.eschringen.de\\\/wordpress\\\/sfv-legt-vorlaeufigen-rahmenterminkalender-fest\\\/\"},\"author\":{\"name\":\"Saarl\u00e4ndischer Fussballverband\",\"@id\":\"https:\\\/\\\/tus.eschringen.de\\\/wordpress\\\/#\\\/schema\\\/person\\\/f56c7c05b8abf15d744f57f596ccf78f\"},\"headline\":\"SFV legt vorl\u00e4ufigen Rahmenterminkalender fest\",\"datePublished\":\"2021-06-18T07:46:43+00:00\",\"dateModified\":\"2021-07-11T13:31:18+00:00\",\"mainEntityOfPage\":{\"@id\":\"https:\\\/\\\/tus.eschringen.de\\\/wordpress\\\/sfv-legt-vorlaeufigen-rahmenterminkalender-fest\\\/\"},\"wordCount\":434,\"commentCount\":0,\"publisher\":{\"@id\":\"https:\\\/\\\/tus.eschringen.de\\\/wordpress\\\/#organization\"},\"image\":{\"@id\":\"https:\\\/\\\/tus.eschringen.de\\\/wordpress\\\/sfv-legt-vorlaeufigen-rahmenterminkalender-fest\\\/#primaryimage\"},\"thumbnailUrl\":\"https:\\\/\\\/i0.wp.com\\\/tus.eschringen.de\\\/wordpress\\\/wp-content\\\/uploads\\\/2021\\\/06\\\/rahmenterminkalender.png?fit=600%2C600&ssl=1\",\"inLanguage\":\"de\",\"potentialAction\":[{\"@type\":\"CommentAction\",\"name\":\"Comment\",\"target\":[\"https:\\\/\\\/tus.eschringen.de\\\/wordpress\\\/sfv-legt-vorlaeufigen-rahmenterminkalender-fest\\\/#respond\"]}]},{\"@type\":\"WebPage\",\"@id\":\"https:\\\/\\\/tus.eschringen.de\\\/wordpress\\\/sfv-legt-vorlaeufigen-rahmenterminkalender-fest\\\/\",\"url\":\"https:\\\/\\\/tus.eschringen.de\\\/wordpress\\\/sfv-legt-vorlaeufigen-rahmenterminkalender-fest\\\/\",\"name\":\"SFV legt vorl\u00e4ufigen Rahmenterminkalender fest - TuS Eschringen\",\"isPartOf\":{\"@id\":\"https:\\\/\\\/tus.eschringen.de\\\/wordpress\\\/#website\"},\"primaryImageOfPage\":{\"@id\":\"https:\\\/\\\/tus.eschringen.de\\\/wordpress\\\/sfv-legt-vorlaeufigen-rahmenterminkalender-fest\\\/#primaryimage\"},\"image\":{\"@id\":\"https:\\\/\\\/tus.eschringen.de\\\/wordpress\\\/sfv-legt-vorlaeufigen-rahmenterminkalender-fest\\\/#primaryimage\"},\"thumbnailUrl\":\"https:\\\/\\\/i0.wp.com\\\/tus.eschringen.de\\\/wordpress\\\/wp-content\\\/uploads\\\/2021\\\/06\\\/rahmenterminkalender.png?fit=600%2C600&ssl=1\",\"datePublished\":\"2021-06-18T07:46:43+00:00\",\"dateModified\":\"2021-07-11T13:31:18+00:00\",\"breadcrumb\":{\"@id\":\"https:\\\/\\\/tus.eschringen.de\\\/wordpress\\\/sfv-legt-vorlaeufigen-rahmenterminkalender-fest\\\/#breadcrumb\"},\"inLanguage\":\"de\",\"potentialAction\":[{\"@type\":\"ReadAction\",\"target\":[\"https:\\\/\\\/tus.eschringen.de\\\/wordpress\\\/sfv-legt-vorlaeufigen-rahmenterminkalender-fest\\\/\"]}]},{\"@type\":\"ImageObject\",\"inLanguage\":\"de\",\"@id\":\"https:\\\/\\\/tus.eschringen.de\\\/wordpress\\\/sfv-legt-vorlaeufigen-rahmenterminkalender-fest\\\/#primaryimage\",\"url\":\"https:\\\/\\\/i0.wp.com\\\/tus.eschringen.de\\\/wordpress\\\/wp-content\\\/uploads\\\/2021\\\/06\\\/rahmenterminkalender.png?fit=600%2C600&ssl=1\",\"contentUrl\":\"https:\\\/\\\/i0.wp.com\\\/tus.eschringen.de\\\/wordpress\\\/wp-content\\\/uploads\\\/2021\\\/06\\\/rahmenterminkalender.png?fit=600%2C600&ssl=1\",\"width\":600,\"height\":600},{\"@type\":\"BreadcrumbList\",\"@id\":\"https:\\\/\\\/tus.eschringen.de\\\/wordpress\\\/sfv-legt-vorlaeufigen-rahmenterminkalender-fest\\\/#breadcrumb\",\"itemListElement\":[{\"@type\":\"ListItem\",\"position\":1,\"name\":\"Startseite\",\"item\":\"https:\\\/\\\/tus.eschringen.de\\\/wordpress\\\/\"},{\"@type\":\"ListItem\",\"position\":2,\"name\":\"SFV legt vorl\u00e4ufigen Rahmenterminkalender fest\"}]},{\"@type\":\"WebSite\",\"@id\":\"https:\\\/\\\/tus.eschringen.de\\\/wordpress\\\/#website\",\"url\":\"https:\\\/\\\/tus.eschringen.de\\\/wordpress\\\/\",\"name\":\"TuS Eschringen\",\"description\":\"\",\"publisher\":{\"@id\":\"https:\\\/\\\/tus.eschringen.de\\\/wordpress\\\/#organization\"},\"potentialAction\":[{\"@type\":\"SearchAction\",\"target\":{\"@type\":\"EntryPoint\",\"urlTemplate\":\"https:\\\/\\\/tus.eschringen.de\\\/wordpress\\\/?s={search_term_string}\"},\"query-input\":{\"@type\":\"PropertyValueSpecification\",\"valueRequired\":true,\"valueName\":\"search_term_string\"}}],\"inLanguage\":\"de\"},{\"@type\":\"Organization\",\"@id\":\"https:\\\/\\\/tus.eschringen.de\\\/wordpress\\\/#organization\",\"name\":\"TuS Eschringen\",\"url\":\"https:\\\/\\\/tus.eschringen.de\\\/wordpress\\\/\",\"logo\":{\"@type\":\"ImageObject\",\"inLanguage\":\"de\",\"@id\":\"https:\\\/\\\/tus.eschringen.de\\\/wordpress\\\/#\\\/schema\\\/logo\\\/image\\\/\",\"url\":\"https:\\\/\\\/i0.wp.com\\\/tus.eschringen.de\\\/wordpress\\\/wp-content\\\/uploads\\\/2025\\\/07\\\/Web_kopf.jpg?fit=1260%2C240&ssl=1\",\"contentUrl\":\"https:\\\/\\\/i0.wp.com\\\/tus.eschringen.de\\\/wordpress\\\/wp-content\\\/uploads\\\/2025\\\/07\\\/Web_kopf.jpg?fit=1260%2C240&ssl=1\",\"width\":1260,\"height\":240,\"caption\":\"TuS Eschringen\"},\"image\":{\"@id\":\"https:\\\/\\\/tus.eschringen.de\\\/wordpress\\\/#\\\/schema\\\/logo\\\/image\\\/\"},\"sameAs\":[\"https:\\\/\\\/www.facebook.com\\\/TuS.Eschringen\\\/\",\"https:\\\/\\\/www.instagram.com\\\/tus.eschringen\\\/\"]},{\"@type\":\"Person\",\"@id\":\"https:\\\/\\\/tus.eschringen.de\\\/wordpress\\\/#\\\/schema\\\/person\\\/f56c7c05b8abf15d744f57f596ccf78f\",\"name\":\"Saarl\u00e4ndischer Fussballverband\",\"image\":{\"@type\":\"ImageObject\",\"inLanguage\":\"de\",\"@id\":\"https:\\\/\\\/secure.gravatar.com\\\/avatar\\\/24cad38e5a03a1633ba02f327d5875b909cd11bf149636394d8b0bbad657fda9?s=96&d=mm&r=g\",\"url\":\"https:\\\/\\\/secure.gravatar.com\\\/avatar\\\/24cad38e5a03a1633ba02f327d5875b909cd11bf149636394d8b0bbad657fda9?s=96&d=mm&r=g\",\"contentUrl\":\"https:\\\/\\\/secure.gravatar.com\\\/avatar\\\/24cad38e5a03a1633ba02f327d5875b909cd11bf149636394d8b0bbad657fda9?s=96&d=mm&r=g\",\"caption\":\"Saarl\u00e4ndischer Fussballverband\"},\"url\":\"https:\\\/\\\/tus.eschringen.de\\\/wordpress\\\/author\\\/saarlaendischer-fussballverband\\\/\"}]}<\/script>\n<!-- \/ Yoast SEO plugin. -->","yoast_head_json":{"title":"SFV legt vorl\u00e4ufigen Rahmenterminkalender fest - TuS Eschringen","robots":{"index":"index","follow":"follow","max-snippet":"max-snippet:-1","max-image-preview":"max-image-preview:large","max-video-preview":"max-video-preview:-1"},"canonical":"https:\/\/tus.eschringen.de\/wordpress\/sfv-legt-vorlaeufigen-rahmenterminkalender-fest\/","og_locale":"de_DE","og_type":"article","og_title":"SFV legt vorl\u00e4ufigen Rahmenterminkalender fest - TuS Eschringen","og_description":"Der Vorstand des Saarl\u00e4ndischen Fu\u00dfballverbandes (SFV) hat den vorl\u00e4ufigen Rahmenterminkalender f\u00fcr die Saison 2021\/2022 festgelegt. Der erste Spieltag der Schr\u00f6der-Liga Saar, inklusive der 17er- und 18er-Ligen, ist f\u00fcr den 31. Juli bzw. den 01. August geplant. Die Ligen mit einer St\u00e4rke von 16 Mannschaften beginnen am 08. August. Um die Mannschaften in 14er Ligen nicht ... alles lesen","og_url":"https:\/\/tus.eschringen.de\/wordpress\/sfv-legt-vorlaeufigen-rahmenterminkalender-fest\/","og_site_name":"TuS Eschringen","article_publisher":"https:\/\/www.facebook.com\/TuS.Eschringen\/","article_published_time":"2021-06-18T07:46:43+00:00","article_modified_time":"2021-07-11T13:31:18+00:00","og_image":[{"width":600,"height":600,"url":"https:\/\/tus.eschringen.de\/wordpress\/wp-content\/uploads\/2021\/06\/rahmenterminkalender.png","type":"image\/png"}],"author":"Saarl\u00e4ndischer Fussballverband","twitter_card":"summary_large_image","twitter_misc":{"Verfasst von":"Saarl\u00e4ndischer Fussballverband","Gesch\u00e4tzte Lesezeit":"2\u00a0Minuten"},"schema":{"@context":"https:\/\/schema.org","@graph":[{"@type":"Article","@id":"https:\/\/tus.eschringen.de\/wordpress\/sfv-legt-vorlaeufigen-rahmenterminkalender-fest\/#article","isPartOf":{"@id":"https:\/\/tus.eschringen.de\/wordpress\/sfv-legt-vorlaeufigen-rahmenterminkalender-fest\/"},"author":{"name":"Saarl\u00e4ndischer Fussballverband","@id":"https:\/\/tus.eschringen.de\/wordpress\/#\/schema\/person\/f56c7c05b8abf15d744f57f596ccf78f"},"headline":"SFV legt vorl\u00e4ufigen Rahmenterminkalender fest","datePublished":"2021-06-18T07:46:43+00:00","dateModified":"2021-07-11T13:31:18+00:00","mainEntityOfPage":{"@id":"https:\/\/tus.eschringen.de\/wordpress\/sfv-legt-vorlaeufigen-rahmenterminkalender-fest\/"},"wordCount":434,"commentCount":0,"publisher":{"@id":"https:\/\/tus.eschringen.de\/wordpress\/#organization"},"image":{"@id":"https:\/\/tus.eschringen.de\/wordpress\/sfv-legt-vorlaeufigen-rahmenterminkalender-fest\/#primaryimage"},"thumbnailUrl":"https:\/\/i0.wp.com\/tus.eschringen.de\/wordpress\/wp-content\/uploads\/2021\/06\/rahmenterminkalender.png?fit=600%2C600&ssl=1","inLanguage":"de","potentialAction":[{"@type":"CommentAction","name":"Comment","target":["https:\/\/tus.eschringen.de\/wordpress\/sfv-legt-vorlaeufigen-rahmenterminkalender-fest\/#respond"]}]},{"@type":"WebPage","@id":"https:\/\/tus.eschringen.de\/wordpress\/sfv-legt-vorlaeufigen-rahmenterminkalender-fest\/","url":"https:\/\/tus.eschringen.de\/wordpress\/sfv-legt-vorlaeufigen-rahmenterminkalender-fest\/","name":"SFV legt vorl\u00e4ufigen Rahmenterminkalender fest - TuS Eschringen","isPartOf":{"@id":"https:\/\/tus.eschringen.de\/wordpress\/#website"},"primaryImageOfPage":{"@id":"https:\/\/tus.eschringen.de\/wordpress\/sfv-legt-vorlaeufigen-rahmenterminkalender-fest\/#primaryimage"},"image":{"@id":"https:\/\/tus.eschringen.de\/wordpress\/sfv-legt-vorlaeufigen-rahmenterminkalender-fest\/#primaryimage"},"thumbnailUrl":"https:\/\/i0.wp.com\/tus.eschringen.de\/wordpress\/wp-content\/uploads\/2021\/06\/rahmenterminkalender.png?fit=600%2C600&ssl=1","datePublished":"2021-06-18T07:46:43+00:00","dateModified":"2021-07-11T13:31:18+00:00","breadcrumb":{"@id":"https:\/\/tus.eschringen.de\/wordpress\/sfv-legt-vorlaeufigen-rahmenterminkalender-fest\/#breadcrumb"},"inLanguage":"de","potentialAction":[{"@type":"ReadAction","target":["https:\/\/tus.eschringen.de\/wordpress\/sfv-legt-vorlaeufigen-rahmenterminkalender-fest\/"]}]},{"@type":"ImageObject","inLanguage":"de","@id":"https:\/\/tus.eschringen.de\/wordpress\/sfv-legt-vorlaeufigen-rahmenterminkalender-fest\/#primaryimage","url":"https:\/\/i0.wp.com\/tus.eschringen.de\/wordpress\/wp-content\/uploads\/2021\/06\/rahmenterminkalender.png?fit=600%2C600&ssl=1","contentUrl":"https:\/\/i0.wp.com\/tus.eschringen.de\/wordpress\/wp-content\/uploads\/2021\/06\/rahmenterminkalender.png?fit=600%2C600&ssl=1","width":600,"height":600},{"@type":"BreadcrumbList","@id":"https:\/\/tus.eschringen.de\/wordpress\/sfv-legt-vorlaeufigen-rahmenterminkalender-fest\/#breadcrumb","itemListElement":[{"@type":"ListItem","position":1,"name":"Startseite","item":"https:\/\/tus.eschringen.de\/wordpress\/"},{"@type":"ListItem","position":2,"name":"SFV legt vorl\u00e4ufigen Rahmenterminkalender fest"}]},{"@type":"WebSite","@id":"https:\/\/tus.eschringen.de\/wordpress\/#website","url":"https:\/\/tus.eschringen.de\/wordpress\/","name":"TuS Eschringen","description":"","publisher":{"@id":"https:\/\/tus.eschringen.de\/wordpress\/#organization"},"potentialAction":[{"@type":"SearchAction","target":{"@type":"EntryPoint","urlTemplate":"https:\/\/tus.eschringen.de\/wordpress\/?s={search_term_string}"},"query-input":{"@type":"PropertyValueSpecification","valueRequired":true,"valueName":"search_term_string"}}],"inLanguage":"de"},{"@type":"Organization","@id":"https:\/\/tus.eschringen.de\/wordpress\/#organization","name":"TuS Eschringen","url":"https:\/\/tus.eschringen.de\/wordpress\/","logo":{"@type":"ImageObject","inLanguage":"de","@id":"https:\/\/tus.eschringen.de\/wordpress\/#\/schema\/logo\/image\/","url":"https:\/\/i0.wp.com\/tus.eschringen.de\/wordpress\/wp-content\/uploads\/2025\/07\/Web_kopf.jpg?fit=1260%2C240&ssl=1","contentUrl":"https:\/\/i0.wp.com\/tus.eschringen.de\/wordpress\/wp-content\/uploads\/2025\/07\/Web_kopf.jpg?fit=1260%2C240&ssl=1","width":1260,"height":240,"caption":"TuS Eschringen"},"image":{"@id":"https:\/\/tus.eschringen.de\/wordpress\/#\/schema\/logo\/image\/"},"sameAs":["https:\/\/www.facebook.com\/TuS.Eschringen\/","https:\/\/www.instagram.com\/tus.eschringen\/"]},{"@type":"Person","@id":"https:\/\/tus.eschringen.de\/wordpress\/#\/schema\/person\/f56c7c05b8abf15d744f57f596ccf78f","name":"Saarl\u00e4ndischer Fussballverband","image":{"@type":"ImageObject","inLanguage":"de","@id":"https:\/\/secure.gravatar.com\/avatar\/24cad38e5a03a1633ba02f327d5875b909cd11bf149636394d8b0bbad657fda9?s=96&d=mm&r=g","url":"https:\/\/secure.gravatar.com\/avatar\/24cad38e5a03a1633ba02f327d5875b909cd11bf149636394d8b0bbad657fda9?s=96&d=mm&r=g","contentUrl":"https:\/\/secure.gravatar.com\/avatar\/24cad38e5a03a1633ba02f327d5875b909cd11bf149636394d8b0bbad657fda9?s=96&d=mm&r=g","caption":"Saarl\u00e4ndischer Fussballverband"},"url":"https:\/\/tus.eschringen.de\/wordpress\/author\/saarlaendischer-fussballverband\/"}]}},"jetpack_featured_media_url":"https:\/\/i0.wp.com\/tus.eschringen.de\/wordpress\/wp-content\/uploads\/2021\/06\/rahmenterminkalender.png?fit=600%2C600&ssl=1","jetpack_sharing_enabled":true,"_links":{"self":[{"href":"https:\/\/tus.eschringen.de\/wordpress\/wp-json\/wp\/v2\/posts\/2854","targetHints":{"allow":["GET"]}}],"collection":[{"href":"https:\/\/tus.eschringen.de\/wordpress\/wp-json\/wp\/v2\/posts"}],"about":[{"href":"https:\/\/tus.eschringen.de\/wordpress\/wp-json\/wp\/v2\/types\/post"}],"author":[{"embeddable":true,"href":"https:\/\/tus.eschringen.de\/wordpress\/wp-json\/wp\/v2\/users\/3"}],"replies":[{"embeddable":true,"href":"https:\/\/tus.eschringen.de\/wordpress\/wp-json\/wp\/v2\/comments?post=2854"}],"version-history":[{"count":2,"href":"https:\/\/tus.eschringen.de\/wordpress\/wp-json\/wp\/v2\/posts\/2854\/revisions"}],"predecessor-version":[{"id":2936,"href":"https:\/\/tus.eschringen.de\/wordpress\/wp-json\/wp\/v2\/posts\/2854\/revisions\/2936"}],"wp:featuredmedia":[{"embeddable":true,"href":"https:\/\/tus.eschringen.de\/wordpress\/wp-json\/wp\/v2\/media\/2935"}],"wp:attachment":[{"href":"https:\/\/tus.eschringen.de\/wordpress\/wp-json\/wp\/v2\/media?parent=2854"}],"wp:term":[{"taxonomy":"category","embeddable":true,"href":"https:\/\/tus.eschringen.de\/wordpress\/wp-json\/wp\/v2\/categories?post=2854"},{"taxonomy":"post_tag","embeddable":true,"href":"https:\/\/tus.eschringen.de\/wordpress\/wp-json\/wp\/v2\/tags?post=2854"}],"curies":[{"name":"wp","href":"https:\/\/api.w.org\/{rel}","templated":true}]}}