{"id":2519,"date":"2019-11-18T17:31:33","date_gmt":"2019-11-18T16:31:33","guid":{"rendered":"http:\/\/tus.eschringen.de\/wordpress\/?p=2519"},"modified":"2019-11-18T17:31:35","modified_gmt":"2019-11-18T16:31:35","slug":"tus-empfaengt-friedrichsthal-zum-letzten-heimspiel-in-2019","status":"publish","type":"post","link":"https:\/\/tus.eschringen.de\/wordpress\/tus-empfaengt-friedrichsthal-zum-letzten-heimspiel-in-2019\/","title":{"rendered":"TuS empf\u00e4ngt Friedrichsthal zum letzten Heimspiel in 2019"},"content":{"rendered":"\n<p>Zum letzten Heimspiel im Jahre 2019 empf\u00e4ngt der TuS Eschringen den SC Friedrichsthal. Im letzten Jahr  setzte es gegen die G\u00e4ste zwei herbe Niederlagen. Allerdings schw\u00e4chelt der Tabellenvierte aktuell. Nach etlichen Entt\u00e4uschungen in den vergangenen Heimspielen bietet sich f\u00fcr unsere Mannschaft also die  Chance, das Jahr mit einem Erfolg vers\u00f6hnlich abzuschlie\u00dfen. Spielbeginn ist <strong>Samstag, 23.11.2019, 15:00 Uhr<\/strong>. Die zweite Mannschaft ist spielfrei.<\/p>\n","protected":false},"excerpt":{"rendered":"<p>Zum letzten Heimspiel im Jahre 2019 empf\u00e4ngt der TuS Eschringen den SC Friedrichsthal. Im letzten Jahr setzte es gegen die G\u00e4ste zwei herbe Niederlagen. Allerdings schw\u00e4chelt der Tabellenvierte aktuell. Nach etlichen Entt\u00e4uschungen in den vergangenen Heimspielen bietet sich f\u00fcr unsere Mannschaft also die Chance, das Jahr mit einem Erfolg vers\u00f6hnlich abzuschlie\u00dfen. Spielbeginn ist Samstag, 23.11.2019, &#8230; <\/p>\n<p class=\"read-more-container\"><a title=\"TuS empf\u00e4ngt Friedrichsthal zum letzten Heimspiel in 2019\" class=\"read-more button\" href=\"https:\/\/tus.eschringen.de\/wordpress\/tus-empfaengt-friedrichsthal-zum-letzten-heimspiel-in-2019\/#more-2519\" aria-label=\"Mehr Informationen \u00fcber TuS empf\u00e4ngt Friedrichsthal zum letzten Heimspiel in 2019\">alles lesen<\/a><\/p>\n","protected":false},"author":1,"featured_media":0,"comment_status":"open","ping_status":"open","sticky":false,"template":"","format":"standard","meta":{"generate_page_header":"","_jetpack_memberships_contains_paid_content":false,"footnotes":""},"categories":[1],"tags":[],"class_list":["post-2519","post","type-post","status-publish","format-standard","hentry","category-allgemein"],"yoast_head":"<!-- This site is optimized with the Yoast SEO plugin v27.4 - https:\/\/yoast.com\/product\/yoast-seo-wordpress\/ -->\n<title>TuS empf\u00e4ngt Friedrichsthal zum letzten Heimspiel in 2019 - TuS Eschringen<\/title>\n<meta name=\"robots\" content=\"index, follow, max-snippet:-1, max-image-preview:large, max-video-preview:-1\" \/>\n<link rel=\"canonical\" href=\"https:\/\/tus.eschringen.de\/wordpress\/tus-empfaengt-friedrichsthal-zum-letzten-heimspiel-in-2019\/\" \/>\n<meta property=\"og:locale\" content=\"de_DE\" \/>\n<meta property=\"og:type\" content=\"article\" \/>\n<meta property=\"og:title\" content=\"TuS empf\u00e4ngt Friedrichsthal zum letzten Heimspiel in 2019 - TuS Eschringen\" \/>\n<meta property=\"og:description\" content=\"Zum letzten Heimspiel im Jahre 2019 empf\u00e4ngt der TuS Eschringen den SC Friedrichsthal. Im letzten Jahr setzte es gegen die G\u00e4ste zwei herbe Niederlagen. Allerdings schw\u00e4chelt der Tabellenvierte aktuell. Nach etlichen Entt\u00e4uschungen in den vergangenen Heimspielen bietet sich f\u00fcr unsere Mannschaft also die Chance, das Jahr mit einem Erfolg vers\u00f6hnlich abzuschlie\u00dfen. Spielbeginn ist Samstag, 23.11.2019, ... alles lesen\" \/>\n<meta property=\"og:url\" content=\"https:\/\/tus.eschringen.de\/wordpress\/tus-empfaengt-friedrichsthal-zum-letzten-heimspiel-in-2019\/\" \/>\n<meta property=\"og:site_name\" content=\"TuS Eschringen\" \/>\n<meta property=\"article:publisher\" content=\"https:\/\/www.facebook.com\/TuS.Eschringen\/\" \/>\n<meta property=\"article:published_time\" content=\"2019-11-18T16:31:33+00:00\" \/>\n<meta property=\"article:modified_time\" content=\"2019-11-18T16:31:35+00:00\" \/>\n<meta name=\"author\" content=\"Stefan Vogelgesang\" \/>\n<meta name=\"twitter:card\" content=\"summary_large_image\" \/>\n<meta name=\"twitter:label1\" content=\"Verfasst von\" \/>\n\t<meta name=\"twitter:data1\" content=\"Stefan Vogelgesang\" \/>\n<script type=\"application\/ld+json\" class=\"yoast-schema-graph\">{\"@context\":\"https:\\\/\\\/schema.org\",\"@graph\":[{\"@type\":\"Article\",\"@id\":\"https:\\\/\\\/tus.eschringen.de\\\/wordpress\\\/tus-empfaengt-friedrichsthal-zum-letzten-heimspiel-in-2019\\\/#article\",\"isPartOf\":{\"@id\":\"https:\\\/\\\/tus.eschringen.de\\\/wordpress\\\/tus-empfaengt-friedrichsthal-zum-letzten-heimspiel-in-2019\\\/\"},\"author\":{\"name\":\"Stefan Vogelgesang\",\"@id\":\"https:\\\/\\\/tus.eschringen.de\\\/wordpress\\\/#\\\/schema\\\/person\\\/40135b2a56d1e361a2ad54242e8338a1\"},\"headline\":\"TuS empf\u00e4ngt Friedrichsthal zum letzten Heimspiel in 2019\",\"datePublished\":\"2019-11-18T16:31:33+00:00\",\"dateModified\":\"2019-11-18T16:31:35+00:00\",\"mainEntityOfPage\":{\"@id\":\"https:\\\/\\\/tus.eschringen.de\\\/wordpress\\\/tus-empfaengt-friedrichsthal-zum-letzten-heimspiel-in-2019\\\/\"},\"wordCount\":74,\"commentCount\":0,\"publisher\":{\"@id\":\"https:\\\/\\\/tus.eschringen.de\\\/wordpress\\\/#organization\"},\"inLanguage\":\"de\",\"potentialAction\":[{\"@type\":\"CommentAction\",\"name\":\"Comment\",\"target\":[\"https:\\\/\\\/tus.eschringen.de\\\/wordpress\\\/tus-empfaengt-friedrichsthal-zum-letzten-heimspiel-in-2019\\\/#respond\"]}]},{\"@type\":\"WebPage\",\"@id\":\"https:\\\/\\\/tus.eschringen.de\\\/wordpress\\\/tus-empfaengt-friedrichsthal-zum-letzten-heimspiel-in-2019\\\/\",\"url\":\"https:\\\/\\\/tus.eschringen.de\\\/wordpress\\\/tus-empfaengt-friedrichsthal-zum-letzten-heimspiel-in-2019\\\/\",\"name\":\"TuS empf\u00e4ngt Friedrichsthal zum letzten Heimspiel in 2019 - TuS Eschringen\",\"isPartOf\":{\"@id\":\"https:\\\/\\\/tus.eschringen.de\\\/wordpress\\\/#website\"},\"datePublished\":\"2019-11-18T16:31:33+00:00\",\"dateModified\":\"2019-11-18T16:31:35+00:00\",\"breadcrumb\":{\"@id\":\"https:\\\/\\\/tus.eschringen.de\\\/wordpress\\\/tus-empfaengt-friedrichsthal-zum-letzten-heimspiel-in-2019\\\/#breadcrumb\"},\"inLanguage\":\"de\",\"potentialAction\":[{\"@type\":\"ReadAction\",\"target\":[\"https:\\\/\\\/tus.eschringen.de\\\/wordpress\\\/tus-empfaengt-friedrichsthal-zum-letzten-heimspiel-in-2019\\\/\"]}]},{\"@type\":\"BreadcrumbList\",\"@id\":\"https:\\\/\\\/tus.eschringen.de\\\/wordpress\\\/tus-empfaengt-friedrichsthal-zum-letzten-heimspiel-in-2019\\\/#breadcrumb\",\"itemListElement\":[{\"@type\":\"ListItem\",\"position\":1,\"name\":\"Startseite\",\"item\":\"https:\\\/\\\/tus.eschringen.de\\\/wordpress\\\/\"},{\"@type\":\"ListItem\",\"position\":2,\"name\":\"TuS empf\u00e4ngt Friedrichsthal zum letzten Heimspiel in 2019\"}]},{\"@type\":\"WebSite\",\"@id\":\"https:\\\/\\\/tus.eschringen.de\\\/wordpress\\\/#website\",\"url\":\"https:\\\/\\\/tus.eschringen.de\\\/wordpress\\\/\",\"name\":\"TuS Eschringen\",\"description\":\"\",\"publisher\":{\"@id\":\"https:\\\/\\\/tus.eschringen.de\\\/wordpress\\\/#organization\"},\"potentialAction\":[{\"@type\":\"SearchAction\",\"target\":{\"@type\":\"EntryPoint\",\"urlTemplate\":\"https:\\\/\\\/tus.eschringen.de\\\/wordpress\\\/?s={search_term_string}\"},\"query-input\":{\"@type\":\"PropertyValueSpecification\",\"valueRequired\":true,\"valueName\":\"search_term_string\"}}],\"inLanguage\":\"de\"},{\"@type\":\"Organization\",\"@id\":\"https:\\\/\\\/tus.eschringen.de\\\/wordpress\\\/#organization\",\"name\":\"TuS Eschringen\",\"url\":\"https:\\\/\\\/tus.eschringen.de\\\/wordpress\\\/\",\"logo\":{\"@type\":\"ImageObject\",\"inLanguage\":\"de\",\"@id\":\"https:\\\/\\\/tus.eschringen.de\\\/wordpress\\\/#\\\/schema\\\/logo\\\/image\\\/\",\"url\":\"https:\\\/\\\/i0.wp.com\\\/tus.eschringen.de\\\/wordpress\\\/wp-content\\\/uploads\\\/2025\\\/07\\\/Web_kopf.jpg?fit=1260%2C240&ssl=1\",\"contentUrl\":\"https:\\\/\\\/i0.wp.com\\\/tus.eschringen.de\\\/wordpress\\\/wp-content\\\/uploads\\\/2025\\\/07\\\/Web_kopf.jpg?fit=1260%2C240&ssl=1\",\"width\":1260,\"height\":240,\"caption\":\"TuS Eschringen\"},\"image\":{\"@id\":\"https:\\\/\\\/tus.eschringen.de\\\/wordpress\\\/#\\\/schema\\\/logo\\\/image\\\/\"},\"sameAs\":[\"https:\\\/\\\/www.facebook.com\\\/TuS.Eschringen\\\/\",\"https:\\\/\\\/www.instagram.com\\\/tus.eschringen\\\/\"]},{\"@type\":\"Person\",\"@id\":\"https:\\\/\\\/tus.eschringen.de\\\/wordpress\\\/#\\\/schema\\\/person\\\/40135b2a56d1e361a2ad54242e8338a1\",\"name\":\"Stefan Vogelgesang\",\"image\":{\"@type\":\"ImageObject\",\"inLanguage\":\"de\",\"@id\":\"https:\\\/\\\/secure.gravatar.com\\\/avatar\\\/5633e4c0de8771818b0e2f3c72ef14f79d7bfd1aa794c0c5b5c7e17fe9ee3caa?s=96&d=mm&r=g\",\"url\":\"https:\\\/\\\/secure.gravatar.com\\\/avatar\\\/5633e4c0de8771818b0e2f3c72ef14f79d7bfd1aa794c0c5b5c7e17fe9ee3caa?s=96&d=mm&r=g\",\"contentUrl\":\"https:\\\/\\\/secure.gravatar.com\\\/avatar\\\/5633e4c0de8771818b0e2f3c72ef14f79d7bfd1aa794c0c5b5c7e17fe9ee3caa?s=96&d=mm&r=g\",\"caption\":\"Stefan Vogelgesang\"},\"url\":\"https:\\\/\\\/tus.eschringen.de\\\/wordpress\\\/author\\\/stefan-vogelgesang\\\/\"}]}<\/script>\n<!-- \/ Yoast SEO plugin. -->","yoast_head_json":{"title":"TuS empf\u00e4ngt Friedrichsthal zum letzten Heimspiel in 2019 - TuS Eschringen","robots":{"index":"index","follow":"follow","max-snippet":"max-snippet:-1","max-image-preview":"max-image-preview:large","max-video-preview":"max-video-preview:-1"},"canonical":"https:\/\/tus.eschringen.de\/wordpress\/tus-empfaengt-friedrichsthal-zum-letzten-heimspiel-in-2019\/","og_locale":"de_DE","og_type":"article","og_title":"TuS empf\u00e4ngt Friedrichsthal zum letzten Heimspiel in 2019 - TuS Eschringen","og_description":"Zum letzten Heimspiel im Jahre 2019 empf\u00e4ngt der TuS Eschringen den SC Friedrichsthal. Im letzten Jahr setzte es gegen die G\u00e4ste zwei herbe Niederlagen. Allerdings schw\u00e4chelt der Tabellenvierte aktuell. Nach etlichen Entt\u00e4uschungen in den vergangenen Heimspielen bietet sich f\u00fcr unsere Mannschaft also die Chance, das Jahr mit einem Erfolg vers\u00f6hnlich abzuschlie\u00dfen. Spielbeginn ist Samstag, 23.11.2019, ... alles lesen","og_url":"https:\/\/tus.eschringen.de\/wordpress\/tus-empfaengt-friedrichsthal-zum-letzten-heimspiel-in-2019\/","og_site_name":"TuS Eschringen","article_publisher":"https:\/\/www.facebook.com\/TuS.Eschringen\/","article_published_time":"2019-11-18T16:31:33+00:00","article_modified_time":"2019-11-18T16:31:35+00:00","author":"Stefan Vogelgesang","twitter_card":"summary_large_image","twitter_misc":{"Verfasst von":"Stefan Vogelgesang"},"schema":{"@context":"https:\/\/schema.org","@graph":[{"@type":"Article","@id":"https:\/\/tus.eschringen.de\/wordpress\/tus-empfaengt-friedrichsthal-zum-letzten-heimspiel-in-2019\/#article","isPartOf":{"@id":"https:\/\/tus.eschringen.de\/wordpress\/tus-empfaengt-friedrichsthal-zum-letzten-heimspiel-in-2019\/"},"author":{"name":"Stefan Vogelgesang","@id":"https:\/\/tus.eschringen.de\/wordpress\/#\/schema\/person\/40135b2a56d1e361a2ad54242e8338a1"},"headline":"TuS empf\u00e4ngt Friedrichsthal zum letzten Heimspiel in 2019","datePublished":"2019-11-18T16:31:33+00:00","dateModified":"2019-11-18T16:31:35+00:00","mainEntityOfPage":{"@id":"https:\/\/tus.eschringen.de\/wordpress\/tus-empfaengt-friedrichsthal-zum-letzten-heimspiel-in-2019\/"},"wordCount":74,"commentCount":0,"publisher":{"@id":"https:\/\/tus.eschringen.de\/wordpress\/#organization"},"inLanguage":"de","potentialAction":[{"@type":"CommentAction","name":"Comment","target":["https:\/\/tus.eschringen.de\/wordpress\/tus-empfaengt-friedrichsthal-zum-letzten-heimspiel-in-2019\/#respond"]}]},{"@type":"WebPage","@id":"https:\/\/tus.eschringen.de\/wordpress\/tus-empfaengt-friedrichsthal-zum-letzten-heimspiel-in-2019\/","url":"https:\/\/tus.eschringen.de\/wordpress\/tus-empfaengt-friedrichsthal-zum-letzten-heimspiel-in-2019\/","name":"TuS empf\u00e4ngt Friedrichsthal zum letzten Heimspiel in 2019 - TuS Eschringen","isPartOf":{"@id":"https:\/\/tus.eschringen.de\/wordpress\/#website"},"datePublished":"2019-11-18T16:31:33+00:00","dateModified":"2019-11-18T16:31:35+00:00","breadcrumb":{"@id":"https:\/\/tus.eschringen.de\/wordpress\/tus-empfaengt-friedrichsthal-zum-letzten-heimspiel-in-2019\/#breadcrumb"},"inLanguage":"de","potentialAction":[{"@type":"ReadAction","target":["https:\/\/tus.eschringen.de\/wordpress\/tus-empfaengt-friedrichsthal-zum-letzten-heimspiel-in-2019\/"]}]},{"@type":"BreadcrumbList","@id":"https:\/\/tus.eschringen.de\/wordpress\/tus-empfaengt-friedrichsthal-zum-letzten-heimspiel-in-2019\/#breadcrumb","itemListElement":[{"@type":"ListItem","position":1,"name":"Startseite","item":"https:\/\/tus.eschringen.de\/wordpress\/"},{"@type":"ListItem","position":2,"name":"TuS empf\u00e4ngt Friedrichsthal zum letzten Heimspiel in 2019"}]},{"@type":"WebSite","@id":"https:\/\/tus.eschringen.de\/wordpress\/#website","url":"https:\/\/tus.eschringen.de\/wordpress\/","name":"TuS Eschringen","description":"","publisher":{"@id":"https:\/\/tus.eschringen.de\/wordpress\/#organization"},"potentialAction":[{"@type":"SearchAction","target":{"@type":"EntryPoint","urlTemplate":"https:\/\/tus.eschringen.de\/wordpress\/?s={search_term_string}"},"query-input":{"@type":"PropertyValueSpecification","valueRequired":true,"valueName":"search_term_string"}}],"inLanguage":"de"},{"@type":"Organization","@id":"https:\/\/tus.eschringen.de\/wordpress\/#organization","name":"TuS Eschringen","url":"https:\/\/tus.eschringen.de\/wordpress\/","logo":{"@type":"ImageObject","inLanguage":"de","@id":"https:\/\/tus.eschringen.de\/wordpress\/#\/schema\/logo\/image\/","url":"https:\/\/i0.wp.com\/tus.eschringen.de\/wordpress\/wp-content\/uploads\/2025\/07\/Web_kopf.jpg?fit=1260%2C240&ssl=1","contentUrl":"https:\/\/i0.wp.com\/tus.eschringen.de\/wordpress\/wp-content\/uploads\/2025\/07\/Web_kopf.jpg?fit=1260%2C240&ssl=1","width":1260,"height":240,"caption":"TuS Eschringen"},"image":{"@id":"https:\/\/tus.eschringen.de\/wordpress\/#\/schema\/logo\/image\/"},"sameAs":["https:\/\/www.facebook.com\/TuS.Eschringen\/","https:\/\/www.instagram.com\/tus.eschringen\/"]},{"@type":"Person","@id":"https:\/\/tus.eschringen.de\/wordpress\/#\/schema\/person\/40135b2a56d1e361a2ad54242e8338a1","name":"Stefan Vogelgesang","image":{"@type":"ImageObject","inLanguage":"de","@id":"https:\/\/secure.gravatar.com\/avatar\/5633e4c0de8771818b0e2f3c72ef14f79d7bfd1aa794c0c5b5c7e17fe9ee3caa?s=96&d=mm&r=g","url":"https:\/\/secure.gravatar.com\/avatar\/5633e4c0de8771818b0e2f3c72ef14f79d7bfd1aa794c0c5b5c7e17fe9ee3caa?s=96&d=mm&r=g","contentUrl":"https:\/\/secure.gravatar.com\/avatar\/5633e4c0de8771818b0e2f3c72ef14f79d7bfd1aa794c0c5b5c7e17fe9ee3caa?s=96&d=mm&r=g","caption":"Stefan Vogelgesang"},"url":"https:\/\/tus.eschringen.de\/wordpress\/author\/stefan-vogelgesang\/"}]}},"jetpack_featured_media_url":"","jetpack_sharing_enabled":true,"_links":{"self":[{"href":"https:\/\/tus.eschringen.de\/wordpress\/wp-json\/wp\/v2\/posts\/2519","targetHints":{"allow":["GET"]}}],"collection":[{"href":"https:\/\/tus.eschringen.de\/wordpress\/wp-json\/wp\/v2\/posts"}],"about":[{"href":"https:\/\/tus.eschringen.de\/wordpress\/wp-json\/wp\/v2\/types\/post"}],"author":[{"embeddable":true,"href":"https:\/\/tus.eschringen.de\/wordpress\/wp-json\/wp\/v2\/users\/1"}],"replies":[{"embeddable":true,"href":"https:\/\/tus.eschringen.de\/wordpress\/wp-json\/wp\/v2\/comments?post=2519"}],"version-history":[{"count":1,"href":"https:\/\/tus.eschringen.de\/wordpress\/wp-json\/wp\/v2\/posts\/2519\/revisions"}],"predecessor-version":[{"id":2520,"href":"https:\/\/tus.eschringen.de\/wordpress\/wp-json\/wp\/v2\/posts\/2519\/revisions\/2520"}],"wp:attachment":[{"href":"https:\/\/tus.eschringen.de\/wordpress\/wp-json\/wp\/v2\/media?parent=2519"}],"wp:term":[{"taxonomy":"category","embeddable":true,"href":"https:\/\/tus.eschringen.de\/wordpress\/wp-json\/wp\/v2\/categories?post=2519"},{"taxonomy":"post_tag","embeddable":true,"href":"https:\/\/tus.eschringen.de\/wordpress\/wp-json\/wp\/v2\/tags?post=2519"}],"curies":[{"name":"wp","href":"https:\/\/api.w.org\/{rel}","templated":true}]}}