{"id":2505,"date":"2019-11-13T12:43:58","date_gmt":"2019-11-13T11:43:58","guid":{"rendered":"http:\/\/tus.eschringen.de\/wordpress\/?p=2505"},"modified":"2019-11-13T12:44:00","modified_gmt":"2019-11-13T11:44:00","slug":"tus-mit-weiteren-heimspielen-gegen-emmersweiler","status":"publish","type":"post","link":"https:\/\/tus.eschringen.de\/wordpress\/tus-mit-weiteren-heimspielen-gegen-emmersweiler\/","title":{"rendered":"TuS mit weiteren Heimspielen gegen Emmersweiler"},"content":{"rendered":"\n<p>Nach den Kirwespiele gegen die DJK  Ensheim holt den TuS am Sonntag, den 17.11.2019, der Alltag wieder ein.  Aufgrund der tabellarischen Konstellationen ist aber auch der alles andere als langweilig.<\/p>\n\n\n\n<p>F\u00fcr unsere Erste gilt es weiterhin, jedes Spiel mit vollem Engagement anzugehen, um die m\u00f6glichen  Abstiegspl\u00e4tze zu verlassen und in sichere Gefilde zu gelangen. Spielbeginn gegen Emmersweiler, wo man im ersten Saisonspiel mit 0:2 unterlegen war, ist 14:30 Uhr. \u00a0<\/p>\n\n\n\n<p>Unsere Zweite wird versuchen, den klaren Erfolg aus dem Hinspiel zu wiederholen und in der Tabelle weiter nach oben zu r\u00fccken. Spielbeginn ist 12:45 Uhr.<\/p>\n","protected":false},"excerpt":{"rendered":"<p>Nach den Kirwespiele gegen die DJK Ensheim holt den TuS am Sonntag, den 17.11.2019, der Alltag wieder ein. Aufgrund der tabellarischen Konstellationen ist aber auch der alles andere als langweilig. F\u00fcr unsere Erste gilt es weiterhin, jedes Spiel mit vollem Engagement anzugehen, um die m\u00f6glichen Abstiegspl\u00e4tze zu verlassen und in sichere Gefilde zu gelangen. Spielbeginn &#8230; <\/p>\n<p class=\"read-more-container\"><a title=\"TuS mit weiteren Heimspielen gegen Emmersweiler\" class=\"read-more button\" href=\"https:\/\/tus.eschringen.de\/wordpress\/tus-mit-weiteren-heimspielen-gegen-emmersweiler\/#more-2505\" aria-label=\"Mehr Informationen \u00fcber TuS mit weiteren Heimspielen gegen Emmersweiler\">alles lesen<\/a><\/p>\n","protected":false},"author":1,"featured_media":0,"comment_status":"open","ping_status":"open","sticky":false,"template":"","format":"standard","meta":{"generate_page_header":"","_jetpack_memberships_contains_paid_content":false,"footnotes":""},"categories":[1],"tags":[],"class_list":["post-2505","post","type-post","status-publish","format-standard","hentry","category-allgemein"],"yoast_head":"<!-- This site is optimized with the Yoast SEO plugin v27.4 - https:\/\/yoast.com\/product\/yoast-seo-wordpress\/ -->\n<title>TuS mit weiteren Heimspielen gegen Emmersweiler - TuS Eschringen<\/title>\n<meta name=\"robots\" content=\"index, follow, max-snippet:-1, max-image-preview:large, max-video-preview:-1\" \/>\n<link rel=\"canonical\" href=\"https:\/\/tus.eschringen.de\/wordpress\/tus-mit-weiteren-heimspielen-gegen-emmersweiler\/\" \/>\n<meta property=\"og:locale\" content=\"de_DE\" \/>\n<meta property=\"og:type\" content=\"article\" \/>\n<meta property=\"og:title\" content=\"TuS mit weiteren Heimspielen gegen Emmersweiler - TuS Eschringen\" \/>\n<meta property=\"og:description\" content=\"Nach den Kirwespiele gegen die DJK Ensheim holt den TuS am Sonntag, den 17.11.2019, der Alltag wieder ein. Aufgrund der tabellarischen Konstellationen ist aber auch der alles andere als langweilig. F\u00fcr unsere Erste gilt es weiterhin, jedes Spiel mit vollem Engagement anzugehen, um die m\u00f6glichen Abstiegspl\u00e4tze zu verlassen und in sichere Gefilde zu gelangen. Spielbeginn ... alles lesen\" \/>\n<meta property=\"og:url\" content=\"https:\/\/tus.eschringen.de\/wordpress\/tus-mit-weiteren-heimspielen-gegen-emmersweiler\/\" \/>\n<meta property=\"og:site_name\" content=\"TuS Eschringen\" \/>\n<meta property=\"article:publisher\" content=\"https:\/\/www.facebook.com\/TuS.Eschringen\/\" \/>\n<meta property=\"article:published_time\" content=\"2019-11-13T11:43:58+00:00\" \/>\n<meta property=\"article:modified_time\" content=\"2019-11-13T11:44:00+00:00\" \/>\n<meta name=\"author\" content=\"Stefan Vogelgesang\" \/>\n<meta name=\"twitter:card\" content=\"summary_large_image\" \/>\n<meta name=\"twitter:label1\" content=\"Verfasst von\" \/>\n\t<meta name=\"twitter:data1\" content=\"Stefan Vogelgesang\" \/>\n<script type=\"application\/ld+json\" class=\"yoast-schema-graph\">{\"@context\":\"https:\\\/\\\/schema.org\",\"@graph\":[{\"@type\":\"Article\",\"@id\":\"https:\\\/\\\/tus.eschringen.de\\\/wordpress\\\/tus-mit-weiteren-heimspielen-gegen-emmersweiler\\\/#article\",\"isPartOf\":{\"@id\":\"https:\\\/\\\/tus.eschringen.de\\\/wordpress\\\/tus-mit-weiteren-heimspielen-gegen-emmersweiler\\\/\"},\"author\":{\"name\":\"Stefan Vogelgesang\",\"@id\":\"https:\\\/\\\/tus.eschringen.de\\\/wordpress\\\/#\\\/schema\\\/person\\\/40135b2a56d1e361a2ad54242e8338a1\"},\"headline\":\"TuS mit weiteren Heimspielen gegen Emmersweiler\",\"datePublished\":\"2019-11-13T11:43:58+00:00\",\"dateModified\":\"2019-11-13T11:44:00+00:00\",\"mainEntityOfPage\":{\"@id\":\"https:\\\/\\\/tus.eschringen.de\\\/wordpress\\\/tus-mit-weiteren-heimspielen-gegen-emmersweiler\\\/\"},\"wordCount\":100,\"commentCount\":0,\"publisher\":{\"@id\":\"https:\\\/\\\/tus.eschringen.de\\\/wordpress\\\/#organization\"},\"inLanguage\":\"de\",\"potentialAction\":[{\"@type\":\"CommentAction\",\"name\":\"Comment\",\"target\":[\"https:\\\/\\\/tus.eschringen.de\\\/wordpress\\\/tus-mit-weiteren-heimspielen-gegen-emmersweiler\\\/#respond\"]}]},{\"@type\":\"WebPage\",\"@id\":\"https:\\\/\\\/tus.eschringen.de\\\/wordpress\\\/tus-mit-weiteren-heimspielen-gegen-emmersweiler\\\/\",\"url\":\"https:\\\/\\\/tus.eschringen.de\\\/wordpress\\\/tus-mit-weiteren-heimspielen-gegen-emmersweiler\\\/\",\"name\":\"TuS mit weiteren Heimspielen gegen Emmersweiler - TuS Eschringen\",\"isPartOf\":{\"@id\":\"https:\\\/\\\/tus.eschringen.de\\\/wordpress\\\/#website\"},\"datePublished\":\"2019-11-13T11:43:58+00:00\",\"dateModified\":\"2019-11-13T11:44:00+00:00\",\"breadcrumb\":{\"@id\":\"https:\\\/\\\/tus.eschringen.de\\\/wordpress\\\/tus-mit-weiteren-heimspielen-gegen-emmersweiler\\\/#breadcrumb\"},\"inLanguage\":\"de\",\"potentialAction\":[{\"@type\":\"ReadAction\",\"target\":[\"https:\\\/\\\/tus.eschringen.de\\\/wordpress\\\/tus-mit-weiteren-heimspielen-gegen-emmersweiler\\\/\"]}]},{\"@type\":\"BreadcrumbList\",\"@id\":\"https:\\\/\\\/tus.eschringen.de\\\/wordpress\\\/tus-mit-weiteren-heimspielen-gegen-emmersweiler\\\/#breadcrumb\",\"itemListElement\":[{\"@type\":\"ListItem\",\"position\":1,\"name\":\"Startseite\",\"item\":\"https:\\\/\\\/tus.eschringen.de\\\/wordpress\\\/\"},{\"@type\":\"ListItem\",\"position\":2,\"name\":\"TuS mit weiteren Heimspielen gegen Emmersweiler\"}]},{\"@type\":\"WebSite\",\"@id\":\"https:\\\/\\\/tus.eschringen.de\\\/wordpress\\\/#website\",\"url\":\"https:\\\/\\\/tus.eschringen.de\\\/wordpress\\\/\",\"name\":\"TuS Eschringen\",\"description\":\"\",\"publisher\":{\"@id\":\"https:\\\/\\\/tus.eschringen.de\\\/wordpress\\\/#organization\"},\"potentialAction\":[{\"@type\":\"SearchAction\",\"target\":{\"@type\":\"EntryPoint\",\"urlTemplate\":\"https:\\\/\\\/tus.eschringen.de\\\/wordpress\\\/?s={search_term_string}\"},\"query-input\":{\"@type\":\"PropertyValueSpecification\",\"valueRequired\":true,\"valueName\":\"search_term_string\"}}],\"inLanguage\":\"de\"},{\"@type\":\"Organization\",\"@id\":\"https:\\\/\\\/tus.eschringen.de\\\/wordpress\\\/#organization\",\"name\":\"TuS Eschringen\",\"url\":\"https:\\\/\\\/tus.eschringen.de\\\/wordpress\\\/\",\"logo\":{\"@type\":\"ImageObject\",\"inLanguage\":\"de\",\"@id\":\"https:\\\/\\\/tus.eschringen.de\\\/wordpress\\\/#\\\/schema\\\/logo\\\/image\\\/\",\"url\":\"https:\\\/\\\/i0.wp.com\\\/tus.eschringen.de\\\/wordpress\\\/wp-content\\\/uploads\\\/2025\\\/07\\\/Web_kopf.jpg?fit=1260%2C240&ssl=1\",\"contentUrl\":\"https:\\\/\\\/i0.wp.com\\\/tus.eschringen.de\\\/wordpress\\\/wp-content\\\/uploads\\\/2025\\\/07\\\/Web_kopf.jpg?fit=1260%2C240&ssl=1\",\"width\":1260,\"height\":240,\"caption\":\"TuS Eschringen\"},\"image\":{\"@id\":\"https:\\\/\\\/tus.eschringen.de\\\/wordpress\\\/#\\\/schema\\\/logo\\\/image\\\/\"},\"sameAs\":[\"https:\\\/\\\/www.facebook.com\\\/TuS.Eschringen\\\/\",\"https:\\\/\\\/www.instagram.com\\\/tus.eschringen\\\/\"]},{\"@type\":\"Person\",\"@id\":\"https:\\\/\\\/tus.eschringen.de\\\/wordpress\\\/#\\\/schema\\\/person\\\/40135b2a56d1e361a2ad54242e8338a1\",\"name\":\"Stefan Vogelgesang\",\"image\":{\"@type\":\"ImageObject\",\"inLanguage\":\"de\",\"@id\":\"https:\\\/\\\/secure.gravatar.com\\\/avatar\\\/5633e4c0de8771818b0e2f3c72ef14f79d7bfd1aa794c0c5b5c7e17fe9ee3caa?s=96&d=mm&r=g\",\"url\":\"https:\\\/\\\/secure.gravatar.com\\\/avatar\\\/5633e4c0de8771818b0e2f3c72ef14f79d7bfd1aa794c0c5b5c7e17fe9ee3caa?s=96&d=mm&r=g\",\"contentUrl\":\"https:\\\/\\\/secure.gravatar.com\\\/avatar\\\/5633e4c0de8771818b0e2f3c72ef14f79d7bfd1aa794c0c5b5c7e17fe9ee3caa?s=96&d=mm&r=g\",\"caption\":\"Stefan Vogelgesang\"},\"url\":\"https:\\\/\\\/tus.eschringen.de\\\/wordpress\\\/author\\\/stefan-vogelgesang\\\/\"}]}<\/script>\n<!-- \/ Yoast SEO plugin. -->","yoast_head_json":{"title":"TuS mit weiteren Heimspielen gegen Emmersweiler - TuS Eschringen","robots":{"index":"index","follow":"follow","max-snippet":"max-snippet:-1","max-image-preview":"max-image-preview:large","max-video-preview":"max-video-preview:-1"},"canonical":"https:\/\/tus.eschringen.de\/wordpress\/tus-mit-weiteren-heimspielen-gegen-emmersweiler\/","og_locale":"de_DE","og_type":"article","og_title":"TuS mit weiteren Heimspielen gegen Emmersweiler - TuS Eschringen","og_description":"Nach den Kirwespiele gegen die DJK Ensheim holt den TuS am Sonntag, den 17.11.2019, der Alltag wieder ein. Aufgrund der tabellarischen Konstellationen ist aber auch der alles andere als langweilig. F\u00fcr unsere Erste gilt es weiterhin, jedes Spiel mit vollem Engagement anzugehen, um die m\u00f6glichen Abstiegspl\u00e4tze zu verlassen und in sichere Gefilde zu gelangen. Spielbeginn ... alles lesen","og_url":"https:\/\/tus.eschringen.de\/wordpress\/tus-mit-weiteren-heimspielen-gegen-emmersweiler\/","og_site_name":"TuS Eschringen","article_publisher":"https:\/\/www.facebook.com\/TuS.Eschringen\/","article_published_time":"2019-11-13T11:43:58+00:00","article_modified_time":"2019-11-13T11:44:00+00:00","author":"Stefan Vogelgesang","twitter_card":"summary_large_image","twitter_misc":{"Verfasst von":"Stefan Vogelgesang"},"schema":{"@context":"https:\/\/schema.org","@graph":[{"@type":"Article","@id":"https:\/\/tus.eschringen.de\/wordpress\/tus-mit-weiteren-heimspielen-gegen-emmersweiler\/#article","isPartOf":{"@id":"https:\/\/tus.eschringen.de\/wordpress\/tus-mit-weiteren-heimspielen-gegen-emmersweiler\/"},"author":{"name":"Stefan Vogelgesang","@id":"https:\/\/tus.eschringen.de\/wordpress\/#\/schema\/person\/40135b2a56d1e361a2ad54242e8338a1"},"headline":"TuS mit weiteren Heimspielen gegen Emmersweiler","datePublished":"2019-11-13T11:43:58+00:00","dateModified":"2019-11-13T11:44:00+00:00","mainEntityOfPage":{"@id":"https:\/\/tus.eschringen.de\/wordpress\/tus-mit-weiteren-heimspielen-gegen-emmersweiler\/"},"wordCount":100,"commentCount":0,"publisher":{"@id":"https:\/\/tus.eschringen.de\/wordpress\/#organization"},"inLanguage":"de","potentialAction":[{"@type":"CommentAction","name":"Comment","target":["https:\/\/tus.eschringen.de\/wordpress\/tus-mit-weiteren-heimspielen-gegen-emmersweiler\/#respond"]}]},{"@type":"WebPage","@id":"https:\/\/tus.eschringen.de\/wordpress\/tus-mit-weiteren-heimspielen-gegen-emmersweiler\/","url":"https:\/\/tus.eschringen.de\/wordpress\/tus-mit-weiteren-heimspielen-gegen-emmersweiler\/","name":"TuS mit weiteren Heimspielen gegen Emmersweiler - TuS Eschringen","isPartOf":{"@id":"https:\/\/tus.eschringen.de\/wordpress\/#website"},"datePublished":"2019-11-13T11:43:58+00:00","dateModified":"2019-11-13T11:44:00+00:00","breadcrumb":{"@id":"https:\/\/tus.eschringen.de\/wordpress\/tus-mit-weiteren-heimspielen-gegen-emmersweiler\/#breadcrumb"},"inLanguage":"de","potentialAction":[{"@type":"ReadAction","target":["https:\/\/tus.eschringen.de\/wordpress\/tus-mit-weiteren-heimspielen-gegen-emmersweiler\/"]}]},{"@type":"BreadcrumbList","@id":"https:\/\/tus.eschringen.de\/wordpress\/tus-mit-weiteren-heimspielen-gegen-emmersweiler\/#breadcrumb","itemListElement":[{"@type":"ListItem","position":1,"name":"Startseite","item":"https:\/\/tus.eschringen.de\/wordpress\/"},{"@type":"ListItem","position":2,"name":"TuS mit weiteren Heimspielen gegen Emmersweiler"}]},{"@type":"WebSite","@id":"https:\/\/tus.eschringen.de\/wordpress\/#website","url":"https:\/\/tus.eschringen.de\/wordpress\/","name":"TuS Eschringen","description":"","publisher":{"@id":"https:\/\/tus.eschringen.de\/wordpress\/#organization"},"potentialAction":[{"@type":"SearchAction","target":{"@type":"EntryPoint","urlTemplate":"https:\/\/tus.eschringen.de\/wordpress\/?s={search_term_string}"},"query-input":{"@type":"PropertyValueSpecification","valueRequired":true,"valueName":"search_term_string"}}],"inLanguage":"de"},{"@type":"Organization","@id":"https:\/\/tus.eschringen.de\/wordpress\/#organization","name":"TuS Eschringen","url":"https:\/\/tus.eschringen.de\/wordpress\/","logo":{"@type":"ImageObject","inLanguage":"de","@id":"https:\/\/tus.eschringen.de\/wordpress\/#\/schema\/logo\/image\/","url":"https:\/\/i0.wp.com\/tus.eschringen.de\/wordpress\/wp-content\/uploads\/2025\/07\/Web_kopf.jpg?fit=1260%2C240&ssl=1","contentUrl":"https:\/\/i0.wp.com\/tus.eschringen.de\/wordpress\/wp-content\/uploads\/2025\/07\/Web_kopf.jpg?fit=1260%2C240&ssl=1","width":1260,"height":240,"caption":"TuS Eschringen"},"image":{"@id":"https:\/\/tus.eschringen.de\/wordpress\/#\/schema\/logo\/image\/"},"sameAs":["https:\/\/www.facebook.com\/TuS.Eschringen\/","https:\/\/www.instagram.com\/tus.eschringen\/"]},{"@type":"Person","@id":"https:\/\/tus.eschringen.de\/wordpress\/#\/schema\/person\/40135b2a56d1e361a2ad54242e8338a1","name":"Stefan Vogelgesang","image":{"@type":"ImageObject","inLanguage":"de","@id":"https:\/\/secure.gravatar.com\/avatar\/5633e4c0de8771818b0e2f3c72ef14f79d7bfd1aa794c0c5b5c7e17fe9ee3caa?s=96&d=mm&r=g","url":"https:\/\/secure.gravatar.com\/avatar\/5633e4c0de8771818b0e2f3c72ef14f79d7bfd1aa794c0c5b5c7e17fe9ee3caa?s=96&d=mm&r=g","contentUrl":"https:\/\/secure.gravatar.com\/avatar\/5633e4c0de8771818b0e2f3c72ef14f79d7bfd1aa794c0c5b5c7e17fe9ee3caa?s=96&d=mm&r=g","caption":"Stefan Vogelgesang"},"url":"https:\/\/tus.eschringen.de\/wordpress\/author\/stefan-vogelgesang\/"}]}},"jetpack_featured_media_url":"","jetpack_sharing_enabled":true,"_links":{"self":[{"href":"https:\/\/tus.eschringen.de\/wordpress\/wp-json\/wp\/v2\/posts\/2505","targetHints":{"allow":["GET"]}}],"collection":[{"href":"https:\/\/tus.eschringen.de\/wordpress\/wp-json\/wp\/v2\/posts"}],"about":[{"href":"https:\/\/tus.eschringen.de\/wordpress\/wp-json\/wp\/v2\/types\/post"}],"author":[{"embeddable":true,"href":"https:\/\/tus.eschringen.de\/wordpress\/wp-json\/wp\/v2\/users\/1"}],"replies":[{"embeddable":true,"href":"https:\/\/tus.eschringen.de\/wordpress\/wp-json\/wp\/v2\/comments?post=2505"}],"version-history":[{"count":1,"href":"https:\/\/tus.eschringen.de\/wordpress\/wp-json\/wp\/v2\/posts\/2505\/revisions"}],"predecessor-version":[{"id":2506,"href":"https:\/\/tus.eschringen.de\/wordpress\/wp-json\/wp\/v2\/posts\/2505\/revisions\/2506"}],"wp:attachment":[{"href":"https:\/\/tus.eschringen.de\/wordpress\/wp-json\/wp\/v2\/media?parent=2505"}],"wp:term":[{"taxonomy":"category","embeddable":true,"href":"https:\/\/tus.eschringen.de\/wordpress\/wp-json\/wp\/v2\/categories?post=2505"},{"taxonomy":"post_tag","embeddable":true,"href":"https:\/\/tus.eschringen.de\/wordpress\/wp-json\/wp\/v2\/tags?post=2505"}],"curies":[{"name":"wp","href":"https:\/\/api.w.org\/{rel}","templated":true}]}}