{"id":2462,"date":"2019-10-28T12:08:00","date_gmt":"2019-10-28T11:08:00","guid":{"rendered":"http:\/\/tus.eschringen.de\/wordpress\/?p=2462"},"modified":"2019-10-29T11:11:37","modified_gmt":"2019-10-29T10:11:37","slug":"der-tus-mit-geaenderte-anfangszeiten-in-dudweiler","status":"publish","type":"post","link":"https:\/\/tus.eschringen.de\/wordpress\/der-tus-mit-geaenderte-anfangszeiten-in-dudweiler\/","title":{"rendered":"Der TuS mit ge\u00e4nderten Anfangszeiten in Dudweiler"},"content":{"rendered":"\n<p>Ab November \u00e4ndern sich die Anfangszeiten f\u00fcr die saarl\u00e4ndischen Fu\u00dfballvereine. Dies gilt erstmals f\u00fcr die Ausw\u00e4rtsspiele unserer beiden Teams in Dudweiler. So bem\u00fcht sich unsere Zweite, ab 12:45 Uhr, den  Aufw\u00e4rtstrend fortzusetzen und sich weiter ins Mittelfeld der Tabelle zu schieben. F\u00fcr unsere Erste steht um 14:30 Uhr ein eminent wichtiges Spiel an gegen eine Mannschaft, die tabellarisch zwei Pl\u00e4tze und vier  Punkte vor uns liegt. Es bietet sich die gro\u00dfe Chance, zu den beiden vor uns liegenden Teams aus Fischbach und Dudweiler aufzuschlie\u00dfen.&nbsp;&nbsp; <\/p>\n","protected":false},"excerpt":{"rendered":"<p>Ab November \u00e4ndern sich die Anfangszeiten f\u00fcr die saarl\u00e4ndischen Fu\u00dfballvereine. Dies gilt erstmals f\u00fcr die Ausw\u00e4rtsspiele unserer beiden Teams in Dudweiler. So bem\u00fcht sich unsere Zweite, ab 12:45 Uhr, den Aufw\u00e4rtstrend fortzusetzen und sich weiter ins Mittelfeld der Tabelle zu schieben. F\u00fcr unsere Erste steht um 14:30 Uhr ein eminent wichtiges Spiel an gegen eine &#8230; <\/p>\n<p class=\"read-more-container\"><a title=\"Der TuS mit ge\u00e4nderten Anfangszeiten in Dudweiler\" class=\"read-more button\" href=\"https:\/\/tus.eschringen.de\/wordpress\/der-tus-mit-geaenderte-anfangszeiten-in-dudweiler\/#more-2462\" aria-label=\"Mehr Informationen \u00fcber Der TuS mit ge\u00e4nderten Anfangszeiten in Dudweiler\">alles lesen<\/a><\/p>\n","protected":false},"author":1,"featured_media":0,"comment_status":"open","ping_status":"open","sticky":false,"template":"","format":"standard","meta":{"generate_page_header":"","_jetpack_memberships_contains_paid_content":false,"footnotes":""},"categories":[1],"tags":[],"class_list":["post-2462","post","type-post","status-publish","format-standard","hentry","category-allgemein"],"yoast_head":"<!-- This site is optimized with the Yoast SEO plugin v27.4 - https:\/\/yoast.com\/product\/yoast-seo-wordpress\/ -->\n<title>Der TuS mit ge\u00e4nderten Anfangszeiten in Dudweiler - TuS Eschringen<\/title>\n<meta name=\"robots\" content=\"index, follow, max-snippet:-1, max-image-preview:large, max-video-preview:-1\" \/>\n<link rel=\"canonical\" href=\"https:\/\/tus.eschringen.de\/wordpress\/der-tus-mit-geaenderte-anfangszeiten-in-dudweiler\/\" \/>\n<meta property=\"og:locale\" content=\"de_DE\" \/>\n<meta property=\"og:type\" content=\"article\" \/>\n<meta property=\"og:title\" content=\"Der TuS mit ge\u00e4nderten Anfangszeiten in Dudweiler - TuS Eschringen\" \/>\n<meta property=\"og:description\" content=\"Ab November \u00e4ndern sich die Anfangszeiten f\u00fcr die saarl\u00e4ndischen Fu\u00dfballvereine. Dies gilt erstmals f\u00fcr die Ausw\u00e4rtsspiele unserer beiden Teams in Dudweiler. So bem\u00fcht sich unsere Zweite, ab 12:45 Uhr, den Aufw\u00e4rtstrend fortzusetzen und sich weiter ins Mittelfeld der Tabelle zu schieben. F\u00fcr unsere Erste steht um 14:30 Uhr ein eminent wichtiges Spiel an gegen eine ... alles lesen\" \/>\n<meta property=\"og:url\" content=\"https:\/\/tus.eschringen.de\/wordpress\/der-tus-mit-geaenderte-anfangszeiten-in-dudweiler\/\" \/>\n<meta property=\"og:site_name\" content=\"TuS Eschringen\" \/>\n<meta property=\"article:publisher\" content=\"https:\/\/www.facebook.com\/TuS.Eschringen\/\" \/>\n<meta property=\"article:published_time\" content=\"2019-10-28T11:08:00+00:00\" \/>\n<meta property=\"article:modified_time\" content=\"2019-10-29T10:11:37+00:00\" \/>\n<meta name=\"author\" content=\"Stefan Vogelgesang\" \/>\n<meta name=\"twitter:card\" content=\"summary_large_image\" \/>\n<meta name=\"twitter:label1\" content=\"Verfasst von\" \/>\n\t<meta name=\"twitter:data1\" content=\"Stefan Vogelgesang\" \/>\n<script type=\"application\/ld+json\" class=\"yoast-schema-graph\">{\"@context\":\"https:\\\/\\\/schema.org\",\"@graph\":[{\"@type\":\"Article\",\"@id\":\"https:\\\/\\\/tus.eschringen.de\\\/wordpress\\\/der-tus-mit-geaenderte-anfangszeiten-in-dudweiler\\\/#article\",\"isPartOf\":{\"@id\":\"https:\\\/\\\/tus.eschringen.de\\\/wordpress\\\/der-tus-mit-geaenderte-anfangszeiten-in-dudweiler\\\/\"},\"author\":{\"name\":\"Stefan Vogelgesang\",\"@id\":\"https:\\\/\\\/tus.eschringen.de\\\/wordpress\\\/#\\\/schema\\\/person\\\/40135b2a56d1e361a2ad54242e8338a1\"},\"headline\":\"Der TuS mit ge\u00e4nderten Anfangszeiten in Dudweiler\",\"datePublished\":\"2019-10-28T11:08:00+00:00\",\"dateModified\":\"2019-10-29T10:11:37+00:00\",\"mainEntityOfPage\":{\"@id\":\"https:\\\/\\\/tus.eschringen.de\\\/wordpress\\\/der-tus-mit-geaenderte-anfangszeiten-in-dudweiler\\\/\"},\"wordCount\":103,\"commentCount\":0,\"publisher\":{\"@id\":\"https:\\\/\\\/tus.eschringen.de\\\/wordpress\\\/#organization\"},\"inLanguage\":\"de\",\"potentialAction\":[{\"@type\":\"CommentAction\",\"name\":\"Comment\",\"target\":[\"https:\\\/\\\/tus.eschringen.de\\\/wordpress\\\/der-tus-mit-geaenderte-anfangszeiten-in-dudweiler\\\/#respond\"]}]},{\"@type\":\"WebPage\",\"@id\":\"https:\\\/\\\/tus.eschringen.de\\\/wordpress\\\/der-tus-mit-geaenderte-anfangszeiten-in-dudweiler\\\/\",\"url\":\"https:\\\/\\\/tus.eschringen.de\\\/wordpress\\\/der-tus-mit-geaenderte-anfangszeiten-in-dudweiler\\\/\",\"name\":\"Der TuS mit ge\u00e4nderten Anfangszeiten in Dudweiler - TuS Eschringen\",\"isPartOf\":{\"@id\":\"https:\\\/\\\/tus.eschringen.de\\\/wordpress\\\/#website\"},\"datePublished\":\"2019-10-28T11:08:00+00:00\",\"dateModified\":\"2019-10-29T10:11:37+00:00\",\"breadcrumb\":{\"@id\":\"https:\\\/\\\/tus.eschringen.de\\\/wordpress\\\/der-tus-mit-geaenderte-anfangszeiten-in-dudweiler\\\/#breadcrumb\"},\"inLanguage\":\"de\",\"potentialAction\":[{\"@type\":\"ReadAction\",\"target\":[\"https:\\\/\\\/tus.eschringen.de\\\/wordpress\\\/der-tus-mit-geaenderte-anfangszeiten-in-dudweiler\\\/\"]}]},{\"@type\":\"BreadcrumbList\",\"@id\":\"https:\\\/\\\/tus.eschringen.de\\\/wordpress\\\/der-tus-mit-geaenderte-anfangszeiten-in-dudweiler\\\/#breadcrumb\",\"itemListElement\":[{\"@type\":\"ListItem\",\"position\":1,\"name\":\"Startseite\",\"item\":\"https:\\\/\\\/tus.eschringen.de\\\/wordpress\\\/\"},{\"@type\":\"ListItem\",\"position\":2,\"name\":\"Der TuS mit ge\u00e4nderten Anfangszeiten in Dudweiler\"}]},{\"@type\":\"WebSite\",\"@id\":\"https:\\\/\\\/tus.eschringen.de\\\/wordpress\\\/#website\",\"url\":\"https:\\\/\\\/tus.eschringen.de\\\/wordpress\\\/\",\"name\":\"TuS Eschringen\",\"description\":\"\",\"publisher\":{\"@id\":\"https:\\\/\\\/tus.eschringen.de\\\/wordpress\\\/#organization\"},\"potentialAction\":[{\"@type\":\"SearchAction\",\"target\":{\"@type\":\"EntryPoint\",\"urlTemplate\":\"https:\\\/\\\/tus.eschringen.de\\\/wordpress\\\/?s={search_term_string}\"},\"query-input\":{\"@type\":\"PropertyValueSpecification\",\"valueRequired\":true,\"valueName\":\"search_term_string\"}}],\"inLanguage\":\"de\"},{\"@type\":\"Organization\",\"@id\":\"https:\\\/\\\/tus.eschringen.de\\\/wordpress\\\/#organization\",\"name\":\"TuS Eschringen\",\"url\":\"https:\\\/\\\/tus.eschringen.de\\\/wordpress\\\/\",\"logo\":{\"@type\":\"ImageObject\",\"inLanguage\":\"de\",\"@id\":\"https:\\\/\\\/tus.eschringen.de\\\/wordpress\\\/#\\\/schema\\\/logo\\\/image\\\/\",\"url\":\"https:\\\/\\\/i0.wp.com\\\/tus.eschringen.de\\\/wordpress\\\/wp-content\\\/uploads\\\/2025\\\/07\\\/Web_kopf.jpg?fit=1260%2C240&ssl=1\",\"contentUrl\":\"https:\\\/\\\/i0.wp.com\\\/tus.eschringen.de\\\/wordpress\\\/wp-content\\\/uploads\\\/2025\\\/07\\\/Web_kopf.jpg?fit=1260%2C240&ssl=1\",\"width\":1260,\"height\":240,\"caption\":\"TuS Eschringen\"},\"image\":{\"@id\":\"https:\\\/\\\/tus.eschringen.de\\\/wordpress\\\/#\\\/schema\\\/logo\\\/image\\\/\"},\"sameAs\":[\"https:\\\/\\\/www.facebook.com\\\/TuS.Eschringen\\\/\",\"https:\\\/\\\/www.instagram.com\\\/tus.eschringen\\\/\"]},{\"@type\":\"Person\",\"@id\":\"https:\\\/\\\/tus.eschringen.de\\\/wordpress\\\/#\\\/schema\\\/person\\\/40135b2a56d1e361a2ad54242e8338a1\",\"name\":\"Stefan Vogelgesang\",\"image\":{\"@type\":\"ImageObject\",\"inLanguage\":\"de\",\"@id\":\"https:\\\/\\\/secure.gravatar.com\\\/avatar\\\/5633e4c0de8771818b0e2f3c72ef14f79d7bfd1aa794c0c5b5c7e17fe9ee3caa?s=96&d=mm&r=g\",\"url\":\"https:\\\/\\\/secure.gravatar.com\\\/avatar\\\/5633e4c0de8771818b0e2f3c72ef14f79d7bfd1aa794c0c5b5c7e17fe9ee3caa?s=96&d=mm&r=g\",\"contentUrl\":\"https:\\\/\\\/secure.gravatar.com\\\/avatar\\\/5633e4c0de8771818b0e2f3c72ef14f79d7bfd1aa794c0c5b5c7e17fe9ee3caa?s=96&d=mm&r=g\",\"caption\":\"Stefan Vogelgesang\"},\"url\":\"https:\\\/\\\/tus.eschringen.de\\\/wordpress\\\/author\\\/stefan-vogelgesang\\\/\"}]}<\/script>\n<!-- \/ Yoast SEO plugin. -->","yoast_head_json":{"title":"Der TuS mit ge\u00e4nderten Anfangszeiten in Dudweiler - TuS Eschringen","robots":{"index":"index","follow":"follow","max-snippet":"max-snippet:-1","max-image-preview":"max-image-preview:large","max-video-preview":"max-video-preview:-1"},"canonical":"https:\/\/tus.eschringen.de\/wordpress\/der-tus-mit-geaenderte-anfangszeiten-in-dudweiler\/","og_locale":"de_DE","og_type":"article","og_title":"Der TuS mit ge\u00e4nderten Anfangszeiten in Dudweiler - TuS Eschringen","og_description":"Ab November \u00e4ndern sich die Anfangszeiten f\u00fcr die saarl\u00e4ndischen Fu\u00dfballvereine. Dies gilt erstmals f\u00fcr die Ausw\u00e4rtsspiele unserer beiden Teams in Dudweiler. So bem\u00fcht sich unsere Zweite, ab 12:45 Uhr, den Aufw\u00e4rtstrend fortzusetzen und sich weiter ins Mittelfeld der Tabelle zu schieben. F\u00fcr unsere Erste steht um 14:30 Uhr ein eminent wichtiges Spiel an gegen eine ... alles lesen","og_url":"https:\/\/tus.eschringen.de\/wordpress\/der-tus-mit-geaenderte-anfangszeiten-in-dudweiler\/","og_site_name":"TuS Eschringen","article_publisher":"https:\/\/www.facebook.com\/TuS.Eschringen\/","article_published_time":"2019-10-28T11:08:00+00:00","article_modified_time":"2019-10-29T10:11:37+00:00","author":"Stefan Vogelgesang","twitter_card":"summary_large_image","twitter_misc":{"Verfasst von":"Stefan Vogelgesang"},"schema":{"@context":"https:\/\/schema.org","@graph":[{"@type":"Article","@id":"https:\/\/tus.eschringen.de\/wordpress\/der-tus-mit-geaenderte-anfangszeiten-in-dudweiler\/#article","isPartOf":{"@id":"https:\/\/tus.eschringen.de\/wordpress\/der-tus-mit-geaenderte-anfangszeiten-in-dudweiler\/"},"author":{"name":"Stefan Vogelgesang","@id":"https:\/\/tus.eschringen.de\/wordpress\/#\/schema\/person\/40135b2a56d1e361a2ad54242e8338a1"},"headline":"Der TuS mit ge\u00e4nderten Anfangszeiten in Dudweiler","datePublished":"2019-10-28T11:08:00+00:00","dateModified":"2019-10-29T10:11:37+00:00","mainEntityOfPage":{"@id":"https:\/\/tus.eschringen.de\/wordpress\/der-tus-mit-geaenderte-anfangszeiten-in-dudweiler\/"},"wordCount":103,"commentCount":0,"publisher":{"@id":"https:\/\/tus.eschringen.de\/wordpress\/#organization"},"inLanguage":"de","potentialAction":[{"@type":"CommentAction","name":"Comment","target":["https:\/\/tus.eschringen.de\/wordpress\/der-tus-mit-geaenderte-anfangszeiten-in-dudweiler\/#respond"]}]},{"@type":"WebPage","@id":"https:\/\/tus.eschringen.de\/wordpress\/der-tus-mit-geaenderte-anfangszeiten-in-dudweiler\/","url":"https:\/\/tus.eschringen.de\/wordpress\/der-tus-mit-geaenderte-anfangszeiten-in-dudweiler\/","name":"Der TuS mit ge\u00e4nderten Anfangszeiten in Dudweiler - TuS Eschringen","isPartOf":{"@id":"https:\/\/tus.eschringen.de\/wordpress\/#website"},"datePublished":"2019-10-28T11:08:00+00:00","dateModified":"2019-10-29T10:11:37+00:00","breadcrumb":{"@id":"https:\/\/tus.eschringen.de\/wordpress\/der-tus-mit-geaenderte-anfangszeiten-in-dudweiler\/#breadcrumb"},"inLanguage":"de","potentialAction":[{"@type":"ReadAction","target":["https:\/\/tus.eschringen.de\/wordpress\/der-tus-mit-geaenderte-anfangszeiten-in-dudweiler\/"]}]},{"@type":"BreadcrumbList","@id":"https:\/\/tus.eschringen.de\/wordpress\/der-tus-mit-geaenderte-anfangszeiten-in-dudweiler\/#breadcrumb","itemListElement":[{"@type":"ListItem","position":1,"name":"Startseite","item":"https:\/\/tus.eschringen.de\/wordpress\/"},{"@type":"ListItem","position":2,"name":"Der TuS mit ge\u00e4nderten Anfangszeiten in Dudweiler"}]},{"@type":"WebSite","@id":"https:\/\/tus.eschringen.de\/wordpress\/#website","url":"https:\/\/tus.eschringen.de\/wordpress\/","name":"TuS Eschringen","description":"","publisher":{"@id":"https:\/\/tus.eschringen.de\/wordpress\/#organization"},"potentialAction":[{"@type":"SearchAction","target":{"@type":"EntryPoint","urlTemplate":"https:\/\/tus.eschringen.de\/wordpress\/?s={search_term_string}"},"query-input":{"@type":"PropertyValueSpecification","valueRequired":true,"valueName":"search_term_string"}}],"inLanguage":"de"},{"@type":"Organization","@id":"https:\/\/tus.eschringen.de\/wordpress\/#organization","name":"TuS Eschringen","url":"https:\/\/tus.eschringen.de\/wordpress\/","logo":{"@type":"ImageObject","inLanguage":"de","@id":"https:\/\/tus.eschringen.de\/wordpress\/#\/schema\/logo\/image\/","url":"https:\/\/i0.wp.com\/tus.eschringen.de\/wordpress\/wp-content\/uploads\/2025\/07\/Web_kopf.jpg?fit=1260%2C240&ssl=1","contentUrl":"https:\/\/i0.wp.com\/tus.eschringen.de\/wordpress\/wp-content\/uploads\/2025\/07\/Web_kopf.jpg?fit=1260%2C240&ssl=1","width":1260,"height":240,"caption":"TuS Eschringen"},"image":{"@id":"https:\/\/tus.eschringen.de\/wordpress\/#\/schema\/logo\/image\/"},"sameAs":["https:\/\/www.facebook.com\/TuS.Eschringen\/","https:\/\/www.instagram.com\/tus.eschringen\/"]},{"@type":"Person","@id":"https:\/\/tus.eschringen.de\/wordpress\/#\/schema\/person\/40135b2a56d1e361a2ad54242e8338a1","name":"Stefan Vogelgesang","image":{"@type":"ImageObject","inLanguage":"de","@id":"https:\/\/secure.gravatar.com\/avatar\/5633e4c0de8771818b0e2f3c72ef14f79d7bfd1aa794c0c5b5c7e17fe9ee3caa?s=96&d=mm&r=g","url":"https:\/\/secure.gravatar.com\/avatar\/5633e4c0de8771818b0e2f3c72ef14f79d7bfd1aa794c0c5b5c7e17fe9ee3caa?s=96&d=mm&r=g","contentUrl":"https:\/\/secure.gravatar.com\/avatar\/5633e4c0de8771818b0e2f3c72ef14f79d7bfd1aa794c0c5b5c7e17fe9ee3caa?s=96&d=mm&r=g","caption":"Stefan Vogelgesang"},"url":"https:\/\/tus.eschringen.de\/wordpress\/author\/stefan-vogelgesang\/"}]}},"jetpack_featured_media_url":"","jetpack_sharing_enabled":true,"_links":{"self":[{"href":"https:\/\/tus.eschringen.de\/wordpress\/wp-json\/wp\/v2\/posts\/2462","targetHints":{"allow":["GET"]}}],"collection":[{"href":"https:\/\/tus.eschringen.de\/wordpress\/wp-json\/wp\/v2\/posts"}],"about":[{"href":"https:\/\/tus.eschringen.de\/wordpress\/wp-json\/wp\/v2\/types\/post"}],"author":[{"embeddable":true,"href":"https:\/\/tus.eschringen.de\/wordpress\/wp-json\/wp\/v2\/users\/1"}],"replies":[{"embeddable":true,"href":"https:\/\/tus.eschringen.de\/wordpress\/wp-json\/wp\/v2\/comments?post=2462"}],"version-history":[{"count":2,"href":"https:\/\/tus.eschringen.de\/wordpress\/wp-json\/wp\/v2\/posts\/2462\/revisions"}],"predecessor-version":[{"id":2465,"href":"https:\/\/tus.eschringen.de\/wordpress\/wp-json\/wp\/v2\/posts\/2462\/revisions\/2465"}],"wp:attachment":[{"href":"https:\/\/tus.eschringen.de\/wordpress\/wp-json\/wp\/v2\/media?parent=2462"}],"wp:term":[{"taxonomy":"category","embeddable":true,"href":"https:\/\/tus.eschringen.de\/wordpress\/wp-json\/wp\/v2\/categories?post=2462"},{"taxonomy":"post_tag","embeddable":true,"href":"https:\/\/tus.eschringen.de\/wordpress\/wp-json\/wp\/v2\/tags?post=2462"}],"curies":[{"name":"wp","href":"https:\/\/api.w.org\/{rel}","templated":true}]}}