{"id":2431,"date":"2019-10-14T15:01:53","date_gmt":"2019-10-14T13:01:53","guid":{"rendered":"http:\/\/tus.eschringen.de\/wordpress\/?p=2431"},"modified":"2019-10-14T15:01:55","modified_gmt":"2019-10-14T13:01:55","slug":"spielberichte-1-fc-saarbruecken-ii-und-puettlingen-ii","status":"publish","type":"post","link":"https:\/\/tus.eschringen.de\/wordpress\/spielberichte-1-fc-saarbruecken-ii-und-puettlingen-ii\/","title":{"rendered":"Spielberichte 1. FC Saarbr\u00fccken II und P\u00fcttlingen II"},"content":{"rendered":"\n<h2 class=\"wp-block-heading\"><strong>TuS Eschringen \u2013 1. FC Saarbr\u00fccken II 1:3 (0:2)<\/strong><\/h2>\n\n\n\n<p>Nach dem fr\u00fchen Gegentor \nstabilisierte sich unsere Elf in der Defensive. Dennoch kontrollierte \nder FCS das Geschehen weitestgehend und erh\u00f6hte nach einer halben Stunde\n auf 0:2. In der zweiten Halbzeit fand des TuS den Mut nach vorne zu \nspielen und kam selbst zu Chancen. Das Spiel war insgesamt \nausgeglichener. Dennoch gelang den G\u00e4sten das entscheidende 0:3. Der \nAnschlusstreffer zum 1:3 war Balsam f\u00fcr die Seele. Gegen Ende w\u00e4re mit \nein wenig mehr Gl\u00fcck im Abschluss sogar noch mehr drin gewesen. \nInsgesamt zeigt die Leistungskurve aber langsam nach oben.<\/p>\n\n\n\n<p>Tore:<\/p>\n\n\n\n<p>0:1 (2.) Gustav Arnold<\/p>\n\n\n\n<p>0:2 (31.) Marco Cosenza<\/p>\n\n\n\n<p>0:3 (64.) Melih Adiguzel<\/p>\n\n\n\n<p>1:3 (76.) Philipp Wilhelm<\/p>\n\n\n\n<h2 class=\"wp-block-heading\"><strong>TuS Eschringen \u2013 DJK P\u00fcttlingen II 0:9 (0:5)<\/strong><\/h2>\n\n\n\n<p>Eine personell stark dezimierte 2. \nMannschaft ging gegen starke P\u00fcttlinger sang- und klanglos unter. Zu \nverlieren ist die eine Sache. Das Miteinander auf dem Platz und die \nK\u00f6rpersprache einzelner Spieler lassen momentan viel zu w\u00fcnschen \u00fcbrig. \nBei einigen Spielern wird es h\u00f6chste Eisenbahn, sich zusammenzuraufen, \num die nahe Zukunft f\u00fcr Mannschaft und Verantwortliche ertr\u00e4glicher zu \ngestalten.<\/p>\n\n\n\n<p>Tore f\u00fcr Eschringen:<\/p>\n\n\n\n<p>Fehlanzeige<\/p>\n","protected":false},"excerpt":{"rendered":"<p>TuS Eschringen \u2013 1. FC Saarbr\u00fccken II 1:3 (0:2) Nach dem fr\u00fchen Gegentor stabilisierte sich unsere Elf in der Defensive. Dennoch kontrollierte der FCS das Geschehen weitestgehend und erh\u00f6hte nach einer halben Stunde auf 0:2. In der zweiten Halbzeit fand des TuS den Mut nach vorne zu spielen und kam selbst zu Chancen. Das Spiel &#8230; <\/p>\n<p class=\"read-more-container\"><a title=\"Spielberichte 1. FC Saarbr\u00fccken II und P\u00fcttlingen II\" class=\"read-more button\" href=\"https:\/\/tus.eschringen.de\/wordpress\/spielberichte-1-fc-saarbruecken-ii-und-puettlingen-ii\/#more-2431\" aria-label=\"Mehr Informationen \u00fcber Spielberichte 1. FC Saarbr\u00fccken II und P\u00fcttlingen II\">alles lesen<\/a><\/p>\n","protected":false},"author":1,"featured_media":0,"comment_status":"open","ping_status":"open","sticky":false,"template":"","format":"standard","meta":{"generate_page_header":"","_jetpack_memberships_contains_paid_content":false,"footnotes":""},"categories":[1],"tags":[],"class_list":["post-2431","post","type-post","status-publish","format-standard","hentry","category-allgemein"],"yoast_head":"<!-- This site is optimized with the Yoast SEO plugin v27.4 - https:\/\/yoast.com\/product\/yoast-seo-wordpress\/ -->\n<title>Spielberichte 1. FC Saarbr\u00fccken II und P\u00fcttlingen II - TuS Eschringen<\/title>\n<meta name=\"robots\" content=\"index, follow, max-snippet:-1, max-image-preview:large, max-video-preview:-1\" \/>\n<link rel=\"canonical\" href=\"https:\/\/tus.eschringen.de\/wordpress\/spielberichte-1-fc-saarbruecken-ii-und-puettlingen-ii\/\" \/>\n<meta property=\"og:locale\" content=\"de_DE\" \/>\n<meta property=\"og:type\" content=\"article\" \/>\n<meta property=\"og:title\" content=\"Spielberichte 1. FC Saarbr\u00fccken II und P\u00fcttlingen II - TuS Eschringen\" \/>\n<meta property=\"og:description\" content=\"TuS Eschringen \u2013 1. FC Saarbr\u00fccken II 1:3 (0:2) Nach dem fr\u00fchen Gegentor stabilisierte sich unsere Elf in der Defensive. Dennoch kontrollierte der FCS das Geschehen weitestgehend und erh\u00f6hte nach einer halben Stunde auf 0:2. In der zweiten Halbzeit fand des TuS den Mut nach vorne zu spielen und kam selbst zu Chancen. Das Spiel ... alles lesen\" \/>\n<meta property=\"og:url\" content=\"https:\/\/tus.eschringen.de\/wordpress\/spielberichte-1-fc-saarbruecken-ii-und-puettlingen-ii\/\" \/>\n<meta property=\"og:site_name\" content=\"TuS Eschringen\" \/>\n<meta property=\"article:publisher\" content=\"https:\/\/www.facebook.com\/TuS.Eschringen\/\" \/>\n<meta property=\"article:published_time\" content=\"2019-10-14T13:01:53+00:00\" \/>\n<meta property=\"article:modified_time\" content=\"2019-10-14T13:01:55+00:00\" \/>\n<meta name=\"author\" content=\"Stefan Vogelgesang\" \/>\n<meta name=\"twitter:card\" content=\"summary_large_image\" \/>\n<meta name=\"twitter:label1\" content=\"Verfasst von\" \/>\n\t<meta name=\"twitter:data1\" content=\"Stefan Vogelgesang\" \/>\n\t<meta name=\"twitter:label2\" content=\"Gesch\u00e4tzte Lesezeit\" \/>\n\t<meta name=\"twitter:data2\" content=\"1\u00a0Minute\" \/>\n<script type=\"application\/ld+json\" class=\"yoast-schema-graph\">{\"@context\":\"https:\\\/\\\/schema.org\",\"@graph\":[{\"@type\":\"Article\",\"@id\":\"https:\\\/\\\/tus.eschringen.de\\\/wordpress\\\/spielberichte-1-fc-saarbruecken-ii-und-puettlingen-ii\\\/#article\",\"isPartOf\":{\"@id\":\"https:\\\/\\\/tus.eschringen.de\\\/wordpress\\\/spielberichte-1-fc-saarbruecken-ii-und-puettlingen-ii\\\/\"},\"author\":{\"name\":\"Stefan Vogelgesang\",\"@id\":\"https:\\\/\\\/tus.eschringen.de\\\/wordpress\\\/#\\\/schema\\\/person\\\/40135b2a56d1e361a2ad54242e8338a1\"},\"headline\":\"Spielberichte 1. FC Saarbr\u00fccken II und P\u00fcttlingen II\",\"datePublished\":\"2019-10-14T13:01:53+00:00\",\"dateModified\":\"2019-10-14T13:01:55+00:00\",\"mainEntityOfPage\":{\"@id\":\"https:\\\/\\\/tus.eschringen.de\\\/wordpress\\\/spielberichte-1-fc-saarbruecken-ii-und-puettlingen-ii\\\/\"},\"wordCount\":187,\"commentCount\":0,\"publisher\":{\"@id\":\"https:\\\/\\\/tus.eschringen.de\\\/wordpress\\\/#organization\"},\"inLanguage\":\"de\",\"potentialAction\":[{\"@type\":\"CommentAction\",\"name\":\"Comment\",\"target\":[\"https:\\\/\\\/tus.eschringen.de\\\/wordpress\\\/spielberichte-1-fc-saarbruecken-ii-und-puettlingen-ii\\\/#respond\"]}]},{\"@type\":\"WebPage\",\"@id\":\"https:\\\/\\\/tus.eschringen.de\\\/wordpress\\\/spielberichte-1-fc-saarbruecken-ii-und-puettlingen-ii\\\/\",\"url\":\"https:\\\/\\\/tus.eschringen.de\\\/wordpress\\\/spielberichte-1-fc-saarbruecken-ii-und-puettlingen-ii\\\/\",\"name\":\"Spielberichte 1. FC Saarbr\u00fccken II und P\u00fcttlingen II - TuS Eschringen\",\"isPartOf\":{\"@id\":\"https:\\\/\\\/tus.eschringen.de\\\/wordpress\\\/#website\"},\"datePublished\":\"2019-10-14T13:01:53+00:00\",\"dateModified\":\"2019-10-14T13:01:55+00:00\",\"breadcrumb\":{\"@id\":\"https:\\\/\\\/tus.eschringen.de\\\/wordpress\\\/spielberichte-1-fc-saarbruecken-ii-und-puettlingen-ii\\\/#breadcrumb\"},\"inLanguage\":\"de\",\"potentialAction\":[{\"@type\":\"ReadAction\",\"target\":[\"https:\\\/\\\/tus.eschringen.de\\\/wordpress\\\/spielberichte-1-fc-saarbruecken-ii-und-puettlingen-ii\\\/\"]}]},{\"@type\":\"BreadcrumbList\",\"@id\":\"https:\\\/\\\/tus.eschringen.de\\\/wordpress\\\/spielberichte-1-fc-saarbruecken-ii-und-puettlingen-ii\\\/#breadcrumb\",\"itemListElement\":[{\"@type\":\"ListItem\",\"position\":1,\"name\":\"Startseite\",\"item\":\"https:\\\/\\\/tus.eschringen.de\\\/wordpress\\\/\"},{\"@type\":\"ListItem\",\"position\":2,\"name\":\"Spielberichte 1. FC Saarbr\u00fccken II und P\u00fcttlingen II\"}]},{\"@type\":\"WebSite\",\"@id\":\"https:\\\/\\\/tus.eschringen.de\\\/wordpress\\\/#website\",\"url\":\"https:\\\/\\\/tus.eschringen.de\\\/wordpress\\\/\",\"name\":\"TuS Eschringen\",\"description\":\"\",\"publisher\":{\"@id\":\"https:\\\/\\\/tus.eschringen.de\\\/wordpress\\\/#organization\"},\"potentialAction\":[{\"@type\":\"SearchAction\",\"target\":{\"@type\":\"EntryPoint\",\"urlTemplate\":\"https:\\\/\\\/tus.eschringen.de\\\/wordpress\\\/?s={search_term_string}\"},\"query-input\":{\"@type\":\"PropertyValueSpecification\",\"valueRequired\":true,\"valueName\":\"search_term_string\"}}],\"inLanguage\":\"de\"},{\"@type\":\"Organization\",\"@id\":\"https:\\\/\\\/tus.eschringen.de\\\/wordpress\\\/#organization\",\"name\":\"TuS Eschringen\",\"url\":\"https:\\\/\\\/tus.eschringen.de\\\/wordpress\\\/\",\"logo\":{\"@type\":\"ImageObject\",\"inLanguage\":\"de\",\"@id\":\"https:\\\/\\\/tus.eschringen.de\\\/wordpress\\\/#\\\/schema\\\/logo\\\/image\\\/\",\"url\":\"https:\\\/\\\/i0.wp.com\\\/tus.eschringen.de\\\/wordpress\\\/wp-content\\\/uploads\\\/2025\\\/07\\\/Web_kopf.jpg?fit=1260%2C240&ssl=1\",\"contentUrl\":\"https:\\\/\\\/i0.wp.com\\\/tus.eschringen.de\\\/wordpress\\\/wp-content\\\/uploads\\\/2025\\\/07\\\/Web_kopf.jpg?fit=1260%2C240&ssl=1\",\"width\":1260,\"height\":240,\"caption\":\"TuS Eschringen\"},\"image\":{\"@id\":\"https:\\\/\\\/tus.eschringen.de\\\/wordpress\\\/#\\\/schema\\\/logo\\\/image\\\/\"},\"sameAs\":[\"https:\\\/\\\/www.facebook.com\\\/TuS.Eschringen\\\/\",\"https:\\\/\\\/www.instagram.com\\\/tus.eschringen\\\/\"]},{\"@type\":\"Person\",\"@id\":\"https:\\\/\\\/tus.eschringen.de\\\/wordpress\\\/#\\\/schema\\\/person\\\/40135b2a56d1e361a2ad54242e8338a1\",\"name\":\"Stefan Vogelgesang\",\"image\":{\"@type\":\"ImageObject\",\"inLanguage\":\"de\",\"@id\":\"https:\\\/\\\/secure.gravatar.com\\\/avatar\\\/5633e4c0de8771818b0e2f3c72ef14f79d7bfd1aa794c0c5b5c7e17fe9ee3caa?s=96&d=mm&r=g\",\"url\":\"https:\\\/\\\/secure.gravatar.com\\\/avatar\\\/5633e4c0de8771818b0e2f3c72ef14f79d7bfd1aa794c0c5b5c7e17fe9ee3caa?s=96&d=mm&r=g\",\"contentUrl\":\"https:\\\/\\\/secure.gravatar.com\\\/avatar\\\/5633e4c0de8771818b0e2f3c72ef14f79d7bfd1aa794c0c5b5c7e17fe9ee3caa?s=96&d=mm&r=g\",\"caption\":\"Stefan Vogelgesang\"},\"url\":\"https:\\\/\\\/tus.eschringen.de\\\/wordpress\\\/author\\\/stefan-vogelgesang\\\/\"}]}<\/script>\n<!-- \/ Yoast SEO plugin. -->","yoast_head_json":{"title":"Spielberichte 1. FC Saarbr\u00fccken II und P\u00fcttlingen II - TuS Eschringen","robots":{"index":"index","follow":"follow","max-snippet":"max-snippet:-1","max-image-preview":"max-image-preview:large","max-video-preview":"max-video-preview:-1"},"canonical":"https:\/\/tus.eschringen.de\/wordpress\/spielberichte-1-fc-saarbruecken-ii-und-puettlingen-ii\/","og_locale":"de_DE","og_type":"article","og_title":"Spielberichte 1. FC Saarbr\u00fccken II und P\u00fcttlingen II - TuS Eschringen","og_description":"TuS Eschringen \u2013 1. FC Saarbr\u00fccken II 1:3 (0:2) Nach dem fr\u00fchen Gegentor stabilisierte sich unsere Elf in der Defensive. Dennoch kontrollierte der FCS das Geschehen weitestgehend und erh\u00f6hte nach einer halben Stunde auf 0:2. In der zweiten Halbzeit fand des TuS den Mut nach vorne zu spielen und kam selbst zu Chancen. Das Spiel ... alles lesen","og_url":"https:\/\/tus.eschringen.de\/wordpress\/spielberichte-1-fc-saarbruecken-ii-und-puettlingen-ii\/","og_site_name":"TuS Eschringen","article_publisher":"https:\/\/www.facebook.com\/TuS.Eschringen\/","article_published_time":"2019-10-14T13:01:53+00:00","article_modified_time":"2019-10-14T13:01:55+00:00","author":"Stefan Vogelgesang","twitter_card":"summary_large_image","twitter_misc":{"Verfasst von":"Stefan Vogelgesang","Gesch\u00e4tzte Lesezeit":"1\u00a0Minute"},"schema":{"@context":"https:\/\/schema.org","@graph":[{"@type":"Article","@id":"https:\/\/tus.eschringen.de\/wordpress\/spielberichte-1-fc-saarbruecken-ii-und-puettlingen-ii\/#article","isPartOf":{"@id":"https:\/\/tus.eschringen.de\/wordpress\/spielberichte-1-fc-saarbruecken-ii-und-puettlingen-ii\/"},"author":{"name":"Stefan Vogelgesang","@id":"https:\/\/tus.eschringen.de\/wordpress\/#\/schema\/person\/40135b2a56d1e361a2ad54242e8338a1"},"headline":"Spielberichte 1. FC Saarbr\u00fccken II und P\u00fcttlingen II","datePublished":"2019-10-14T13:01:53+00:00","dateModified":"2019-10-14T13:01:55+00:00","mainEntityOfPage":{"@id":"https:\/\/tus.eschringen.de\/wordpress\/spielberichte-1-fc-saarbruecken-ii-und-puettlingen-ii\/"},"wordCount":187,"commentCount":0,"publisher":{"@id":"https:\/\/tus.eschringen.de\/wordpress\/#organization"},"inLanguage":"de","potentialAction":[{"@type":"CommentAction","name":"Comment","target":["https:\/\/tus.eschringen.de\/wordpress\/spielberichte-1-fc-saarbruecken-ii-und-puettlingen-ii\/#respond"]}]},{"@type":"WebPage","@id":"https:\/\/tus.eschringen.de\/wordpress\/spielberichte-1-fc-saarbruecken-ii-und-puettlingen-ii\/","url":"https:\/\/tus.eschringen.de\/wordpress\/spielberichte-1-fc-saarbruecken-ii-und-puettlingen-ii\/","name":"Spielberichte 1. FC Saarbr\u00fccken II und P\u00fcttlingen II - TuS Eschringen","isPartOf":{"@id":"https:\/\/tus.eschringen.de\/wordpress\/#website"},"datePublished":"2019-10-14T13:01:53+00:00","dateModified":"2019-10-14T13:01:55+00:00","breadcrumb":{"@id":"https:\/\/tus.eschringen.de\/wordpress\/spielberichte-1-fc-saarbruecken-ii-und-puettlingen-ii\/#breadcrumb"},"inLanguage":"de","potentialAction":[{"@type":"ReadAction","target":["https:\/\/tus.eschringen.de\/wordpress\/spielberichte-1-fc-saarbruecken-ii-und-puettlingen-ii\/"]}]},{"@type":"BreadcrumbList","@id":"https:\/\/tus.eschringen.de\/wordpress\/spielberichte-1-fc-saarbruecken-ii-und-puettlingen-ii\/#breadcrumb","itemListElement":[{"@type":"ListItem","position":1,"name":"Startseite","item":"https:\/\/tus.eschringen.de\/wordpress\/"},{"@type":"ListItem","position":2,"name":"Spielberichte 1. FC Saarbr\u00fccken II und P\u00fcttlingen II"}]},{"@type":"WebSite","@id":"https:\/\/tus.eschringen.de\/wordpress\/#website","url":"https:\/\/tus.eschringen.de\/wordpress\/","name":"TuS Eschringen","description":"","publisher":{"@id":"https:\/\/tus.eschringen.de\/wordpress\/#organization"},"potentialAction":[{"@type":"SearchAction","target":{"@type":"EntryPoint","urlTemplate":"https:\/\/tus.eschringen.de\/wordpress\/?s={search_term_string}"},"query-input":{"@type":"PropertyValueSpecification","valueRequired":true,"valueName":"search_term_string"}}],"inLanguage":"de"},{"@type":"Organization","@id":"https:\/\/tus.eschringen.de\/wordpress\/#organization","name":"TuS Eschringen","url":"https:\/\/tus.eschringen.de\/wordpress\/","logo":{"@type":"ImageObject","inLanguage":"de","@id":"https:\/\/tus.eschringen.de\/wordpress\/#\/schema\/logo\/image\/","url":"https:\/\/i0.wp.com\/tus.eschringen.de\/wordpress\/wp-content\/uploads\/2025\/07\/Web_kopf.jpg?fit=1260%2C240&ssl=1","contentUrl":"https:\/\/i0.wp.com\/tus.eschringen.de\/wordpress\/wp-content\/uploads\/2025\/07\/Web_kopf.jpg?fit=1260%2C240&ssl=1","width":1260,"height":240,"caption":"TuS Eschringen"},"image":{"@id":"https:\/\/tus.eschringen.de\/wordpress\/#\/schema\/logo\/image\/"},"sameAs":["https:\/\/www.facebook.com\/TuS.Eschringen\/","https:\/\/www.instagram.com\/tus.eschringen\/"]},{"@type":"Person","@id":"https:\/\/tus.eschringen.de\/wordpress\/#\/schema\/person\/40135b2a56d1e361a2ad54242e8338a1","name":"Stefan Vogelgesang","image":{"@type":"ImageObject","inLanguage":"de","@id":"https:\/\/secure.gravatar.com\/avatar\/5633e4c0de8771818b0e2f3c72ef14f79d7bfd1aa794c0c5b5c7e17fe9ee3caa?s=96&d=mm&r=g","url":"https:\/\/secure.gravatar.com\/avatar\/5633e4c0de8771818b0e2f3c72ef14f79d7bfd1aa794c0c5b5c7e17fe9ee3caa?s=96&d=mm&r=g","contentUrl":"https:\/\/secure.gravatar.com\/avatar\/5633e4c0de8771818b0e2f3c72ef14f79d7bfd1aa794c0c5b5c7e17fe9ee3caa?s=96&d=mm&r=g","caption":"Stefan Vogelgesang"},"url":"https:\/\/tus.eschringen.de\/wordpress\/author\/stefan-vogelgesang\/"}]}},"jetpack_featured_media_url":"","jetpack_sharing_enabled":true,"_links":{"self":[{"href":"https:\/\/tus.eschringen.de\/wordpress\/wp-json\/wp\/v2\/posts\/2431","targetHints":{"allow":["GET"]}}],"collection":[{"href":"https:\/\/tus.eschringen.de\/wordpress\/wp-json\/wp\/v2\/posts"}],"about":[{"href":"https:\/\/tus.eschringen.de\/wordpress\/wp-json\/wp\/v2\/types\/post"}],"author":[{"embeddable":true,"href":"https:\/\/tus.eschringen.de\/wordpress\/wp-json\/wp\/v2\/users\/1"}],"replies":[{"embeddable":true,"href":"https:\/\/tus.eschringen.de\/wordpress\/wp-json\/wp\/v2\/comments?post=2431"}],"version-history":[{"count":1,"href":"https:\/\/tus.eschringen.de\/wordpress\/wp-json\/wp\/v2\/posts\/2431\/revisions"}],"predecessor-version":[{"id":2432,"href":"https:\/\/tus.eschringen.de\/wordpress\/wp-json\/wp\/v2\/posts\/2431\/revisions\/2432"}],"wp:attachment":[{"href":"https:\/\/tus.eschringen.de\/wordpress\/wp-json\/wp\/v2\/media?parent=2431"}],"wp:term":[{"taxonomy":"category","embeddable":true,"href":"https:\/\/tus.eschringen.de\/wordpress\/wp-json\/wp\/v2\/categories?post=2431"},{"taxonomy":"post_tag","embeddable":true,"href":"https:\/\/tus.eschringen.de\/wordpress\/wp-json\/wp\/v2\/tags?post=2431"}],"curies":[{"name":"wp","href":"https:\/\/api.w.org\/{rel}","templated":true}]}}