{"id":2392,"date":"2019-09-28T09:50:38","date_gmt":"2019-09-28T07:50:38","guid":{"rendered":"http:\/\/tus.eschringen.de\/wordpress\/?p=2392"},"modified":"2019-09-28T09:50:39","modified_gmt":"2019-09-28T07:50:39","slug":"trainerwechsel-beim-tus-eschringen","status":"publish","type":"post","link":"https:\/\/tus.eschringen.de\/wordpress\/trainerwechsel-beim-tus-eschringen\/","title":{"rendered":"Trainerwechsel beim TuS Eschringen"},"content":{"rendered":"\n<p>Unser langj\u00e4hriger Trainer Timo T\u00f6ttel hat am vergangenen Montag sein Amt zur Verf\u00fcgung gestellt. F\u00fcr das Spiel am Sonntag, den 29.09.2019, 15:00 Uhr, bei Herrensohr II, wird Lutz Backes das Traineramt \u00fcbernehmen. Ab dem 01.10.2019 wird Volker G\u00f6rgen neuer Trainer.<\/p>\n\n\n\n<p>Ob das Spiel der 2. Mannschaft bei den SF Heidstock , welches f\u00fcr Sonntag, 29.09., 15:00 Uhr, angesetzt ist, stattfindet, muss noch endg\u00fcltig entschieden werden. Die personelle Situation ist nach wie vor  alarmierend.<\/p>\n","protected":false},"excerpt":{"rendered":"<p>Unser langj\u00e4hriger Trainer Timo T\u00f6ttel hat am vergangenen Montag sein Amt zur Verf\u00fcgung gestellt. F\u00fcr das Spiel am Sonntag, den 29.09.2019, 15:00 Uhr, bei Herrensohr II, wird Lutz Backes das Traineramt \u00fcbernehmen. Ab dem 01.10.2019 wird Volker G\u00f6rgen neuer Trainer. Ob das Spiel der 2. Mannschaft bei den SF Heidstock , welches f\u00fcr Sonntag, 29.09., &#8230; <\/p>\n<p class=\"read-more-container\"><a title=\"Trainerwechsel beim TuS Eschringen\" class=\"read-more button\" href=\"https:\/\/tus.eschringen.de\/wordpress\/trainerwechsel-beim-tus-eschringen\/#more-2392\" aria-label=\"Mehr Informationen \u00fcber Trainerwechsel beim TuS Eschringen\">alles lesen<\/a><\/p>\n","protected":false},"author":1,"featured_media":0,"comment_status":"open","ping_status":"open","sticky":false,"template":"","format":"standard","meta":{"generate_page_header":"","_jetpack_memberships_contains_paid_content":false,"footnotes":""},"categories":[1],"tags":[],"class_list":["post-2392","post","type-post","status-publish","format-standard","hentry","category-allgemein"],"yoast_head":"<!-- This site is optimized with the Yoast SEO plugin v27.4 - https:\/\/yoast.com\/product\/yoast-seo-wordpress\/ -->\n<title>Trainerwechsel beim TuS Eschringen - TuS Eschringen<\/title>\n<meta name=\"robots\" content=\"index, follow, max-snippet:-1, max-image-preview:large, max-video-preview:-1\" \/>\n<link rel=\"canonical\" href=\"https:\/\/tus.eschringen.de\/wordpress\/trainerwechsel-beim-tus-eschringen\/\" \/>\n<meta property=\"og:locale\" content=\"de_DE\" \/>\n<meta property=\"og:type\" content=\"article\" \/>\n<meta property=\"og:title\" content=\"Trainerwechsel beim TuS Eschringen - TuS Eschringen\" \/>\n<meta property=\"og:description\" content=\"Unser langj\u00e4hriger Trainer Timo T\u00f6ttel hat am vergangenen Montag sein Amt zur Verf\u00fcgung gestellt. F\u00fcr das Spiel am Sonntag, den 29.09.2019, 15:00 Uhr, bei Herrensohr II, wird Lutz Backes das Traineramt \u00fcbernehmen. Ab dem 01.10.2019 wird Volker G\u00f6rgen neuer Trainer. Ob das Spiel der 2. Mannschaft bei den SF Heidstock , welches f\u00fcr Sonntag, 29.09., ... alles lesen\" \/>\n<meta property=\"og:url\" content=\"https:\/\/tus.eschringen.de\/wordpress\/trainerwechsel-beim-tus-eschringen\/\" \/>\n<meta property=\"og:site_name\" content=\"TuS Eschringen\" \/>\n<meta property=\"article:publisher\" content=\"https:\/\/www.facebook.com\/TuS.Eschringen\/\" \/>\n<meta property=\"article:published_time\" content=\"2019-09-28T07:50:38+00:00\" \/>\n<meta property=\"article:modified_time\" content=\"2019-09-28T07:50:39+00:00\" \/>\n<meta name=\"author\" content=\"Stefan Vogelgesang\" \/>\n<meta name=\"twitter:card\" content=\"summary_large_image\" \/>\n<meta name=\"twitter:label1\" content=\"Verfasst von\" \/>\n\t<meta name=\"twitter:data1\" content=\"Stefan Vogelgesang\" \/>\n<script type=\"application\/ld+json\" class=\"yoast-schema-graph\">{\"@context\":\"https:\\\/\\\/schema.org\",\"@graph\":[{\"@type\":\"Article\",\"@id\":\"https:\\\/\\\/tus.eschringen.de\\\/wordpress\\\/trainerwechsel-beim-tus-eschringen\\\/#article\",\"isPartOf\":{\"@id\":\"https:\\\/\\\/tus.eschringen.de\\\/wordpress\\\/trainerwechsel-beim-tus-eschringen\\\/\"},\"author\":{\"name\":\"Stefan Vogelgesang\",\"@id\":\"https:\\\/\\\/tus.eschringen.de\\\/wordpress\\\/#\\\/schema\\\/person\\\/40135b2a56d1e361a2ad54242e8338a1\"},\"headline\":\"Trainerwechsel beim TuS Eschringen\",\"datePublished\":\"2019-09-28T07:50:38+00:00\",\"dateModified\":\"2019-09-28T07:50:39+00:00\",\"mainEntityOfPage\":{\"@id\":\"https:\\\/\\\/tus.eschringen.de\\\/wordpress\\\/trainerwechsel-beim-tus-eschringen\\\/\"},\"wordCount\":77,\"commentCount\":0,\"publisher\":{\"@id\":\"https:\\\/\\\/tus.eschringen.de\\\/wordpress\\\/#organization\"},\"inLanguage\":\"de\",\"potentialAction\":[{\"@type\":\"CommentAction\",\"name\":\"Comment\",\"target\":[\"https:\\\/\\\/tus.eschringen.de\\\/wordpress\\\/trainerwechsel-beim-tus-eschringen\\\/#respond\"]}]},{\"@type\":\"WebPage\",\"@id\":\"https:\\\/\\\/tus.eschringen.de\\\/wordpress\\\/trainerwechsel-beim-tus-eschringen\\\/\",\"url\":\"https:\\\/\\\/tus.eschringen.de\\\/wordpress\\\/trainerwechsel-beim-tus-eschringen\\\/\",\"name\":\"Trainerwechsel beim TuS Eschringen - TuS Eschringen\",\"isPartOf\":{\"@id\":\"https:\\\/\\\/tus.eschringen.de\\\/wordpress\\\/#website\"},\"datePublished\":\"2019-09-28T07:50:38+00:00\",\"dateModified\":\"2019-09-28T07:50:39+00:00\",\"breadcrumb\":{\"@id\":\"https:\\\/\\\/tus.eschringen.de\\\/wordpress\\\/trainerwechsel-beim-tus-eschringen\\\/#breadcrumb\"},\"inLanguage\":\"de\",\"potentialAction\":[{\"@type\":\"ReadAction\",\"target\":[\"https:\\\/\\\/tus.eschringen.de\\\/wordpress\\\/trainerwechsel-beim-tus-eschringen\\\/\"]}]},{\"@type\":\"BreadcrumbList\",\"@id\":\"https:\\\/\\\/tus.eschringen.de\\\/wordpress\\\/trainerwechsel-beim-tus-eschringen\\\/#breadcrumb\",\"itemListElement\":[{\"@type\":\"ListItem\",\"position\":1,\"name\":\"Startseite\",\"item\":\"https:\\\/\\\/tus.eschringen.de\\\/wordpress\\\/\"},{\"@type\":\"ListItem\",\"position\":2,\"name\":\"Trainerwechsel beim TuS Eschringen\"}]},{\"@type\":\"WebSite\",\"@id\":\"https:\\\/\\\/tus.eschringen.de\\\/wordpress\\\/#website\",\"url\":\"https:\\\/\\\/tus.eschringen.de\\\/wordpress\\\/\",\"name\":\"TuS Eschringen\",\"description\":\"\",\"publisher\":{\"@id\":\"https:\\\/\\\/tus.eschringen.de\\\/wordpress\\\/#organization\"},\"potentialAction\":[{\"@type\":\"SearchAction\",\"target\":{\"@type\":\"EntryPoint\",\"urlTemplate\":\"https:\\\/\\\/tus.eschringen.de\\\/wordpress\\\/?s={search_term_string}\"},\"query-input\":{\"@type\":\"PropertyValueSpecification\",\"valueRequired\":true,\"valueName\":\"search_term_string\"}}],\"inLanguage\":\"de\"},{\"@type\":\"Organization\",\"@id\":\"https:\\\/\\\/tus.eschringen.de\\\/wordpress\\\/#organization\",\"name\":\"TuS Eschringen\",\"url\":\"https:\\\/\\\/tus.eschringen.de\\\/wordpress\\\/\",\"logo\":{\"@type\":\"ImageObject\",\"inLanguage\":\"de\",\"@id\":\"https:\\\/\\\/tus.eschringen.de\\\/wordpress\\\/#\\\/schema\\\/logo\\\/image\\\/\",\"url\":\"https:\\\/\\\/i0.wp.com\\\/tus.eschringen.de\\\/wordpress\\\/wp-content\\\/uploads\\\/2025\\\/07\\\/Web_kopf.jpg?fit=1260%2C240&ssl=1\",\"contentUrl\":\"https:\\\/\\\/i0.wp.com\\\/tus.eschringen.de\\\/wordpress\\\/wp-content\\\/uploads\\\/2025\\\/07\\\/Web_kopf.jpg?fit=1260%2C240&ssl=1\",\"width\":1260,\"height\":240,\"caption\":\"TuS Eschringen\"},\"image\":{\"@id\":\"https:\\\/\\\/tus.eschringen.de\\\/wordpress\\\/#\\\/schema\\\/logo\\\/image\\\/\"},\"sameAs\":[\"https:\\\/\\\/www.facebook.com\\\/TuS.Eschringen\\\/\",\"https:\\\/\\\/www.instagram.com\\\/tus.eschringen\\\/\"]},{\"@type\":\"Person\",\"@id\":\"https:\\\/\\\/tus.eschringen.de\\\/wordpress\\\/#\\\/schema\\\/person\\\/40135b2a56d1e361a2ad54242e8338a1\",\"name\":\"Stefan Vogelgesang\",\"image\":{\"@type\":\"ImageObject\",\"inLanguage\":\"de\",\"@id\":\"https:\\\/\\\/secure.gravatar.com\\\/avatar\\\/5633e4c0de8771818b0e2f3c72ef14f79d7bfd1aa794c0c5b5c7e17fe9ee3caa?s=96&d=mm&r=g\",\"url\":\"https:\\\/\\\/secure.gravatar.com\\\/avatar\\\/5633e4c0de8771818b0e2f3c72ef14f79d7bfd1aa794c0c5b5c7e17fe9ee3caa?s=96&d=mm&r=g\",\"contentUrl\":\"https:\\\/\\\/secure.gravatar.com\\\/avatar\\\/5633e4c0de8771818b0e2f3c72ef14f79d7bfd1aa794c0c5b5c7e17fe9ee3caa?s=96&d=mm&r=g\",\"caption\":\"Stefan Vogelgesang\"},\"url\":\"https:\\\/\\\/tus.eschringen.de\\\/wordpress\\\/author\\\/stefan-vogelgesang\\\/\"}]}<\/script>\n<!-- \/ Yoast SEO plugin. -->","yoast_head_json":{"title":"Trainerwechsel beim TuS Eschringen - TuS Eschringen","robots":{"index":"index","follow":"follow","max-snippet":"max-snippet:-1","max-image-preview":"max-image-preview:large","max-video-preview":"max-video-preview:-1"},"canonical":"https:\/\/tus.eschringen.de\/wordpress\/trainerwechsel-beim-tus-eschringen\/","og_locale":"de_DE","og_type":"article","og_title":"Trainerwechsel beim TuS Eschringen - TuS Eschringen","og_description":"Unser langj\u00e4hriger Trainer Timo T\u00f6ttel hat am vergangenen Montag sein Amt zur Verf\u00fcgung gestellt. F\u00fcr das Spiel am Sonntag, den 29.09.2019, 15:00 Uhr, bei Herrensohr II, wird Lutz Backes das Traineramt \u00fcbernehmen. Ab dem 01.10.2019 wird Volker G\u00f6rgen neuer Trainer. Ob das Spiel der 2. Mannschaft bei den SF Heidstock , welches f\u00fcr Sonntag, 29.09., ... alles lesen","og_url":"https:\/\/tus.eschringen.de\/wordpress\/trainerwechsel-beim-tus-eschringen\/","og_site_name":"TuS Eschringen","article_publisher":"https:\/\/www.facebook.com\/TuS.Eschringen\/","article_published_time":"2019-09-28T07:50:38+00:00","article_modified_time":"2019-09-28T07:50:39+00:00","author":"Stefan Vogelgesang","twitter_card":"summary_large_image","twitter_misc":{"Verfasst von":"Stefan Vogelgesang"},"schema":{"@context":"https:\/\/schema.org","@graph":[{"@type":"Article","@id":"https:\/\/tus.eschringen.de\/wordpress\/trainerwechsel-beim-tus-eschringen\/#article","isPartOf":{"@id":"https:\/\/tus.eschringen.de\/wordpress\/trainerwechsel-beim-tus-eschringen\/"},"author":{"name":"Stefan Vogelgesang","@id":"https:\/\/tus.eschringen.de\/wordpress\/#\/schema\/person\/40135b2a56d1e361a2ad54242e8338a1"},"headline":"Trainerwechsel beim TuS Eschringen","datePublished":"2019-09-28T07:50:38+00:00","dateModified":"2019-09-28T07:50:39+00:00","mainEntityOfPage":{"@id":"https:\/\/tus.eschringen.de\/wordpress\/trainerwechsel-beim-tus-eschringen\/"},"wordCount":77,"commentCount":0,"publisher":{"@id":"https:\/\/tus.eschringen.de\/wordpress\/#organization"},"inLanguage":"de","potentialAction":[{"@type":"CommentAction","name":"Comment","target":["https:\/\/tus.eschringen.de\/wordpress\/trainerwechsel-beim-tus-eschringen\/#respond"]}]},{"@type":"WebPage","@id":"https:\/\/tus.eschringen.de\/wordpress\/trainerwechsel-beim-tus-eschringen\/","url":"https:\/\/tus.eschringen.de\/wordpress\/trainerwechsel-beim-tus-eschringen\/","name":"Trainerwechsel beim TuS Eschringen - TuS Eschringen","isPartOf":{"@id":"https:\/\/tus.eschringen.de\/wordpress\/#website"},"datePublished":"2019-09-28T07:50:38+00:00","dateModified":"2019-09-28T07:50:39+00:00","breadcrumb":{"@id":"https:\/\/tus.eschringen.de\/wordpress\/trainerwechsel-beim-tus-eschringen\/#breadcrumb"},"inLanguage":"de","potentialAction":[{"@type":"ReadAction","target":["https:\/\/tus.eschringen.de\/wordpress\/trainerwechsel-beim-tus-eschringen\/"]}]},{"@type":"BreadcrumbList","@id":"https:\/\/tus.eschringen.de\/wordpress\/trainerwechsel-beim-tus-eschringen\/#breadcrumb","itemListElement":[{"@type":"ListItem","position":1,"name":"Startseite","item":"https:\/\/tus.eschringen.de\/wordpress\/"},{"@type":"ListItem","position":2,"name":"Trainerwechsel beim TuS Eschringen"}]},{"@type":"WebSite","@id":"https:\/\/tus.eschringen.de\/wordpress\/#website","url":"https:\/\/tus.eschringen.de\/wordpress\/","name":"TuS Eschringen","description":"","publisher":{"@id":"https:\/\/tus.eschringen.de\/wordpress\/#organization"},"potentialAction":[{"@type":"SearchAction","target":{"@type":"EntryPoint","urlTemplate":"https:\/\/tus.eschringen.de\/wordpress\/?s={search_term_string}"},"query-input":{"@type":"PropertyValueSpecification","valueRequired":true,"valueName":"search_term_string"}}],"inLanguage":"de"},{"@type":"Organization","@id":"https:\/\/tus.eschringen.de\/wordpress\/#organization","name":"TuS Eschringen","url":"https:\/\/tus.eschringen.de\/wordpress\/","logo":{"@type":"ImageObject","inLanguage":"de","@id":"https:\/\/tus.eschringen.de\/wordpress\/#\/schema\/logo\/image\/","url":"https:\/\/i0.wp.com\/tus.eschringen.de\/wordpress\/wp-content\/uploads\/2025\/07\/Web_kopf.jpg?fit=1260%2C240&ssl=1","contentUrl":"https:\/\/i0.wp.com\/tus.eschringen.de\/wordpress\/wp-content\/uploads\/2025\/07\/Web_kopf.jpg?fit=1260%2C240&ssl=1","width":1260,"height":240,"caption":"TuS Eschringen"},"image":{"@id":"https:\/\/tus.eschringen.de\/wordpress\/#\/schema\/logo\/image\/"},"sameAs":["https:\/\/www.facebook.com\/TuS.Eschringen\/","https:\/\/www.instagram.com\/tus.eschringen\/"]},{"@type":"Person","@id":"https:\/\/tus.eschringen.de\/wordpress\/#\/schema\/person\/40135b2a56d1e361a2ad54242e8338a1","name":"Stefan Vogelgesang","image":{"@type":"ImageObject","inLanguage":"de","@id":"https:\/\/secure.gravatar.com\/avatar\/5633e4c0de8771818b0e2f3c72ef14f79d7bfd1aa794c0c5b5c7e17fe9ee3caa?s=96&d=mm&r=g","url":"https:\/\/secure.gravatar.com\/avatar\/5633e4c0de8771818b0e2f3c72ef14f79d7bfd1aa794c0c5b5c7e17fe9ee3caa?s=96&d=mm&r=g","contentUrl":"https:\/\/secure.gravatar.com\/avatar\/5633e4c0de8771818b0e2f3c72ef14f79d7bfd1aa794c0c5b5c7e17fe9ee3caa?s=96&d=mm&r=g","caption":"Stefan Vogelgesang"},"url":"https:\/\/tus.eschringen.de\/wordpress\/author\/stefan-vogelgesang\/"}]}},"jetpack_featured_media_url":"","jetpack_sharing_enabled":true,"_links":{"self":[{"href":"https:\/\/tus.eschringen.de\/wordpress\/wp-json\/wp\/v2\/posts\/2392","targetHints":{"allow":["GET"]}}],"collection":[{"href":"https:\/\/tus.eschringen.de\/wordpress\/wp-json\/wp\/v2\/posts"}],"about":[{"href":"https:\/\/tus.eschringen.de\/wordpress\/wp-json\/wp\/v2\/types\/post"}],"author":[{"embeddable":true,"href":"https:\/\/tus.eschringen.de\/wordpress\/wp-json\/wp\/v2\/users\/1"}],"replies":[{"embeddable":true,"href":"https:\/\/tus.eschringen.de\/wordpress\/wp-json\/wp\/v2\/comments?post=2392"}],"version-history":[{"count":1,"href":"https:\/\/tus.eschringen.de\/wordpress\/wp-json\/wp\/v2\/posts\/2392\/revisions"}],"predecessor-version":[{"id":2393,"href":"https:\/\/tus.eschringen.de\/wordpress\/wp-json\/wp\/v2\/posts\/2392\/revisions\/2393"}],"wp:attachment":[{"href":"https:\/\/tus.eschringen.de\/wordpress\/wp-json\/wp\/v2\/media?parent=2392"}],"wp:term":[{"taxonomy":"category","embeddable":true,"href":"https:\/\/tus.eschringen.de\/wordpress\/wp-json\/wp\/v2\/categories?post=2392"},{"taxonomy":"post_tag","embeddable":true,"href":"https:\/\/tus.eschringen.de\/wordpress\/wp-json\/wp\/v2\/tags?post=2392"}],"curies":[{"name":"wp","href":"https:\/\/api.w.org\/{rel}","templated":true}]}}