{"id":1720,"date":"2018-09-17T15:32:41","date_gmt":"2018-09-17T13:32:41","guid":{"rendered":"http:\/\/tus.eschringen.de\/wordpress\/?p=1720"},"modified":"2018-09-17T15:32:41","modified_gmt":"2018-09-17T13:32:41","slug":"ergebnisse-des-g-jugend-spieltages","status":"publish","type":"post","link":"https:\/\/tus.eschringen.de\/wordpress\/ergebnisse-des-g-jugend-spieltages\/","title":{"rendered":"Ergebnisse des G-Jugend Spieltages"},"content":{"rendered":"<p>Spieltag, G-Jugend, Eschringen, 15.09.2018<\/p>\n<table>\n<tbody>\n<tr>\n<td width=\"205\"><strong>Heim<\/strong><\/td>\n<td width=\"205\"><strong>Gast<\/strong><\/td>\n<td width=\"108\"><strong>Ergebnis<\/strong><\/td>\n<\/tr>\n<tr>\n<td width=\"205\">Ensheim 2<\/td>\n<td width=\"205\">Gro\u00dfrosseln<\/td>\n<td width=\"108\">0:2<\/td>\n<\/tr>\n<tr>\n<td width=\"205\">Friedrichsthal 2<\/td>\n<td width=\"205\">TBS Saarbr\u00fccken<\/td>\n<td width=\"108\">0:4<\/td>\n<\/tr>\n<tr>\n<td width=\"205\">P\u00fcttlingen 2<\/td>\n<td width=\"205\">Rastpfuhl<\/td>\n<td width=\"108\">1:3<\/td>\n<\/tr>\n<tr>\n<td width=\"205\">Friedrichsthal 2<\/td>\n<td width=\"205\">Ensheim 2<\/td>\n<td width=\"108\">0:0<\/td>\n<\/tr>\n<tr>\n<td width=\"205\">Rastpfuhl<\/td>\n<td width=\"205\">Gro\u00dfrosseln<\/td>\n<td width=\"108\">1:1<\/td>\n<\/tr>\n<tr>\n<td width=\"205\">TBS Saarbr\u00fccken<\/td>\n<td width=\"205\">P\u00fcttlingen 2<\/td>\n<td width=\"108\">0:1<\/td>\n<\/tr>\n<tr>\n<td width=\"205\">Ensheim 2<\/td>\n<td width=\"205\">Rastpfuhl<\/td>\n<td width=\"108\">0:2<\/td>\n<\/tr>\n<tr>\n<td width=\"205\">P\u00fcttlingen 2<\/td>\n<td width=\"205\">Friedrichsthal 2<\/td>\n<td width=\"108\">2:0<\/td>\n<\/tr>\n<tr>\n<td width=\"205\">Gro\u00dfrosseln<\/td>\n<td width=\"205\">TBS Saarbr\u00fccken<\/td>\n<td width=\"108\">0:1<\/td>\n<\/tr>\n<tr>\n<td width=\"205\">P\u00fcttlingen 2<\/td>\n<td width=\"205\">Ensheim 2<\/td>\n<td width=\"108\">1:0<\/td>\n<\/tr>\n<tr>\n<td width=\"205\">TBS Saarbr\u00fccken<\/td>\n<td width=\"205\">Rastpfuhl<\/td>\n<td width=\"108\">0:5<\/td>\n<\/tr>\n<tr>\n<td width=\"205\">Friedrichsthal 2<\/td>\n<td width=\"205\">Gro\u00dfrosseln<\/td>\n<td width=\"108\">0:3<\/td>\n<\/tr>\n<\/tbody>\n<\/table>\n<p>&nbsp;<\/p>\n<table>\n<tbody>\n<tr>\n<td width=\"205\">Scheidt<\/td>\n<td width=\"205\">Ensheim<\/td>\n<td width=\"108\">1:0<\/td>\n<\/tr>\n<tr>\n<td width=\"205\">Friedrichsthal<\/td>\n<td width=\"205\">P\u00fcttlingen<\/td>\n<td width=\"108\">1:0<\/td>\n<\/tr>\n<tr>\n<td width=\"205\">Brebach<\/td>\n<td width=\"205\">Heidstock<\/td>\n<td width=\"108\">0:2<\/td>\n<\/tr>\n<tr>\n<td width=\"205\">Friedrichsthal<\/td>\n<td width=\"205\">Scheidt<\/td>\n<td width=\"108\">1:1<\/td>\n<\/tr>\n<tr>\n<td width=\"205\">Heidstock<\/td>\n<td width=\"205\">Ensheim<\/td>\n<td width=\"108\">0:0<\/td>\n<\/tr>\n<tr>\n<td width=\"205\">P\u00fcttlingen<\/td>\n<td width=\"205\">Brebach<\/td>\n<td width=\"108\">1:0<\/td>\n<\/tr>\n<tr>\n<td width=\"205\">Scheidt<\/td>\n<td width=\"205\">Heidstock<\/td>\n<td width=\"108\">0:3<\/td>\n<\/tr>\n<tr>\n<td width=\"205\">Brebach<\/td>\n<td width=\"205\">Friedrichsthal<\/td>\n<td width=\"108\">0:1<\/td>\n<\/tr>\n<tr>\n<td width=\"205\">Ensheim<\/td>\n<td width=\"205\">P\u00fcttlingen<\/td>\n<td width=\"108\">2:0<\/td>\n<\/tr>\n<tr>\n<td width=\"205\">Brebach<\/td>\n<td width=\"205\">Scheidt<\/td>\n<td width=\"108\">1:1<\/td>\n<\/tr>\n<tr>\n<td width=\"205\">P\u00fcttlingen<\/td>\n<td width=\"205\">Heidstock<\/td>\n<td width=\"108\">0:1<\/td>\n<\/tr>\n<tr>\n<td width=\"205\">Friedrichsthal<\/td>\n<td width=\"205\">Ensheim<\/td>\n<td width=\"108\">3:2<\/td>\n<\/tr>\n<\/tbody>\n<\/table>\n<p>&nbsp;<\/p>\n","protected":false},"excerpt":{"rendered":"<p>Spieltag, G-Jugend, Eschringen, 15.09.2018 Heim Gast Ergebnis Ensheim 2 Gro\u00dfrosseln 0:2 Friedrichsthal 2 TBS Saarbr\u00fccken 0:4 P\u00fcttlingen 2 Rastpfuhl 1:3 Friedrichsthal 2 Ensheim 2 0:0 Rastpfuhl Gro\u00dfrosseln 1:1 TBS Saarbr\u00fccken P\u00fcttlingen 2 0:1 Ensheim 2 Rastpfuhl 0:2 P\u00fcttlingen 2 Friedrichsthal 2 2:0 Gro\u00dfrosseln TBS Saarbr\u00fccken 0:1 P\u00fcttlingen 2 Ensheim 2 1:0 TBS Saarbr\u00fccken Rastpfuhl 0:5 &#8230; <\/p>\n<p class=\"read-more-container\"><a title=\"Ergebnisse des G-Jugend Spieltages\" class=\"read-more button\" href=\"https:\/\/tus.eschringen.de\/wordpress\/ergebnisse-des-g-jugend-spieltages\/#more-1720\" aria-label=\"Mehr Informationen \u00fcber Ergebnisse des G-Jugend Spieltages\">alles lesen<\/a><\/p>\n","protected":false},"author":1,"featured_media":0,"comment_status":"open","ping_status":"open","sticky":false,"template":"","format":"standard","meta":{"generate_page_header":"","_jetpack_memberships_contains_paid_content":false,"footnotes":""},"categories":[1],"tags":[],"class_list":["post-1720","post","type-post","status-publish","format-standard","hentry","category-allgemein"],"yoast_head":"<!-- This site is optimized with the Yoast SEO plugin v27.5 - https:\/\/yoast.com\/product\/yoast-seo-wordpress\/ -->\n<title>Ergebnisse des G-Jugend Spieltages - TuS Eschringen<\/title>\n<meta name=\"robots\" content=\"index, follow, max-snippet:-1, max-image-preview:large, max-video-preview:-1\" \/>\n<link rel=\"canonical\" href=\"https:\/\/tus.eschringen.de\/wordpress\/ergebnisse-des-g-jugend-spieltages\/\" \/>\n<meta property=\"og:locale\" content=\"de_DE\" \/>\n<meta property=\"og:type\" content=\"article\" \/>\n<meta property=\"og:title\" content=\"Ergebnisse des G-Jugend Spieltages - TuS Eschringen\" \/>\n<meta property=\"og:description\" content=\"Spieltag, G-Jugend, Eschringen, 15.09.2018 Heim Gast Ergebnis Ensheim 2 Gro\u00dfrosseln 0:2 Friedrichsthal 2 TBS Saarbr\u00fccken 0:4 P\u00fcttlingen 2 Rastpfuhl 1:3 Friedrichsthal 2 Ensheim 2 0:0 Rastpfuhl Gro\u00dfrosseln 1:1 TBS Saarbr\u00fccken P\u00fcttlingen 2 0:1 Ensheim 2 Rastpfuhl 0:2 P\u00fcttlingen 2 Friedrichsthal 2 2:0 Gro\u00dfrosseln TBS Saarbr\u00fccken 0:1 P\u00fcttlingen 2 Ensheim 2 1:0 TBS Saarbr\u00fccken Rastpfuhl 0:5 ... alles lesen\" \/>\n<meta property=\"og:url\" content=\"https:\/\/tus.eschringen.de\/wordpress\/ergebnisse-des-g-jugend-spieltages\/\" \/>\n<meta property=\"og:site_name\" content=\"TuS Eschringen\" \/>\n<meta property=\"article:publisher\" content=\"https:\/\/www.facebook.com\/TuS.Eschringen\/\" \/>\n<meta property=\"article:published_time\" content=\"2018-09-17T13:32:41+00:00\" \/>\n<meta name=\"author\" content=\"Stefan Vogelgesang\" \/>\n<meta name=\"twitter:card\" content=\"summary_large_image\" \/>\n<meta name=\"twitter:label1\" content=\"Verfasst von\" \/>\n\t<meta name=\"twitter:data1\" content=\"Stefan Vogelgesang\" \/>\n<script type=\"application\/ld+json\" class=\"yoast-schema-graph\">{\"@context\":\"https:\\\/\\\/schema.org\",\"@graph\":[{\"@type\":\"Article\",\"@id\":\"https:\\\/\\\/tus.eschringen.de\\\/wordpress\\\/ergebnisse-des-g-jugend-spieltages\\\/#article\",\"isPartOf\":{\"@id\":\"https:\\\/\\\/tus.eschringen.de\\\/wordpress\\\/ergebnisse-des-g-jugend-spieltages\\\/\"},\"author\":{\"name\":\"Stefan Vogelgesang\",\"@id\":\"https:\\\/\\\/tus.eschringen.de\\\/wordpress\\\/#\\\/schema\\\/person\\\/40135b2a56d1e361a2ad54242e8338a1\"},\"headline\":\"Ergebnisse des G-Jugend Spieltages\",\"datePublished\":\"2018-09-17T13:32:41+00:00\",\"mainEntityOfPage\":{\"@id\":\"https:\\\/\\\/tus.eschringen.de\\\/wordpress\\\/ergebnisse-des-g-jugend-spieltages\\\/\"},\"wordCount\":80,\"commentCount\":0,\"publisher\":{\"@id\":\"https:\\\/\\\/tus.eschringen.de\\\/wordpress\\\/#organization\"},\"inLanguage\":\"de\",\"potentialAction\":[{\"@type\":\"CommentAction\",\"name\":\"Comment\",\"target\":[\"https:\\\/\\\/tus.eschringen.de\\\/wordpress\\\/ergebnisse-des-g-jugend-spieltages\\\/#respond\"]}]},{\"@type\":\"WebPage\",\"@id\":\"https:\\\/\\\/tus.eschringen.de\\\/wordpress\\\/ergebnisse-des-g-jugend-spieltages\\\/\",\"url\":\"https:\\\/\\\/tus.eschringen.de\\\/wordpress\\\/ergebnisse-des-g-jugend-spieltages\\\/\",\"name\":\"Ergebnisse des G-Jugend Spieltages - TuS Eschringen\",\"isPartOf\":{\"@id\":\"https:\\\/\\\/tus.eschringen.de\\\/wordpress\\\/#website\"},\"datePublished\":\"2018-09-17T13:32:41+00:00\",\"breadcrumb\":{\"@id\":\"https:\\\/\\\/tus.eschringen.de\\\/wordpress\\\/ergebnisse-des-g-jugend-spieltages\\\/#breadcrumb\"},\"inLanguage\":\"de\",\"potentialAction\":[{\"@type\":\"ReadAction\",\"target\":[\"https:\\\/\\\/tus.eschringen.de\\\/wordpress\\\/ergebnisse-des-g-jugend-spieltages\\\/\"]}]},{\"@type\":\"BreadcrumbList\",\"@id\":\"https:\\\/\\\/tus.eschringen.de\\\/wordpress\\\/ergebnisse-des-g-jugend-spieltages\\\/#breadcrumb\",\"itemListElement\":[{\"@type\":\"ListItem\",\"position\":1,\"name\":\"Startseite\",\"item\":\"https:\\\/\\\/tus.eschringen.de\\\/wordpress\\\/\"},{\"@type\":\"ListItem\",\"position\":2,\"name\":\"Ergebnisse des G-Jugend Spieltages\"}]},{\"@type\":\"WebSite\",\"@id\":\"https:\\\/\\\/tus.eschringen.de\\\/wordpress\\\/#website\",\"url\":\"https:\\\/\\\/tus.eschringen.de\\\/wordpress\\\/\",\"name\":\"TuS Eschringen\",\"description\":\"\",\"publisher\":{\"@id\":\"https:\\\/\\\/tus.eschringen.de\\\/wordpress\\\/#organization\"},\"potentialAction\":[{\"@type\":\"SearchAction\",\"target\":{\"@type\":\"EntryPoint\",\"urlTemplate\":\"https:\\\/\\\/tus.eschringen.de\\\/wordpress\\\/?s={search_term_string}\"},\"query-input\":{\"@type\":\"PropertyValueSpecification\",\"valueRequired\":true,\"valueName\":\"search_term_string\"}}],\"inLanguage\":\"de\"},{\"@type\":\"Organization\",\"@id\":\"https:\\\/\\\/tus.eschringen.de\\\/wordpress\\\/#organization\",\"name\":\"TuS Eschringen\",\"url\":\"https:\\\/\\\/tus.eschringen.de\\\/wordpress\\\/\",\"logo\":{\"@type\":\"ImageObject\",\"inLanguage\":\"de\",\"@id\":\"https:\\\/\\\/tus.eschringen.de\\\/wordpress\\\/#\\\/schema\\\/logo\\\/image\\\/\",\"url\":\"https:\\\/\\\/i0.wp.com\\\/tus.eschringen.de\\\/wordpress\\\/wp-content\\\/uploads\\\/2025\\\/07\\\/Web_kopf.jpg?fit=1260%2C240&ssl=1\",\"contentUrl\":\"https:\\\/\\\/i0.wp.com\\\/tus.eschringen.de\\\/wordpress\\\/wp-content\\\/uploads\\\/2025\\\/07\\\/Web_kopf.jpg?fit=1260%2C240&ssl=1\",\"width\":1260,\"height\":240,\"caption\":\"TuS Eschringen\"},\"image\":{\"@id\":\"https:\\\/\\\/tus.eschringen.de\\\/wordpress\\\/#\\\/schema\\\/logo\\\/image\\\/\"},\"sameAs\":[\"https:\\\/\\\/www.facebook.com\\\/TuS.Eschringen\\\/\",\"https:\\\/\\\/www.instagram.com\\\/tus.eschringen\\\/\"]},{\"@type\":\"Person\",\"@id\":\"https:\\\/\\\/tus.eschringen.de\\\/wordpress\\\/#\\\/schema\\\/person\\\/40135b2a56d1e361a2ad54242e8338a1\",\"name\":\"Stefan Vogelgesang\",\"image\":{\"@type\":\"ImageObject\",\"inLanguage\":\"de\",\"@id\":\"https:\\\/\\\/secure.gravatar.com\\\/avatar\\\/5633e4c0de8771818b0e2f3c72ef14f79d7bfd1aa794c0c5b5c7e17fe9ee3caa?s=96&d=mm&r=g\",\"url\":\"https:\\\/\\\/secure.gravatar.com\\\/avatar\\\/5633e4c0de8771818b0e2f3c72ef14f79d7bfd1aa794c0c5b5c7e17fe9ee3caa?s=96&d=mm&r=g\",\"contentUrl\":\"https:\\\/\\\/secure.gravatar.com\\\/avatar\\\/5633e4c0de8771818b0e2f3c72ef14f79d7bfd1aa794c0c5b5c7e17fe9ee3caa?s=96&d=mm&r=g\",\"caption\":\"Stefan Vogelgesang\"},\"url\":\"https:\\\/\\\/tus.eschringen.de\\\/wordpress\\\/author\\\/stefan-vogelgesang\\\/\"}]}<\/script>\n<!-- \/ Yoast SEO plugin. -->","yoast_head_json":{"title":"Ergebnisse des G-Jugend Spieltages - TuS Eschringen","robots":{"index":"index","follow":"follow","max-snippet":"max-snippet:-1","max-image-preview":"max-image-preview:large","max-video-preview":"max-video-preview:-1"},"canonical":"https:\/\/tus.eschringen.de\/wordpress\/ergebnisse-des-g-jugend-spieltages\/","og_locale":"de_DE","og_type":"article","og_title":"Ergebnisse des G-Jugend Spieltages - TuS Eschringen","og_description":"Spieltag, G-Jugend, Eschringen, 15.09.2018 Heim Gast Ergebnis Ensheim 2 Gro\u00dfrosseln 0:2 Friedrichsthal 2 TBS Saarbr\u00fccken 0:4 P\u00fcttlingen 2 Rastpfuhl 1:3 Friedrichsthal 2 Ensheim 2 0:0 Rastpfuhl Gro\u00dfrosseln 1:1 TBS Saarbr\u00fccken P\u00fcttlingen 2 0:1 Ensheim 2 Rastpfuhl 0:2 P\u00fcttlingen 2 Friedrichsthal 2 2:0 Gro\u00dfrosseln TBS Saarbr\u00fccken 0:1 P\u00fcttlingen 2 Ensheim 2 1:0 TBS Saarbr\u00fccken Rastpfuhl 0:5 ... alles lesen","og_url":"https:\/\/tus.eschringen.de\/wordpress\/ergebnisse-des-g-jugend-spieltages\/","og_site_name":"TuS Eschringen","article_publisher":"https:\/\/www.facebook.com\/TuS.Eschringen\/","article_published_time":"2018-09-17T13:32:41+00:00","author":"Stefan Vogelgesang","twitter_card":"summary_large_image","twitter_misc":{"Verfasst von":"Stefan Vogelgesang"},"schema":{"@context":"https:\/\/schema.org","@graph":[{"@type":"Article","@id":"https:\/\/tus.eschringen.de\/wordpress\/ergebnisse-des-g-jugend-spieltages\/#article","isPartOf":{"@id":"https:\/\/tus.eschringen.de\/wordpress\/ergebnisse-des-g-jugend-spieltages\/"},"author":{"name":"Stefan Vogelgesang","@id":"https:\/\/tus.eschringen.de\/wordpress\/#\/schema\/person\/40135b2a56d1e361a2ad54242e8338a1"},"headline":"Ergebnisse des G-Jugend Spieltages","datePublished":"2018-09-17T13:32:41+00:00","mainEntityOfPage":{"@id":"https:\/\/tus.eschringen.de\/wordpress\/ergebnisse-des-g-jugend-spieltages\/"},"wordCount":80,"commentCount":0,"publisher":{"@id":"https:\/\/tus.eschringen.de\/wordpress\/#organization"},"inLanguage":"de","potentialAction":[{"@type":"CommentAction","name":"Comment","target":["https:\/\/tus.eschringen.de\/wordpress\/ergebnisse-des-g-jugend-spieltages\/#respond"]}]},{"@type":"WebPage","@id":"https:\/\/tus.eschringen.de\/wordpress\/ergebnisse-des-g-jugend-spieltages\/","url":"https:\/\/tus.eschringen.de\/wordpress\/ergebnisse-des-g-jugend-spieltages\/","name":"Ergebnisse des G-Jugend Spieltages - TuS Eschringen","isPartOf":{"@id":"https:\/\/tus.eschringen.de\/wordpress\/#website"},"datePublished":"2018-09-17T13:32:41+00:00","breadcrumb":{"@id":"https:\/\/tus.eschringen.de\/wordpress\/ergebnisse-des-g-jugend-spieltages\/#breadcrumb"},"inLanguage":"de","potentialAction":[{"@type":"ReadAction","target":["https:\/\/tus.eschringen.de\/wordpress\/ergebnisse-des-g-jugend-spieltages\/"]}]},{"@type":"BreadcrumbList","@id":"https:\/\/tus.eschringen.de\/wordpress\/ergebnisse-des-g-jugend-spieltages\/#breadcrumb","itemListElement":[{"@type":"ListItem","position":1,"name":"Startseite","item":"https:\/\/tus.eschringen.de\/wordpress\/"},{"@type":"ListItem","position":2,"name":"Ergebnisse des G-Jugend Spieltages"}]},{"@type":"WebSite","@id":"https:\/\/tus.eschringen.de\/wordpress\/#website","url":"https:\/\/tus.eschringen.de\/wordpress\/","name":"TuS Eschringen","description":"","publisher":{"@id":"https:\/\/tus.eschringen.de\/wordpress\/#organization"},"potentialAction":[{"@type":"SearchAction","target":{"@type":"EntryPoint","urlTemplate":"https:\/\/tus.eschringen.de\/wordpress\/?s={search_term_string}"},"query-input":{"@type":"PropertyValueSpecification","valueRequired":true,"valueName":"search_term_string"}}],"inLanguage":"de"},{"@type":"Organization","@id":"https:\/\/tus.eschringen.de\/wordpress\/#organization","name":"TuS Eschringen","url":"https:\/\/tus.eschringen.de\/wordpress\/","logo":{"@type":"ImageObject","inLanguage":"de","@id":"https:\/\/tus.eschringen.de\/wordpress\/#\/schema\/logo\/image\/","url":"https:\/\/i0.wp.com\/tus.eschringen.de\/wordpress\/wp-content\/uploads\/2025\/07\/Web_kopf.jpg?fit=1260%2C240&ssl=1","contentUrl":"https:\/\/i0.wp.com\/tus.eschringen.de\/wordpress\/wp-content\/uploads\/2025\/07\/Web_kopf.jpg?fit=1260%2C240&ssl=1","width":1260,"height":240,"caption":"TuS Eschringen"},"image":{"@id":"https:\/\/tus.eschringen.de\/wordpress\/#\/schema\/logo\/image\/"},"sameAs":["https:\/\/www.facebook.com\/TuS.Eschringen\/","https:\/\/www.instagram.com\/tus.eschringen\/"]},{"@type":"Person","@id":"https:\/\/tus.eschringen.de\/wordpress\/#\/schema\/person\/40135b2a56d1e361a2ad54242e8338a1","name":"Stefan Vogelgesang","image":{"@type":"ImageObject","inLanguage":"de","@id":"https:\/\/secure.gravatar.com\/avatar\/5633e4c0de8771818b0e2f3c72ef14f79d7bfd1aa794c0c5b5c7e17fe9ee3caa?s=96&d=mm&r=g","url":"https:\/\/secure.gravatar.com\/avatar\/5633e4c0de8771818b0e2f3c72ef14f79d7bfd1aa794c0c5b5c7e17fe9ee3caa?s=96&d=mm&r=g","contentUrl":"https:\/\/secure.gravatar.com\/avatar\/5633e4c0de8771818b0e2f3c72ef14f79d7bfd1aa794c0c5b5c7e17fe9ee3caa?s=96&d=mm&r=g","caption":"Stefan Vogelgesang"},"url":"https:\/\/tus.eschringen.de\/wordpress\/author\/stefan-vogelgesang\/"}]}},"jetpack_featured_media_url":"","jetpack_sharing_enabled":true,"_links":{"self":[{"href":"https:\/\/tus.eschringen.de\/wordpress\/wp-json\/wp\/v2\/posts\/1720","targetHints":{"allow":["GET"]}}],"collection":[{"href":"https:\/\/tus.eschringen.de\/wordpress\/wp-json\/wp\/v2\/posts"}],"about":[{"href":"https:\/\/tus.eschringen.de\/wordpress\/wp-json\/wp\/v2\/types\/post"}],"author":[{"embeddable":true,"href":"https:\/\/tus.eschringen.de\/wordpress\/wp-json\/wp\/v2\/users\/1"}],"replies":[{"embeddable":true,"href":"https:\/\/tus.eschringen.de\/wordpress\/wp-json\/wp\/v2\/comments?post=1720"}],"version-history":[{"count":1,"href":"https:\/\/tus.eschringen.de\/wordpress\/wp-json\/wp\/v2\/posts\/1720\/revisions"}],"predecessor-version":[{"id":1721,"href":"https:\/\/tus.eschringen.de\/wordpress\/wp-json\/wp\/v2\/posts\/1720\/revisions\/1721"}],"wp:attachment":[{"href":"https:\/\/tus.eschringen.de\/wordpress\/wp-json\/wp\/v2\/media?parent=1720"}],"wp:term":[{"taxonomy":"category","embeddable":true,"href":"https:\/\/tus.eschringen.de\/wordpress\/wp-json\/wp\/v2\/categories?post=1720"},{"taxonomy":"post_tag","embeddable":true,"href":"https:\/\/tus.eschringen.de\/wordpress\/wp-json\/wp\/v2\/tags?post=1720"}],"curies":[{"name":"wp","href":"https:\/\/api.w.org\/{rel}","templated":true}]}}