{"id":1672,"date":"2018-09-05T23:46:34","date_gmt":"2018-09-05T21:46:34","guid":{"rendered":"http:\/\/tus.eschringen.de\/wordpress\/?p=1672"},"modified":"2018-09-05T23:46:38","modified_gmt":"2018-09-05T21:46:38","slug":"tus-eschringen-gleichzeitig-auf-unterschiedlichen-sportplaetzen","status":"publish","type":"post","link":"https:\/\/tus.eschringen.de\/wordpress\/tus-eschringen-gleichzeitig-auf-unterschiedlichen-sportplaetzen\/","title":{"rendered":"TuS Eschringen gleichzeitig auf unterschiedlichen Sportpl\u00e4tzen"},"content":{"rendered":"\n<p>Am\nSonntag, den 09.09.2018, um 15:00 Uhr, spielt der TuS Eschringen mit seiner 1.\nMannschaft in Friedrichsthal und mit seiner 2. Mannschaft zeitgleich beim AFC\nSaarbr\u00fccken. Ein Novum und eine ungl\u00fcckliche Konstellation, die unsere\nZuschauer dazu zwingt, sich f\u00fcr ein Spiel zu entscheiden.<\/p>\n\n\n\n<p>Nach\nvier Siegen in Folge geht es f\u00fcr die 1. Mannschaft darum, auch in Friedrichsthal zu punkten, um sich in der Spitzengruppe der\nBezirksliga zu etablieren. Der Gegner ist nicht zu untersch\u00e4tzen, blieb im\nbisherigen Saisonverlauf aber hinter den Erwartungen zur\u00fcck und findet sich\naktuell im Mittelfeld der Tabelle wieder. Um den Anschluss an die Spitze nicht komplett\nabrei\u00dfen zu lassen, muss der SC punkten. Unser Team hat auf dem Naturrasen also\nein schweres Spiel vor der Brust, in dem es alle Kr\u00e4fte zu mobilisieren gilt.\n\nUnsere 2. Mannschaft reist auf dem Braschenplatz\nzum AFC Saarbr\u00fccken, eine 1. Mannschaft, die auf dem sechsten Platz der\nKreisliga A Saarbr\u00fccken steht. Nach dem letztw\u00f6chigen Sieg gegen den\nTabellenf\u00fchrer Gersweiler III geht es darum, auf den Spitzenpl\u00e4tzen der Liga zu\nverbleiben und den niederlagenlosen Saisonstart weiter auszubauen.\n\n\n\n<\/p>\n","protected":false},"excerpt":{"rendered":"<p>Am Sonntag, den 09.09.2018, um 15:00 Uhr, spielt der TuS Eschringen mit seiner 1. Mannschaft in Friedrichsthal und mit seiner 2. Mannschaft zeitgleich beim AFC Saarbr\u00fccken. Ein Novum und eine ungl\u00fcckliche Konstellation, die unsere Zuschauer dazu zwingt, sich f\u00fcr ein Spiel zu entscheiden. Nach vier Siegen in Folge geht es f\u00fcr die 1. Mannschaft darum, &#8230; <\/p>\n<p class=\"read-more-container\"><a title=\"TuS Eschringen gleichzeitig auf unterschiedlichen Sportpl\u00e4tzen\" class=\"read-more button\" href=\"https:\/\/tus.eschringen.de\/wordpress\/tus-eschringen-gleichzeitig-auf-unterschiedlichen-sportplaetzen\/#more-1672\" aria-label=\"Mehr Informationen \u00fcber TuS Eschringen gleichzeitig auf unterschiedlichen Sportpl\u00e4tzen\">alles lesen<\/a><\/p>\n","protected":false},"author":1,"featured_media":0,"comment_status":"open","ping_status":"open","sticky":false,"template":"","format":"standard","meta":{"generate_page_header":"","_jetpack_memberships_contains_paid_content":false,"footnotes":""},"categories":[1],"tags":[],"class_list":["post-1672","post","type-post","status-publish","format-standard","hentry","category-allgemein"],"yoast_head":"<!-- This site is optimized with the Yoast SEO plugin v27.4 - https:\/\/yoast.com\/product\/yoast-seo-wordpress\/ -->\n<title>TuS Eschringen gleichzeitig auf unterschiedlichen Sportpl\u00e4tzen - TuS Eschringen<\/title>\n<meta name=\"robots\" content=\"index, follow, max-snippet:-1, max-image-preview:large, max-video-preview:-1\" \/>\n<link rel=\"canonical\" href=\"https:\/\/tus.eschringen.de\/wordpress\/tus-eschringen-gleichzeitig-auf-unterschiedlichen-sportplaetzen\/\" \/>\n<meta property=\"og:locale\" content=\"de_DE\" \/>\n<meta property=\"og:type\" content=\"article\" \/>\n<meta property=\"og:title\" content=\"TuS Eschringen gleichzeitig auf unterschiedlichen Sportpl\u00e4tzen - TuS Eschringen\" \/>\n<meta property=\"og:description\" content=\"Am Sonntag, den 09.09.2018, um 15:00 Uhr, spielt der TuS Eschringen mit seiner 1. Mannschaft in Friedrichsthal und mit seiner 2. Mannschaft zeitgleich beim AFC Saarbr\u00fccken. Ein Novum und eine ungl\u00fcckliche Konstellation, die unsere Zuschauer dazu zwingt, sich f\u00fcr ein Spiel zu entscheiden. Nach vier Siegen in Folge geht es f\u00fcr die 1. Mannschaft darum, ... alles lesen\" \/>\n<meta property=\"og:url\" content=\"https:\/\/tus.eschringen.de\/wordpress\/tus-eschringen-gleichzeitig-auf-unterschiedlichen-sportplaetzen\/\" \/>\n<meta property=\"og:site_name\" content=\"TuS Eschringen\" \/>\n<meta property=\"article:publisher\" content=\"https:\/\/www.facebook.com\/TuS.Eschringen\/\" \/>\n<meta property=\"article:published_time\" content=\"2018-09-05T21:46:34+00:00\" \/>\n<meta property=\"article:modified_time\" content=\"2018-09-05T21:46:38+00:00\" \/>\n<meta name=\"author\" content=\"Stefan Vogelgesang\" \/>\n<meta name=\"twitter:card\" content=\"summary_large_image\" \/>\n<meta name=\"twitter:label1\" content=\"Verfasst von\" \/>\n\t<meta name=\"twitter:data1\" content=\"Stefan Vogelgesang\" \/>\n\t<meta name=\"twitter:label2\" content=\"Gesch\u00e4tzte Lesezeit\" \/>\n\t<meta name=\"twitter:data2\" content=\"1\u00a0Minute\" \/>\n<script type=\"application\/ld+json\" class=\"yoast-schema-graph\">{\"@context\":\"https:\\\/\\\/schema.org\",\"@graph\":[{\"@type\":\"Article\",\"@id\":\"https:\\\/\\\/tus.eschringen.de\\\/wordpress\\\/tus-eschringen-gleichzeitig-auf-unterschiedlichen-sportplaetzen\\\/#article\",\"isPartOf\":{\"@id\":\"https:\\\/\\\/tus.eschringen.de\\\/wordpress\\\/tus-eschringen-gleichzeitig-auf-unterschiedlichen-sportplaetzen\\\/\"},\"author\":{\"name\":\"Stefan Vogelgesang\",\"@id\":\"https:\\\/\\\/tus.eschringen.de\\\/wordpress\\\/#\\\/schema\\\/person\\\/40135b2a56d1e361a2ad54242e8338a1\"},\"headline\":\"TuS Eschringen gleichzeitig auf unterschiedlichen Sportpl\u00e4tzen\",\"datePublished\":\"2018-09-05T21:46:34+00:00\",\"dateModified\":\"2018-09-05T21:46:38+00:00\",\"mainEntityOfPage\":{\"@id\":\"https:\\\/\\\/tus.eschringen.de\\\/wordpress\\\/tus-eschringen-gleichzeitig-auf-unterschiedlichen-sportplaetzen\\\/\"},\"wordCount\":190,\"commentCount\":0,\"publisher\":{\"@id\":\"https:\\\/\\\/tus.eschringen.de\\\/wordpress\\\/#organization\"},\"inLanguage\":\"de\",\"potentialAction\":[{\"@type\":\"CommentAction\",\"name\":\"Comment\",\"target\":[\"https:\\\/\\\/tus.eschringen.de\\\/wordpress\\\/tus-eschringen-gleichzeitig-auf-unterschiedlichen-sportplaetzen\\\/#respond\"]}]},{\"@type\":\"WebPage\",\"@id\":\"https:\\\/\\\/tus.eschringen.de\\\/wordpress\\\/tus-eschringen-gleichzeitig-auf-unterschiedlichen-sportplaetzen\\\/\",\"url\":\"https:\\\/\\\/tus.eschringen.de\\\/wordpress\\\/tus-eschringen-gleichzeitig-auf-unterschiedlichen-sportplaetzen\\\/\",\"name\":\"TuS Eschringen gleichzeitig auf unterschiedlichen Sportpl\u00e4tzen - TuS Eschringen\",\"isPartOf\":{\"@id\":\"https:\\\/\\\/tus.eschringen.de\\\/wordpress\\\/#website\"},\"datePublished\":\"2018-09-05T21:46:34+00:00\",\"dateModified\":\"2018-09-05T21:46:38+00:00\",\"breadcrumb\":{\"@id\":\"https:\\\/\\\/tus.eschringen.de\\\/wordpress\\\/tus-eschringen-gleichzeitig-auf-unterschiedlichen-sportplaetzen\\\/#breadcrumb\"},\"inLanguage\":\"de\",\"potentialAction\":[{\"@type\":\"ReadAction\",\"target\":[\"https:\\\/\\\/tus.eschringen.de\\\/wordpress\\\/tus-eschringen-gleichzeitig-auf-unterschiedlichen-sportplaetzen\\\/\"]}]},{\"@type\":\"BreadcrumbList\",\"@id\":\"https:\\\/\\\/tus.eschringen.de\\\/wordpress\\\/tus-eschringen-gleichzeitig-auf-unterschiedlichen-sportplaetzen\\\/#breadcrumb\",\"itemListElement\":[{\"@type\":\"ListItem\",\"position\":1,\"name\":\"Startseite\",\"item\":\"https:\\\/\\\/tus.eschringen.de\\\/wordpress\\\/\"},{\"@type\":\"ListItem\",\"position\":2,\"name\":\"TuS Eschringen gleichzeitig auf unterschiedlichen Sportpl\u00e4tzen\"}]},{\"@type\":\"WebSite\",\"@id\":\"https:\\\/\\\/tus.eschringen.de\\\/wordpress\\\/#website\",\"url\":\"https:\\\/\\\/tus.eschringen.de\\\/wordpress\\\/\",\"name\":\"TuS Eschringen\",\"description\":\"\",\"publisher\":{\"@id\":\"https:\\\/\\\/tus.eschringen.de\\\/wordpress\\\/#organization\"},\"potentialAction\":[{\"@type\":\"SearchAction\",\"target\":{\"@type\":\"EntryPoint\",\"urlTemplate\":\"https:\\\/\\\/tus.eschringen.de\\\/wordpress\\\/?s={search_term_string}\"},\"query-input\":{\"@type\":\"PropertyValueSpecification\",\"valueRequired\":true,\"valueName\":\"search_term_string\"}}],\"inLanguage\":\"de\"},{\"@type\":\"Organization\",\"@id\":\"https:\\\/\\\/tus.eschringen.de\\\/wordpress\\\/#organization\",\"name\":\"TuS Eschringen\",\"url\":\"https:\\\/\\\/tus.eschringen.de\\\/wordpress\\\/\",\"logo\":{\"@type\":\"ImageObject\",\"inLanguage\":\"de\",\"@id\":\"https:\\\/\\\/tus.eschringen.de\\\/wordpress\\\/#\\\/schema\\\/logo\\\/image\\\/\",\"url\":\"https:\\\/\\\/i0.wp.com\\\/tus.eschringen.de\\\/wordpress\\\/wp-content\\\/uploads\\\/2025\\\/07\\\/Web_kopf.jpg?fit=1260%2C240&ssl=1\",\"contentUrl\":\"https:\\\/\\\/i0.wp.com\\\/tus.eschringen.de\\\/wordpress\\\/wp-content\\\/uploads\\\/2025\\\/07\\\/Web_kopf.jpg?fit=1260%2C240&ssl=1\",\"width\":1260,\"height\":240,\"caption\":\"TuS Eschringen\"},\"image\":{\"@id\":\"https:\\\/\\\/tus.eschringen.de\\\/wordpress\\\/#\\\/schema\\\/logo\\\/image\\\/\"},\"sameAs\":[\"https:\\\/\\\/www.facebook.com\\\/TuS.Eschringen\\\/\",\"https:\\\/\\\/www.instagram.com\\\/tus.eschringen\\\/\"]},{\"@type\":\"Person\",\"@id\":\"https:\\\/\\\/tus.eschringen.de\\\/wordpress\\\/#\\\/schema\\\/person\\\/40135b2a56d1e361a2ad54242e8338a1\",\"name\":\"Stefan Vogelgesang\",\"image\":{\"@type\":\"ImageObject\",\"inLanguage\":\"de\",\"@id\":\"https:\\\/\\\/secure.gravatar.com\\\/avatar\\\/5633e4c0de8771818b0e2f3c72ef14f79d7bfd1aa794c0c5b5c7e17fe9ee3caa?s=96&d=mm&r=g\",\"url\":\"https:\\\/\\\/secure.gravatar.com\\\/avatar\\\/5633e4c0de8771818b0e2f3c72ef14f79d7bfd1aa794c0c5b5c7e17fe9ee3caa?s=96&d=mm&r=g\",\"contentUrl\":\"https:\\\/\\\/secure.gravatar.com\\\/avatar\\\/5633e4c0de8771818b0e2f3c72ef14f79d7bfd1aa794c0c5b5c7e17fe9ee3caa?s=96&d=mm&r=g\",\"caption\":\"Stefan Vogelgesang\"},\"url\":\"https:\\\/\\\/tus.eschringen.de\\\/wordpress\\\/author\\\/stefan-vogelgesang\\\/\"}]}<\/script>\n<!-- \/ Yoast SEO plugin. -->","yoast_head_json":{"title":"TuS Eschringen gleichzeitig auf unterschiedlichen Sportpl\u00e4tzen - TuS Eschringen","robots":{"index":"index","follow":"follow","max-snippet":"max-snippet:-1","max-image-preview":"max-image-preview:large","max-video-preview":"max-video-preview:-1"},"canonical":"https:\/\/tus.eschringen.de\/wordpress\/tus-eschringen-gleichzeitig-auf-unterschiedlichen-sportplaetzen\/","og_locale":"de_DE","og_type":"article","og_title":"TuS Eschringen gleichzeitig auf unterschiedlichen Sportpl\u00e4tzen - TuS Eschringen","og_description":"Am Sonntag, den 09.09.2018, um 15:00 Uhr, spielt der TuS Eschringen mit seiner 1. Mannschaft in Friedrichsthal und mit seiner 2. Mannschaft zeitgleich beim AFC Saarbr\u00fccken. Ein Novum und eine ungl\u00fcckliche Konstellation, die unsere Zuschauer dazu zwingt, sich f\u00fcr ein Spiel zu entscheiden. Nach vier Siegen in Folge geht es f\u00fcr die 1. Mannschaft darum, ... alles lesen","og_url":"https:\/\/tus.eschringen.de\/wordpress\/tus-eschringen-gleichzeitig-auf-unterschiedlichen-sportplaetzen\/","og_site_name":"TuS Eschringen","article_publisher":"https:\/\/www.facebook.com\/TuS.Eschringen\/","article_published_time":"2018-09-05T21:46:34+00:00","article_modified_time":"2018-09-05T21:46:38+00:00","author":"Stefan Vogelgesang","twitter_card":"summary_large_image","twitter_misc":{"Verfasst von":"Stefan Vogelgesang","Gesch\u00e4tzte Lesezeit":"1\u00a0Minute"},"schema":{"@context":"https:\/\/schema.org","@graph":[{"@type":"Article","@id":"https:\/\/tus.eschringen.de\/wordpress\/tus-eschringen-gleichzeitig-auf-unterschiedlichen-sportplaetzen\/#article","isPartOf":{"@id":"https:\/\/tus.eschringen.de\/wordpress\/tus-eschringen-gleichzeitig-auf-unterschiedlichen-sportplaetzen\/"},"author":{"name":"Stefan Vogelgesang","@id":"https:\/\/tus.eschringen.de\/wordpress\/#\/schema\/person\/40135b2a56d1e361a2ad54242e8338a1"},"headline":"TuS Eschringen gleichzeitig auf unterschiedlichen Sportpl\u00e4tzen","datePublished":"2018-09-05T21:46:34+00:00","dateModified":"2018-09-05T21:46:38+00:00","mainEntityOfPage":{"@id":"https:\/\/tus.eschringen.de\/wordpress\/tus-eschringen-gleichzeitig-auf-unterschiedlichen-sportplaetzen\/"},"wordCount":190,"commentCount":0,"publisher":{"@id":"https:\/\/tus.eschringen.de\/wordpress\/#organization"},"inLanguage":"de","potentialAction":[{"@type":"CommentAction","name":"Comment","target":["https:\/\/tus.eschringen.de\/wordpress\/tus-eschringen-gleichzeitig-auf-unterschiedlichen-sportplaetzen\/#respond"]}]},{"@type":"WebPage","@id":"https:\/\/tus.eschringen.de\/wordpress\/tus-eschringen-gleichzeitig-auf-unterschiedlichen-sportplaetzen\/","url":"https:\/\/tus.eschringen.de\/wordpress\/tus-eschringen-gleichzeitig-auf-unterschiedlichen-sportplaetzen\/","name":"TuS Eschringen gleichzeitig auf unterschiedlichen Sportpl\u00e4tzen - TuS Eschringen","isPartOf":{"@id":"https:\/\/tus.eschringen.de\/wordpress\/#website"},"datePublished":"2018-09-05T21:46:34+00:00","dateModified":"2018-09-05T21:46:38+00:00","breadcrumb":{"@id":"https:\/\/tus.eschringen.de\/wordpress\/tus-eschringen-gleichzeitig-auf-unterschiedlichen-sportplaetzen\/#breadcrumb"},"inLanguage":"de","potentialAction":[{"@type":"ReadAction","target":["https:\/\/tus.eschringen.de\/wordpress\/tus-eschringen-gleichzeitig-auf-unterschiedlichen-sportplaetzen\/"]}]},{"@type":"BreadcrumbList","@id":"https:\/\/tus.eschringen.de\/wordpress\/tus-eschringen-gleichzeitig-auf-unterschiedlichen-sportplaetzen\/#breadcrumb","itemListElement":[{"@type":"ListItem","position":1,"name":"Startseite","item":"https:\/\/tus.eschringen.de\/wordpress\/"},{"@type":"ListItem","position":2,"name":"TuS Eschringen gleichzeitig auf unterschiedlichen Sportpl\u00e4tzen"}]},{"@type":"WebSite","@id":"https:\/\/tus.eschringen.de\/wordpress\/#website","url":"https:\/\/tus.eschringen.de\/wordpress\/","name":"TuS Eschringen","description":"","publisher":{"@id":"https:\/\/tus.eschringen.de\/wordpress\/#organization"},"potentialAction":[{"@type":"SearchAction","target":{"@type":"EntryPoint","urlTemplate":"https:\/\/tus.eschringen.de\/wordpress\/?s={search_term_string}"},"query-input":{"@type":"PropertyValueSpecification","valueRequired":true,"valueName":"search_term_string"}}],"inLanguage":"de"},{"@type":"Organization","@id":"https:\/\/tus.eschringen.de\/wordpress\/#organization","name":"TuS Eschringen","url":"https:\/\/tus.eschringen.de\/wordpress\/","logo":{"@type":"ImageObject","inLanguage":"de","@id":"https:\/\/tus.eschringen.de\/wordpress\/#\/schema\/logo\/image\/","url":"https:\/\/i0.wp.com\/tus.eschringen.de\/wordpress\/wp-content\/uploads\/2025\/07\/Web_kopf.jpg?fit=1260%2C240&ssl=1","contentUrl":"https:\/\/i0.wp.com\/tus.eschringen.de\/wordpress\/wp-content\/uploads\/2025\/07\/Web_kopf.jpg?fit=1260%2C240&ssl=1","width":1260,"height":240,"caption":"TuS Eschringen"},"image":{"@id":"https:\/\/tus.eschringen.de\/wordpress\/#\/schema\/logo\/image\/"},"sameAs":["https:\/\/www.facebook.com\/TuS.Eschringen\/","https:\/\/www.instagram.com\/tus.eschringen\/"]},{"@type":"Person","@id":"https:\/\/tus.eschringen.de\/wordpress\/#\/schema\/person\/40135b2a56d1e361a2ad54242e8338a1","name":"Stefan Vogelgesang","image":{"@type":"ImageObject","inLanguage":"de","@id":"https:\/\/secure.gravatar.com\/avatar\/5633e4c0de8771818b0e2f3c72ef14f79d7bfd1aa794c0c5b5c7e17fe9ee3caa?s=96&d=mm&r=g","url":"https:\/\/secure.gravatar.com\/avatar\/5633e4c0de8771818b0e2f3c72ef14f79d7bfd1aa794c0c5b5c7e17fe9ee3caa?s=96&d=mm&r=g","contentUrl":"https:\/\/secure.gravatar.com\/avatar\/5633e4c0de8771818b0e2f3c72ef14f79d7bfd1aa794c0c5b5c7e17fe9ee3caa?s=96&d=mm&r=g","caption":"Stefan Vogelgesang"},"url":"https:\/\/tus.eschringen.de\/wordpress\/author\/stefan-vogelgesang\/"}]}},"jetpack_featured_media_url":"","jetpack_sharing_enabled":true,"_links":{"self":[{"href":"https:\/\/tus.eschringen.de\/wordpress\/wp-json\/wp\/v2\/posts\/1672","targetHints":{"allow":["GET"]}}],"collection":[{"href":"https:\/\/tus.eschringen.de\/wordpress\/wp-json\/wp\/v2\/posts"}],"about":[{"href":"https:\/\/tus.eschringen.de\/wordpress\/wp-json\/wp\/v2\/types\/post"}],"author":[{"embeddable":true,"href":"https:\/\/tus.eschringen.de\/wordpress\/wp-json\/wp\/v2\/users\/1"}],"replies":[{"embeddable":true,"href":"https:\/\/tus.eschringen.de\/wordpress\/wp-json\/wp\/v2\/comments?post=1672"}],"version-history":[{"count":1,"href":"https:\/\/tus.eschringen.de\/wordpress\/wp-json\/wp\/v2\/posts\/1672\/revisions"}],"predecessor-version":[{"id":1673,"href":"https:\/\/tus.eschringen.de\/wordpress\/wp-json\/wp\/v2\/posts\/1672\/revisions\/1673"}],"wp:attachment":[{"href":"https:\/\/tus.eschringen.de\/wordpress\/wp-json\/wp\/v2\/media?parent=1672"}],"wp:term":[{"taxonomy":"category","embeddable":true,"href":"https:\/\/tus.eschringen.de\/wordpress\/wp-json\/wp\/v2\/categories?post=1672"},{"taxonomy":"post_tag","embeddable":true,"href":"https:\/\/tus.eschringen.de\/wordpress\/wp-json\/wp\/v2\/tags?post=1672"}],"curies":[{"name":"wp","href":"https:\/\/api.w.org\/{rel}","templated":true}]}}