{"id":1635,"date":"2018-08-28T08:29:49","date_gmt":"2018-08-28T06:29:49","guid":{"rendered":"http:\/\/tus.eschringen.de\/wordpress\/?p=1635"},"modified":"2018-08-29T09:55:18","modified_gmt":"2018-08-29T07:55:18","slug":"tus-eschringen-zu-hause-gegen-gersweiler-iii-und-hanweiler","status":"publish","type":"post","link":"https:\/\/tus.eschringen.de\/wordpress\/tus-eschringen-zu-hause-gegen-gersweiler-iii-und-hanweiler\/","title":{"rendered":"TuS Eschringen zu Hause gegen Gersweiler III und Hanweiler"},"content":{"rendered":"\n<p>Am n\u00e4chsten Sonntag, den 02.09.2018, haben unsere Teams erneut Heimspiele und spielen erstmals in dieser Runde gegen zwei unterschiedliche Gegner. W\u00e4hrend unsere 1. Mannschaft gegen die bislang punktlosen Sportfreunde aus Hanweiler einem Pflichtsieg entgegensehen sollte, kann man bei der 2. Mannschaft von einem Spitzenspiel sprechen. Gegen den Tabellenf\u00fchrer Gersweiler III wird sich unser Team als Tabellendritter auf die Hinterf\u00fc\u00dfe stellen m\u00fcssen, um Stand halten zu k\u00f6nnen. Spielbeginn ist um 13:15 bzw. 15:00 Uhr.<\/p>\n","protected":false},"excerpt":{"rendered":"<p>Am n\u00e4chsten Sonntag, den 02.09.2018, haben unsere Teams erneut Heimspiele und spielen erstmals in dieser Runde gegen zwei unterschiedliche Gegner. W\u00e4hrend unsere 1. Mannschaft gegen die bislang punktlosen Sportfreunde aus Hanweiler einem Pflichtsieg entgegensehen sollte, kann man bei der 2. Mannschaft von einem Spitzenspiel sprechen. Gegen den Tabellenf\u00fchrer Gersweiler III wird sich unser Team als &#8230; <\/p>\n<p class=\"read-more-container\"><a title=\"TuS Eschringen zu Hause gegen Gersweiler III und Hanweiler\" class=\"read-more button\" href=\"https:\/\/tus.eschringen.de\/wordpress\/tus-eschringen-zu-hause-gegen-gersweiler-iii-und-hanweiler\/#more-1635\" aria-label=\"Mehr Informationen \u00fcber TuS Eschringen zu Hause gegen Gersweiler III und Hanweiler\">alles lesen<\/a><\/p>\n","protected":false},"author":1,"featured_media":0,"comment_status":"open","ping_status":"open","sticky":false,"template":"","format":"standard","meta":{"generate_page_header":"","_jetpack_memberships_contains_paid_content":false,"footnotes":""},"categories":[1],"tags":[],"class_list":["post-1635","post","type-post","status-publish","format-standard","hentry","category-allgemein"],"yoast_head":"<!-- This site is optimized with the Yoast SEO plugin v27.5 - https:\/\/yoast.com\/product\/yoast-seo-wordpress\/ -->\n<title>TuS Eschringen zu Hause gegen Gersweiler III und Hanweiler - TuS Eschringen<\/title>\n<meta name=\"robots\" content=\"index, follow, max-snippet:-1, max-image-preview:large, max-video-preview:-1\" \/>\n<link rel=\"canonical\" href=\"https:\/\/tus.eschringen.de\/wordpress\/tus-eschringen-zu-hause-gegen-gersweiler-iii-und-hanweiler\/\" \/>\n<meta property=\"og:locale\" content=\"de_DE\" \/>\n<meta property=\"og:type\" content=\"article\" \/>\n<meta property=\"og:title\" content=\"TuS Eschringen zu Hause gegen Gersweiler III und Hanweiler - TuS Eschringen\" \/>\n<meta property=\"og:description\" content=\"Am n\u00e4chsten Sonntag, den 02.09.2018, haben unsere Teams erneut Heimspiele und spielen erstmals in dieser Runde gegen zwei unterschiedliche Gegner. W\u00e4hrend unsere 1. Mannschaft gegen die bislang punktlosen Sportfreunde aus Hanweiler einem Pflichtsieg entgegensehen sollte, kann man bei der 2. Mannschaft von einem Spitzenspiel sprechen. Gegen den Tabellenf\u00fchrer Gersweiler III wird sich unser Team als ... alles lesen\" \/>\n<meta property=\"og:url\" content=\"https:\/\/tus.eschringen.de\/wordpress\/tus-eschringen-zu-hause-gegen-gersweiler-iii-und-hanweiler\/\" \/>\n<meta property=\"og:site_name\" content=\"TuS Eschringen\" \/>\n<meta property=\"article:publisher\" content=\"https:\/\/www.facebook.com\/TuS.Eschringen\/\" \/>\n<meta property=\"article:published_time\" content=\"2018-08-28T06:29:49+00:00\" \/>\n<meta property=\"article:modified_time\" content=\"2018-08-29T07:55:18+00:00\" \/>\n<meta name=\"author\" content=\"Stefan Vogelgesang\" \/>\n<meta name=\"twitter:card\" content=\"summary_large_image\" \/>\n<meta name=\"twitter:label1\" content=\"Verfasst von\" \/>\n\t<meta name=\"twitter:data1\" content=\"Stefan Vogelgesang\" \/>\n<script type=\"application\/ld+json\" class=\"yoast-schema-graph\">{\"@context\":\"https:\\\/\\\/schema.org\",\"@graph\":[{\"@type\":\"Article\",\"@id\":\"https:\\\/\\\/tus.eschringen.de\\\/wordpress\\\/tus-eschringen-zu-hause-gegen-gersweiler-iii-und-hanweiler\\\/#article\",\"isPartOf\":{\"@id\":\"https:\\\/\\\/tus.eschringen.de\\\/wordpress\\\/tus-eschringen-zu-hause-gegen-gersweiler-iii-und-hanweiler\\\/\"},\"author\":{\"name\":\"Stefan Vogelgesang\",\"@id\":\"https:\\\/\\\/tus.eschringen.de\\\/wordpress\\\/#\\\/schema\\\/person\\\/40135b2a56d1e361a2ad54242e8338a1\"},\"headline\":\"TuS Eschringen zu Hause gegen Gersweiler III und Hanweiler\",\"datePublished\":\"2018-08-28T06:29:49+00:00\",\"dateModified\":\"2018-08-29T07:55:18+00:00\",\"mainEntityOfPage\":{\"@id\":\"https:\\\/\\\/tus.eschringen.de\\\/wordpress\\\/tus-eschringen-zu-hause-gegen-gersweiler-iii-und-hanweiler\\\/\"},\"wordCount\":83,\"commentCount\":0,\"publisher\":{\"@id\":\"https:\\\/\\\/tus.eschringen.de\\\/wordpress\\\/#organization\"},\"inLanguage\":\"de\",\"potentialAction\":[{\"@type\":\"CommentAction\",\"name\":\"Comment\",\"target\":[\"https:\\\/\\\/tus.eschringen.de\\\/wordpress\\\/tus-eschringen-zu-hause-gegen-gersweiler-iii-und-hanweiler\\\/#respond\"]}]},{\"@type\":\"WebPage\",\"@id\":\"https:\\\/\\\/tus.eschringen.de\\\/wordpress\\\/tus-eschringen-zu-hause-gegen-gersweiler-iii-und-hanweiler\\\/\",\"url\":\"https:\\\/\\\/tus.eschringen.de\\\/wordpress\\\/tus-eschringen-zu-hause-gegen-gersweiler-iii-und-hanweiler\\\/\",\"name\":\"TuS Eschringen zu Hause gegen Gersweiler III und Hanweiler - TuS Eschringen\",\"isPartOf\":{\"@id\":\"https:\\\/\\\/tus.eschringen.de\\\/wordpress\\\/#website\"},\"datePublished\":\"2018-08-28T06:29:49+00:00\",\"dateModified\":\"2018-08-29T07:55:18+00:00\",\"breadcrumb\":{\"@id\":\"https:\\\/\\\/tus.eschringen.de\\\/wordpress\\\/tus-eschringen-zu-hause-gegen-gersweiler-iii-und-hanweiler\\\/#breadcrumb\"},\"inLanguage\":\"de\",\"potentialAction\":[{\"@type\":\"ReadAction\",\"target\":[\"https:\\\/\\\/tus.eschringen.de\\\/wordpress\\\/tus-eschringen-zu-hause-gegen-gersweiler-iii-und-hanweiler\\\/\"]}]},{\"@type\":\"BreadcrumbList\",\"@id\":\"https:\\\/\\\/tus.eschringen.de\\\/wordpress\\\/tus-eschringen-zu-hause-gegen-gersweiler-iii-und-hanweiler\\\/#breadcrumb\",\"itemListElement\":[{\"@type\":\"ListItem\",\"position\":1,\"name\":\"Startseite\",\"item\":\"https:\\\/\\\/tus.eschringen.de\\\/wordpress\\\/\"},{\"@type\":\"ListItem\",\"position\":2,\"name\":\"TuS Eschringen zu Hause gegen Gersweiler III und Hanweiler\"}]},{\"@type\":\"WebSite\",\"@id\":\"https:\\\/\\\/tus.eschringen.de\\\/wordpress\\\/#website\",\"url\":\"https:\\\/\\\/tus.eschringen.de\\\/wordpress\\\/\",\"name\":\"TuS Eschringen\",\"description\":\"\",\"publisher\":{\"@id\":\"https:\\\/\\\/tus.eschringen.de\\\/wordpress\\\/#organization\"},\"potentialAction\":[{\"@type\":\"SearchAction\",\"target\":{\"@type\":\"EntryPoint\",\"urlTemplate\":\"https:\\\/\\\/tus.eschringen.de\\\/wordpress\\\/?s={search_term_string}\"},\"query-input\":{\"@type\":\"PropertyValueSpecification\",\"valueRequired\":true,\"valueName\":\"search_term_string\"}}],\"inLanguage\":\"de\"},{\"@type\":\"Organization\",\"@id\":\"https:\\\/\\\/tus.eschringen.de\\\/wordpress\\\/#organization\",\"name\":\"TuS Eschringen\",\"url\":\"https:\\\/\\\/tus.eschringen.de\\\/wordpress\\\/\",\"logo\":{\"@type\":\"ImageObject\",\"inLanguage\":\"de\",\"@id\":\"https:\\\/\\\/tus.eschringen.de\\\/wordpress\\\/#\\\/schema\\\/logo\\\/image\\\/\",\"url\":\"https:\\\/\\\/i0.wp.com\\\/tus.eschringen.de\\\/wordpress\\\/wp-content\\\/uploads\\\/2025\\\/07\\\/Web_kopf.jpg?fit=1260%2C240&ssl=1\",\"contentUrl\":\"https:\\\/\\\/i0.wp.com\\\/tus.eschringen.de\\\/wordpress\\\/wp-content\\\/uploads\\\/2025\\\/07\\\/Web_kopf.jpg?fit=1260%2C240&ssl=1\",\"width\":1260,\"height\":240,\"caption\":\"TuS Eschringen\"},\"image\":{\"@id\":\"https:\\\/\\\/tus.eschringen.de\\\/wordpress\\\/#\\\/schema\\\/logo\\\/image\\\/\"},\"sameAs\":[\"https:\\\/\\\/www.facebook.com\\\/TuS.Eschringen\\\/\",\"https:\\\/\\\/www.instagram.com\\\/tus.eschringen\\\/\"]},{\"@type\":\"Person\",\"@id\":\"https:\\\/\\\/tus.eschringen.de\\\/wordpress\\\/#\\\/schema\\\/person\\\/40135b2a56d1e361a2ad54242e8338a1\",\"name\":\"Stefan Vogelgesang\",\"image\":{\"@type\":\"ImageObject\",\"inLanguage\":\"de\",\"@id\":\"https:\\\/\\\/secure.gravatar.com\\\/avatar\\\/5633e4c0de8771818b0e2f3c72ef14f79d7bfd1aa794c0c5b5c7e17fe9ee3caa?s=96&d=mm&r=g\",\"url\":\"https:\\\/\\\/secure.gravatar.com\\\/avatar\\\/5633e4c0de8771818b0e2f3c72ef14f79d7bfd1aa794c0c5b5c7e17fe9ee3caa?s=96&d=mm&r=g\",\"contentUrl\":\"https:\\\/\\\/secure.gravatar.com\\\/avatar\\\/5633e4c0de8771818b0e2f3c72ef14f79d7bfd1aa794c0c5b5c7e17fe9ee3caa?s=96&d=mm&r=g\",\"caption\":\"Stefan Vogelgesang\"},\"url\":\"https:\\\/\\\/tus.eschringen.de\\\/wordpress\\\/author\\\/stefan-vogelgesang\\\/\"}]}<\/script>\n<!-- \/ Yoast SEO plugin. -->","yoast_head_json":{"title":"TuS Eschringen zu Hause gegen Gersweiler III und Hanweiler - TuS Eschringen","robots":{"index":"index","follow":"follow","max-snippet":"max-snippet:-1","max-image-preview":"max-image-preview:large","max-video-preview":"max-video-preview:-1"},"canonical":"https:\/\/tus.eschringen.de\/wordpress\/tus-eschringen-zu-hause-gegen-gersweiler-iii-und-hanweiler\/","og_locale":"de_DE","og_type":"article","og_title":"TuS Eschringen zu Hause gegen Gersweiler III und Hanweiler - TuS Eschringen","og_description":"Am n\u00e4chsten Sonntag, den 02.09.2018, haben unsere Teams erneut Heimspiele und spielen erstmals in dieser Runde gegen zwei unterschiedliche Gegner. W\u00e4hrend unsere 1. Mannschaft gegen die bislang punktlosen Sportfreunde aus Hanweiler einem Pflichtsieg entgegensehen sollte, kann man bei der 2. Mannschaft von einem Spitzenspiel sprechen. Gegen den Tabellenf\u00fchrer Gersweiler III wird sich unser Team als ... alles lesen","og_url":"https:\/\/tus.eschringen.de\/wordpress\/tus-eschringen-zu-hause-gegen-gersweiler-iii-und-hanweiler\/","og_site_name":"TuS Eschringen","article_publisher":"https:\/\/www.facebook.com\/TuS.Eschringen\/","article_published_time":"2018-08-28T06:29:49+00:00","article_modified_time":"2018-08-29T07:55:18+00:00","author":"Stefan Vogelgesang","twitter_card":"summary_large_image","twitter_misc":{"Verfasst von":"Stefan Vogelgesang"},"schema":{"@context":"https:\/\/schema.org","@graph":[{"@type":"Article","@id":"https:\/\/tus.eschringen.de\/wordpress\/tus-eschringen-zu-hause-gegen-gersweiler-iii-und-hanweiler\/#article","isPartOf":{"@id":"https:\/\/tus.eschringen.de\/wordpress\/tus-eschringen-zu-hause-gegen-gersweiler-iii-und-hanweiler\/"},"author":{"name":"Stefan Vogelgesang","@id":"https:\/\/tus.eschringen.de\/wordpress\/#\/schema\/person\/40135b2a56d1e361a2ad54242e8338a1"},"headline":"TuS Eschringen zu Hause gegen Gersweiler III und Hanweiler","datePublished":"2018-08-28T06:29:49+00:00","dateModified":"2018-08-29T07:55:18+00:00","mainEntityOfPage":{"@id":"https:\/\/tus.eschringen.de\/wordpress\/tus-eschringen-zu-hause-gegen-gersweiler-iii-und-hanweiler\/"},"wordCount":83,"commentCount":0,"publisher":{"@id":"https:\/\/tus.eschringen.de\/wordpress\/#organization"},"inLanguage":"de","potentialAction":[{"@type":"CommentAction","name":"Comment","target":["https:\/\/tus.eschringen.de\/wordpress\/tus-eschringen-zu-hause-gegen-gersweiler-iii-und-hanweiler\/#respond"]}]},{"@type":"WebPage","@id":"https:\/\/tus.eschringen.de\/wordpress\/tus-eschringen-zu-hause-gegen-gersweiler-iii-und-hanweiler\/","url":"https:\/\/tus.eschringen.de\/wordpress\/tus-eschringen-zu-hause-gegen-gersweiler-iii-und-hanweiler\/","name":"TuS Eschringen zu Hause gegen Gersweiler III und Hanweiler - TuS Eschringen","isPartOf":{"@id":"https:\/\/tus.eschringen.de\/wordpress\/#website"},"datePublished":"2018-08-28T06:29:49+00:00","dateModified":"2018-08-29T07:55:18+00:00","breadcrumb":{"@id":"https:\/\/tus.eschringen.de\/wordpress\/tus-eschringen-zu-hause-gegen-gersweiler-iii-und-hanweiler\/#breadcrumb"},"inLanguage":"de","potentialAction":[{"@type":"ReadAction","target":["https:\/\/tus.eschringen.de\/wordpress\/tus-eschringen-zu-hause-gegen-gersweiler-iii-und-hanweiler\/"]}]},{"@type":"BreadcrumbList","@id":"https:\/\/tus.eschringen.de\/wordpress\/tus-eschringen-zu-hause-gegen-gersweiler-iii-und-hanweiler\/#breadcrumb","itemListElement":[{"@type":"ListItem","position":1,"name":"Startseite","item":"https:\/\/tus.eschringen.de\/wordpress\/"},{"@type":"ListItem","position":2,"name":"TuS Eschringen zu Hause gegen Gersweiler III und Hanweiler"}]},{"@type":"WebSite","@id":"https:\/\/tus.eschringen.de\/wordpress\/#website","url":"https:\/\/tus.eschringen.de\/wordpress\/","name":"TuS Eschringen","description":"","publisher":{"@id":"https:\/\/tus.eschringen.de\/wordpress\/#organization"},"potentialAction":[{"@type":"SearchAction","target":{"@type":"EntryPoint","urlTemplate":"https:\/\/tus.eschringen.de\/wordpress\/?s={search_term_string}"},"query-input":{"@type":"PropertyValueSpecification","valueRequired":true,"valueName":"search_term_string"}}],"inLanguage":"de"},{"@type":"Organization","@id":"https:\/\/tus.eschringen.de\/wordpress\/#organization","name":"TuS Eschringen","url":"https:\/\/tus.eschringen.de\/wordpress\/","logo":{"@type":"ImageObject","inLanguage":"de","@id":"https:\/\/tus.eschringen.de\/wordpress\/#\/schema\/logo\/image\/","url":"https:\/\/i0.wp.com\/tus.eschringen.de\/wordpress\/wp-content\/uploads\/2025\/07\/Web_kopf.jpg?fit=1260%2C240&ssl=1","contentUrl":"https:\/\/i0.wp.com\/tus.eschringen.de\/wordpress\/wp-content\/uploads\/2025\/07\/Web_kopf.jpg?fit=1260%2C240&ssl=1","width":1260,"height":240,"caption":"TuS Eschringen"},"image":{"@id":"https:\/\/tus.eschringen.de\/wordpress\/#\/schema\/logo\/image\/"},"sameAs":["https:\/\/www.facebook.com\/TuS.Eschringen\/","https:\/\/www.instagram.com\/tus.eschringen\/"]},{"@type":"Person","@id":"https:\/\/tus.eschringen.de\/wordpress\/#\/schema\/person\/40135b2a56d1e361a2ad54242e8338a1","name":"Stefan Vogelgesang","image":{"@type":"ImageObject","inLanguage":"de","@id":"https:\/\/secure.gravatar.com\/avatar\/5633e4c0de8771818b0e2f3c72ef14f79d7bfd1aa794c0c5b5c7e17fe9ee3caa?s=96&d=mm&r=g","url":"https:\/\/secure.gravatar.com\/avatar\/5633e4c0de8771818b0e2f3c72ef14f79d7bfd1aa794c0c5b5c7e17fe9ee3caa?s=96&d=mm&r=g","contentUrl":"https:\/\/secure.gravatar.com\/avatar\/5633e4c0de8771818b0e2f3c72ef14f79d7bfd1aa794c0c5b5c7e17fe9ee3caa?s=96&d=mm&r=g","caption":"Stefan Vogelgesang"},"url":"https:\/\/tus.eschringen.de\/wordpress\/author\/stefan-vogelgesang\/"}]}},"jetpack_featured_media_url":"","jetpack_sharing_enabled":true,"_links":{"self":[{"href":"https:\/\/tus.eschringen.de\/wordpress\/wp-json\/wp\/v2\/posts\/1635","targetHints":{"allow":["GET"]}}],"collection":[{"href":"https:\/\/tus.eschringen.de\/wordpress\/wp-json\/wp\/v2\/posts"}],"about":[{"href":"https:\/\/tus.eschringen.de\/wordpress\/wp-json\/wp\/v2\/types\/post"}],"author":[{"embeddable":true,"href":"https:\/\/tus.eschringen.de\/wordpress\/wp-json\/wp\/v2\/users\/1"}],"replies":[{"embeddable":true,"href":"https:\/\/tus.eschringen.de\/wordpress\/wp-json\/wp\/v2\/comments?post=1635"}],"version-history":[{"count":2,"href":"https:\/\/tus.eschringen.de\/wordpress\/wp-json\/wp\/v2\/posts\/1635\/revisions"}],"predecessor-version":[{"id":1650,"href":"https:\/\/tus.eschringen.de\/wordpress\/wp-json\/wp\/v2\/posts\/1635\/revisions\/1650"}],"wp:attachment":[{"href":"https:\/\/tus.eschringen.de\/wordpress\/wp-json\/wp\/v2\/media?parent=1635"}],"wp:term":[{"taxonomy":"category","embeddable":true,"href":"https:\/\/tus.eschringen.de\/wordpress\/wp-json\/wp\/v2\/categories?post=1635"},{"taxonomy":"post_tag","embeddable":true,"href":"https:\/\/tus.eschringen.de\/wordpress\/wp-json\/wp\/v2\/tags?post=1635"}],"curies":[{"name":"wp","href":"https:\/\/api.w.org\/{rel}","templated":true}]}}