{"id":1100,"date":"2017-11-29T08:12:27","date_gmt":"2017-11-29T07:12:27","guid":{"rendered":"http:\/\/tus.eschringen.de\/wordpress\/?p=1100"},"modified":"2017-11-29T08:12:27","modified_gmt":"2017-11-29T07:12:27","slug":"tus-blaest-zum-letzten-halali-in-2017","status":"publish","type":"post","link":"https:\/\/tus.eschringen.de\/wordpress\/tus-blaest-zum-letzten-halali-in-2017\/","title":{"rendered":"TuS bl\u00e4st zum letzten Halali in 2017"},"content":{"rendered":"<p>Im letzten Spiel des Jahres 2017geht es f\u00fcr unsere 1. Mannschaft darum, eine hervorragende erste Saisonh\u00e4lfte erfolgreich abzuschlie\u00dfen. Gespielt wird beim AFC Saarbr\u00fccken, dem Tabellendreizehnten. Erster gegen Dreizehnter, was soll da schon passieren, zumal man bereits das Hinspiel mit sage und schreibe 8:1 gewann. Doch Vorsicht ist geboten, denn uns erwartet auf der Folsterh\u00f6he ein Braschenplatz und eine Heimmannschaft, die sich gegen\u00fcber der Vorrunde gesteigert hat. So verlor der AFC das letzte Ausw\u00e4rtsspiel beim SV Schafbr\u00fccke lediglich mit 4:5 und das letzte Heimspiel gegen den FC Rastpfuhl II mit 1:3. Doch auch unser Team hat die hohen H\u00fcrden in Scheidt mit 1:0 und zu Hause gegen G\u00fcdingen mit 4:0 hervorragend gemeistert. Auch wenn man den Tag nicht vor dem Abend loben sollte, so ist unsere Elf doch eindeutiger Favorit. Noch einmal zusammenrei\u00dfen, noch einmal den Fokus am Wochenende voll auf das Meisterschaftsspiel und man geht mit mindestens sechs Punkten Vorsprung ins Jahr 2018. Also Jungs, lasst es noch einmal krachen! Spielbeginn ist 14:30 Uhr.<\/p>\n<p>Da der AFC nur \u00fcber eine 1. Mannschaft verf\u00fcgt, ist unsere Zweite spielfrei.<\/p>\n","protected":false},"excerpt":{"rendered":"<p>Im letzten Spiel des Jahres 2017geht es f\u00fcr unsere 1. Mannschaft darum, eine hervorragende erste Saisonh\u00e4lfte erfolgreich abzuschlie\u00dfen. Gespielt wird beim AFC Saarbr\u00fccken, dem Tabellendreizehnten. Erster gegen Dreizehnter, was soll da schon passieren, zumal man bereits das Hinspiel mit sage und schreibe 8:1 gewann. Doch Vorsicht ist geboten, denn uns erwartet auf der Folsterh\u00f6he ein &#8230; <\/p>\n<p class=\"read-more-container\"><a title=\"TuS bl\u00e4st zum letzten Halali in 2017\" class=\"read-more button\" href=\"https:\/\/tus.eschringen.de\/wordpress\/tus-blaest-zum-letzten-halali-in-2017\/#more-1100\" aria-label=\"Mehr Informationen \u00fcber TuS bl\u00e4st zum letzten Halali in 2017\">alles lesen<\/a><\/p>\n","protected":false},"author":1,"featured_media":0,"comment_status":"open","ping_status":"open","sticky":false,"template":"","format":"standard","meta":{"generate_page_header":"","_jetpack_memberships_contains_paid_content":false,"footnotes":""},"categories":[1],"tags":[],"class_list":["post-1100","post","type-post","status-publish","format-standard","hentry","category-allgemein"],"yoast_head":"<!-- This site is optimized with the Yoast SEO plugin v27.4 - https:\/\/yoast.com\/product\/yoast-seo-wordpress\/ -->\n<title>TuS bl\u00e4st zum letzten Halali in 2017 - TuS Eschringen<\/title>\n<meta name=\"robots\" content=\"index, follow, max-snippet:-1, max-image-preview:large, max-video-preview:-1\" \/>\n<link rel=\"canonical\" href=\"https:\/\/tus.eschringen.de\/wordpress\/tus-blaest-zum-letzten-halali-in-2017\/\" \/>\n<meta property=\"og:locale\" content=\"de_DE\" \/>\n<meta property=\"og:type\" content=\"article\" \/>\n<meta property=\"og:title\" content=\"TuS bl\u00e4st zum letzten Halali in 2017 - TuS Eschringen\" \/>\n<meta property=\"og:description\" content=\"Im letzten Spiel des Jahres 2017geht es f\u00fcr unsere 1. Mannschaft darum, eine hervorragende erste Saisonh\u00e4lfte erfolgreich abzuschlie\u00dfen. Gespielt wird beim AFC Saarbr\u00fccken, dem Tabellendreizehnten. Erster gegen Dreizehnter, was soll da schon passieren, zumal man bereits das Hinspiel mit sage und schreibe 8:1 gewann. Doch Vorsicht ist geboten, denn uns erwartet auf der Folsterh\u00f6he ein ... alles lesen\" \/>\n<meta property=\"og:url\" content=\"https:\/\/tus.eschringen.de\/wordpress\/tus-blaest-zum-letzten-halali-in-2017\/\" \/>\n<meta property=\"og:site_name\" content=\"TuS Eschringen\" \/>\n<meta property=\"article:publisher\" content=\"https:\/\/www.facebook.com\/TuS.Eschringen\/\" \/>\n<meta property=\"article:published_time\" content=\"2017-11-29T07:12:27+00:00\" \/>\n<meta name=\"author\" content=\"Stefan Vogelgesang\" \/>\n<meta name=\"twitter:card\" content=\"summary_large_image\" \/>\n<meta name=\"twitter:label1\" content=\"Verfasst von\" \/>\n\t<meta name=\"twitter:data1\" content=\"Stefan Vogelgesang\" \/>\n\t<meta name=\"twitter:label2\" content=\"Gesch\u00e4tzte Lesezeit\" \/>\n\t<meta name=\"twitter:data2\" content=\"1\u00a0Minute\" \/>\n<script type=\"application\/ld+json\" class=\"yoast-schema-graph\">{\"@context\":\"https:\\\/\\\/schema.org\",\"@graph\":[{\"@type\":\"Article\",\"@id\":\"https:\\\/\\\/tus.eschringen.de\\\/wordpress\\\/tus-blaest-zum-letzten-halali-in-2017\\\/#article\",\"isPartOf\":{\"@id\":\"https:\\\/\\\/tus.eschringen.de\\\/wordpress\\\/tus-blaest-zum-letzten-halali-in-2017\\\/\"},\"author\":{\"name\":\"Stefan Vogelgesang\",\"@id\":\"https:\\\/\\\/tus.eschringen.de\\\/wordpress\\\/#\\\/schema\\\/person\\\/40135b2a56d1e361a2ad54242e8338a1\"},\"headline\":\"TuS bl\u00e4st zum letzten Halali in 2017\",\"datePublished\":\"2017-11-29T07:12:27+00:00\",\"mainEntityOfPage\":{\"@id\":\"https:\\\/\\\/tus.eschringen.de\\\/wordpress\\\/tus-blaest-zum-letzten-halali-in-2017\\\/\"},\"wordCount\":187,\"commentCount\":0,\"publisher\":{\"@id\":\"https:\\\/\\\/tus.eschringen.de\\\/wordpress\\\/#organization\"},\"inLanguage\":\"de\",\"potentialAction\":[{\"@type\":\"CommentAction\",\"name\":\"Comment\",\"target\":[\"https:\\\/\\\/tus.eschringen.de\\\/wordpress\\\/tus-blaest-zum-letzten-halali-in-2017\\\/#respond\"]}]},{\"@type\":\"WebPage\",\"@id\":\"https:\\\/\\\/tus.eschringen.de\\\/wordpress\\\/tus-blaest-zum-letzten-halali-in-2017\\\/\",\"url\":\"https:\\\/\\\/tus.eschringen.de\\\/wordpress\\\/tus-blaest-zum-letzten-halali-in-2017\\\/\",\"name\":\"TuS bl\u00e4st zum letzten Halali in 2017 - TuS Eschringen\",\"isPartOf\":{\"@id\":\"https:\\\/\\\/tus.eschringen.de\\\/wordpress\\\/#website\"},\"datePublished\":\"2017-11-29T07:12:27+00:00\",\"breadcrumb\":{\"@id\":\"https:\\\/\\\/tus.eschringen.de\\\/wordpress\\\/tus-blaest-zum-letzten-halali-in-2017\\\/#breadcrumb\"},\"inLanguage\":\"de\",\"potentialAction\":[{\"@type\":\"ReadAction\",\"target\":[\"https:\\\/\\\/tus.eschringen.de\\\/wordpress\\\/tus-blaest-zum-letzten-halali-in-2017\\\/\"]}]},{\"@type\":\"BreadcrumbList\",\"@id\":\"https:\\\/\\\/tus.eschringen.de\\\/wordpress\\\/tus-blaest-zum-letzten-halali-in-2017\\\/#breadcrumb\",\"itemListElement\":[{\"@type\":\"ListItem\",\"position\":1,\"name\":\"Startseite\",\"item\":\"https:\\\/\\\/tus.eschringen.de\\\/wordpress\\\/\"},{\"@type\":\"ListItem\",\"position\":2,\"name\":\"TuS bl\u00e4st zum letzten Halali in 2017\"}]},{\"@type\":\"WebSite\",\"@id\":\"https:\\\/\\\/tus.eschringen.de\\\/wordpress\\\/#website\",\"url\":\"https:\\\/\\\/tus.eschringen.de\\\/wordpress\\\/\",\"name\":\"TuS Eschringen\",\"description\":\"\",\"publisher\":{\"@id\":\"https:\\\/\\\/tus.eschringen.de\\\/wordpress\\\/#organization\"},\"potentialAction\":[{\"@type\":\"SearchAction\",\"target\":{\"@type\":\"EntryPoint\",\"urlTemplate\":\"https:\\\/\\\/tus.eschringen.de\\\/wordpress\\\/?s={search_term_string}\"},\"query-input\":{\"@type\":\"PropertyValueSpecification\",\"valueRequired\":true,\"valueName\":\"search_term_string\"}}],\"inLanguage\":\"de\"},{\"@type\":\"Organization\",\"@id\":\"https:\\\/\\\/tus.eschringen.de\\\/wordpress\\\/#organization\",\"name\":\"TuS Eschringen\",\"url\":\"https:\\\/\\\/tus.eschringen.de\\\/wordpress\\\/\",\"logo\":{\"@type\":\"ImageObject\",\"inLanguage\":\"de\",\"@id\":\"https:\\\/\\\/tus.eschringen.de\\\/wordpress\\\/#\\\/schema\\\/logo\\\/image\\\/\",\"url\":\"https:\\\/\\\/i0.wp.com\\\/tus.eschringen.de\\\/wordpress\\\/wp-content\\\/uploads\\\/2025\\\/07\\\/Web_kopf.jpg?fit=1260%2C240&ssl=1\",\"contentUrl\":\"https:\\\/\\\/i0.wp.com\\\/tus.eschringen.de\\\/wordpress\\\/wp-content\\\/uploads\\\/2025\\\/07\\\/Web_kopf.jpg?fit=1260%2C240&ssl=1\",\"width\":1260,\"height\":240,\"caption\":\"TuS Eschringen\"},\"image\":{\"@id\":\"https:\\\/\\\/tus.eschringen.de\\\/wordpress\\\/#\\\/schema\\\/logo\\\/image\\\/\"},\"sameAs\":[\"https:\\\/\\\/www.facebook.com\\\/TuS.Eschringen\\\/\",\"https:\\\/\\\/www.instagram.com\\\/tus.eschringen\\\/\"]},{\"@type\":\"Person\",\"@id\":\"https:\\\/\\\/tus.eschringen.de\\\/wordpress\\\/#\\\/schema\\\/person\\\/40135b2a56d1e361a2ad54242e8338a1\",\"name\":\"Stefan Vogelgesang\",\"image\":{\"@type\":\"ImageObject\",\"inLanguage\":\"de\",\"@id\":\"https:\\\/\\\/secure.gravatar.com\\\/avatar\\\/5633e4c0de8771818b0e2f3c72ef14f79d7bfd1aa794c0c5b5c7e17fe9ee3caa?s=96&d=mm&r=g\",\"url\":\"https:\\\/\\\/secure.gravatar.com\\\/avatar\\\/5633e4c0de8771818b0e2f3c72ef14f79d7bfd1aa794c0c5b5c7e17fe9ee3caa?s=96&d=mm&r=g\",\"contentUrl\":\"https:\\\/\\\/secure.gravatar.com\\\/avatar\\\/5633e4c0de8771818b0e2f3c72ef14f79d7bfd1aa794c0c5b5c7e17fe9ee3caa?s=96&d=mm&r=g\",\"caption\":\"Stefan Vogelgesang\"},\"url\":\"https:\\\/\\\/tus.eschringen.de\\\/wordpress\\\/author\\\/stefan-vogelgesang\\\/\"}]}<\/script>\n<!-- \/ Yoast SEO plugin. -->","yoast_head_json":{"title":"TuS bl\u00e4st zum letzten Halali in 2017 - TuS Eschringen","robots":{"index":"index","follow":"follow","max-snippet":"max-snippet:-1","max-image-preview":"max-image-preview:large","max-video-preview":"max-video-preview:-1"},"canonical":"https:\/\/tus.eschringen.de\/wordpress\/tus-blaest-zum-letzten-halali-in-2017\/","og_locale":"de_DE","og_type":"article","og_title":"TuS bl\u00e4st zum letzten Halali in 2017 - TuS Eschringen","og_description":"Im letzten Spiel des Jahres 2017geht es f\u00fcr unsere 1. Mannschaft darum, eine hervorragende erste Saisonh\u00e4lfte erfolgreich abzuschlie\u00dfen. Gespielt wird beim AFC Saarbr\u00fccken, dem Tabellendreizehnten. Erster gegen Dreizehnter, was soll da schon passieren, zumal man bereits das Hinspiel mit sage und schreibe 8:1 gewann. Doch Vorsicht ist geboten, denn uns erwartet auf der Folsterh\u00f6he ein ... alles lesen","og_url":"https:\/\/tus.eschringen.de\/wordpress\/tus-blaest-zum-letzten-halali-in-2017\/","og_site_name":"TuS Eschringen","article_publisher":"https:\/\/www.facebook.com\/TuS.Eschringen\/","article_published_time":"2017-11-29T07:12:27+00:00","author":"Stefan Vogelgesang","twitter_card":"summary_large_image","twitter_misc":{"Verfasst von":"Stefan Vogelgesang","Gesch\u00e4tzte Lesezeit":"1\u00a0Minute"},"schema":{"@context":"https:\/\/schema.org","@graph":[{"@type":"Article","@id":"https:\/\/tus.eschringen.de\/wordpress\/tus-blaest-zum-letzten-halali-in-2017\/#article","isPartOf":{"@id":"https:\/\/tus.eschringen.de\/wordpress\/tus-blaest-zum-letzten-halali-in-2017\/"},"author":{"name":"Stefan Vogelgesang","@id":"https:\/\/tus.eschringen.de\/wordpress\/#\/schema\/person\/40135b2a56d1e361a2ad54242e8338a1"},"headline":"TuS bl\u00e4st zum letzten Halali in 2017","datePublished":"2017-11-29T07:12:27+00:00","mainEntityOfPage":{"@id":"https:\/\/tus.eschringen.de\/wordpress\/tus-blaest-zum-letzten-halali-in-2017\/"},"wordCount":187,"commentCount":0,"publisher":{"@id":"https:\/\/tus.eschringen.de\/wordpress\/#organization"},"inLanguage":"de","potentialAction":[{"@type":"CommentAction","name":"Comment","target":["https:\/\/tus.eschringen.de\/wordpress\/tus-blaest-zum-letzten-halali-in-2017\/#respond"]}]},{"@type":"WebPage","@id":"https:\/\/tus.eschringen.de\/wordpress\/tus-blaest-zum-letzten-halali-in-2017\/","url":"https:\/\/tus.eschringen.de\/wordpress\/tus-blaest-zum-letzten-halali-in-2017\/","name":"TuS bl\u00e4st zum letzten Halali in 2017 - TuS Eschringen","isPartOf":{"@id":"https:\/\/tus.eschringen.de\/wordpress\/#website"},"datePublished":"2017-11-29T07:12:27+00:00","breadcrumb":{"@id":"https:\/\/tus.eschringen.de\/wordpress\/tus-blaest-zum-letzten-halali-in-2017\/#breadcrumb"},"inLanguage":"de","potentialAction":[{"@type":"ReadAction","target":["https:\/\/tus.eschringen.de\/wordpress\/tus-blaest-zum-letzten-halali-in-2017\/"]}]},{"@type":"BreadcrumbList","@id":"https:\/\/tus.eschringen.de\/wordpress\/tus-blaest-zum-letzten-halali-in-2017\/#breadcrumb","itemListElement":[{"@type":"ListItem","position":1,"name":"Startseite","item":"https:\/\/tus.eschringen.de\/wordpress\/"},{"@type":"ListItem","position":2,"name":"TuS bl\u00e4st zum letzten Halali in 2017"}]},{"@type":"WebSite","@id":"https:\/\/tus.eschringen.de\/wordpress\/#website","url":"https:\/\/tus.eschringen.de\/wordpress\/","name":"TuS Eschringen","description":"","publisher":{"@id":"https:\/\/tus.eschringen.de\/wordpress\/#organization"},"potentialAction":[{"@type":"SearchAction","target":{"@type":"EntryPoint","urlTemplate":"https:\/\/tus.eschringen.de\/wordpress\/?s={search_term_string}"},"query-input":{"@type":"PropertyValueSpecification","valueRequired":true,"valueName":"search_term_string"}}],"inLanguage":"de"},{"@type":"Organization","@id":"https:\/\/tus.eschringen.de\/wordpress\/#organization","name":"TuS Eschringen","url":"https:\/\/tus.eschringen.de\/wordpress\/","logo":{"@type":"ImageObject","inLanguage":"de","@id":"https:\/\/tus.eschringen.de\/wordpress\/#\/schema\/logo\/image\/","url":"https:\/\/i0.wp.com\/tus.eschringen.de\/wordpress\/wp-content\/uploads\/2025\/07\/Web_kopf.jpg?fit=1260%2C240&ssl=1","contentUrl":"https:\/\/i0.wp.com\/tus.eschringen.de\/wordpress\/wp-content\/uploads\/2025\/07\/Web_kopf.jpg?fit=1260%2C240&ssl=1","width":1260,"height":240,"caption":"TuS Eschringen"},"image":{"@id":"https:\/\/tus.eschringen.de\/wordpress\/#\/schema\/logo\/image\/"},"sameAs":["https:\/\/www.facebook.com\/TuS.Eschringen\/","https:\/\/www.instagram.com\/tus.eschringen\/"]},{"@type":"Person","@id":"https:\/\/tus.eschringen.de\/wordpress\/#\/schema\/person\/40135b2a56d1e361a2ad54242e8338a1","name":"Stefan Vogelgesang","image":{"@type":"ImageObject","inLanguage":"de","@id":"https:\/\/secure.gravatar.com\/avatar\/5633e4c0de8771818b0e2f3c72ef14f79d7bfd1aa794c0c5b5c7e17fe9ee3caa?s=96&d=mm&r=g","url":"https:\/\/secure.gravatar.com\/avatar\/5633e4c0de8771818b0e2f3c72ef14f79d7bfd1aa794c0c5b5c7e17fe9ee3caa?s=96&d=mm&r=g","contentUrl":"https:\/\/secure.gravatar.com\/avatar\/5633e4c0de8771818b0e2f3c72ef14f79d7bfd1aa794c0c5b5c7e17fe9ee3caa?s=96&d=mm&r=g","caption":"Stefan Vogelgesang"},"url":"https:\/\/tus.eschringen.de\/wordpress\/author\/stefan-vogelgesang\/"}]}},"jetpack_featured_media_url":"","jetpack_sharing_enabled":true,"_links":{"self":[{"href":"https:\/\/tus.eschringen.de\/wordpress\/wp-json\/wp\/v2\/posts\/1100","targetHints":{"allow":["GET"]}}],"collection":[{"href":"https:\/\/tus.eschringen.de\/wordpress\/wp-json\/wp\/v2\/posts"}],"about":[{"href":"https:\/\/tus.eschringen.de\/wordpress\/wp-json\/wp\/v2\/types\/post"}],"author":[{"embeddable":true,"href":"https:\/\/tus.eschringen.de\/wordpress\/wp-json\/wp\/v2\/users\/1"}],"replies":[{"embeddable":true,"href":"https:\/\/tus.eschringen.de\/wordpress\/wp-json\/wp\/v2\/comments?post=1100"}],"version-history":[{"count":1,"href":"https:\/\/tus.eschringen.de\/wordpress\/wp-json\/wp\/v2\/posts\/1100\/revisions"}],"predecessor-version":[{"id":1101,"href":"https:\/\/tus.eschringen.de\/wordpress\/wp-json\/wp\/v2\/posts\/1100\/revisions\/1101"}],"wp:attachment":[{"href":"https:\/\/tus.eschringen.de\/wordpress\/wp-json\/wp\/v2\/media?parent=1100"}],"wp:term":[{"taxonomy":"category","embeddable":true,"href":"https:\/\/tus.eschringen.de\/wordpress\/wp-json\/wp\/v2\/categories?post=1100"},{"taxonomy":"post_tag","embeddable":true,"href":"https:\/\/tus.eschringen.de\/wordpress\/wp-json\/wp\/v2\/tags?post=1100"}],"curies":[{"name":"wp","href":"https:\/\/api.w.org\/{rel}","templated":true}]}}